{"id":9973,"date":"2023-02-22T14:01:34","date_gmt":"2023-02-22T13:01:34","guid":{"rendered":"https:\/\/qkll.gov.al\/?p=9973"},"modified":"2023-03-01T13:48:25","modified_gmt":"2023-03-01T12:48:25","slug":"shpallja-e-vitit-2023-viti-i-petro-markos","status":"publish","type":"post","link":"https:\/\/qkll.gov.al\/?p=9973","title":{"rendered":"Shpallja e vitit 2023 &#8211; viti i Petro Markos"},"content":{"rendered":"<div dir=\"auto\">Viti 2023 do t\u00eb jet\u00eb viti i Petro Markos.<\/div>\n<div dir=\"auto\">Bashk\u00eb me Bibliotek\u00ebn Komb\u00ebtare t\u00eb Shqip\u00ebris\u00eb, familjen e shkrimtarit, p\u00ebrgjat\u00eb k\u00ebtij viti do t\u00eb nderojm\u00eb kontributin e tij n\u00eb letrat shqipe, p\u00ebrmes aktiviteve t\u00eb ndryshme, leximeve, konferencave, ekspozitave, botimeve n\u00eb Shqip\u00ebri dhe Kosov\u00eb.<\/div>\n<div dir=\"auto\"><\/div>\n<div dir=\"auto\">N\u00eb vitet 1950 &#8211; 1960, Petro Marko ishte romancieri m\u00eb popullor dhe vazhdoi t\u00eb ishte nd\u00ebr m\u00eb popullor\u00ebt, edhe kur romanet e tij ishin mbyllur n\u00eb biblioteka si t\u00eb pap\u00ebrshtatshme. Koha e leximit t\u00eb tyre, p\u00ebr shkak t\u00eb shnd\u00ebrrimeve rr\u00ebnj\u00ebsore t\u00eb horizontit t\u00eb pritjes, \u00ebsht\u00eb e ndar\u00eb n\u00eb dy periudha: me censur\u00eb dhe pa censur\u00eb.<\/div>\n<div dir=\"auto\"><\/div>\n<div dir=\"auto\">Nj\u00eb personazh i r\u00ebnd\u00ebsish\u00ebm i historis\u00eb son\u00eb letrare. Fati i familjes Marko \u00ebsht\u00eb ndoshta nga m\u00eb tragjik\u00ebt n\u00eb historin\u00eb e shkrimtar\u00ebve t\u00eb ish-vendeve komuniste, q\u00eb do t\u00eb na kujtoj\u00eb gjithnj\u00eb raportin q\u00eb diktaturat pat\u00ebn me let\u00ebrsin\u00eb.<\/div>\n<div dir=\"auto\"><\/div>\n<div dir=\"auto\"><a href=\"https:\/\/qkll.gov.al\/wp-content\/uploads\/2023\/02\/332745943_575260227996960_7723932210801012331_n.jpg\"><img decoding=\"async\" class=\"alignleft size-thumbnail wp-image-9974\" src=\"https:\/\/qkll.gov.al\/wp-content\/uploads\/2023\/02\/332745943_575260227996960_7723932210801012331_n-150x150.jpg\" alt=\"\" width=\"150\" height=\"150\" \/><\/a> <a href=\"https:\/\/qkll.gov.al\/wp-content\/uploads\/2023\/02\/332805790_5356524641114886_6222625771098142349_n.jpg\"><img decoding=\"async\" class=\"alignleft size-thumbnail wp-image-9975\" src=\"https:\/\/qkll.gov.al\/wp-content\/uploads\/2023\/02\/332805790_5356524641114886_6222625771098142349_n-150x150.jpg\" alt=\"\" width=\"150\" height=\"150\" \/><\/a> <a href=\"https:\/\/qkll.gov.al\/wp-content\/uploads\/2023\/02\/332812510_722332302881305_8396955567086682603_n.jpg\"><img decoding=\"async\" class=\"alignleft size-thumbnail wp-image-9976\" src=\"https:\/\/qkll.gov.al\/wp-content\/uploads\/2023\/02\/332812510_722332302881305_8396955567086682603_n-150x150.jpg\" alt=\"\" width=\"150\" height=\"150\" \/><\/a> <a href=\"https:\/\/qkll.gov.al\/wp-content\/uploads\/2023\/02\/333023741_886526085939796_3961440522602957523_n.jpg\"><img loading=\"lazy\" decoding=\"async\" class=\"alignleft size-thumbnail wp-image-9977\" src=\"https:\/\/qkll.gov.al\/wp-content\/uploads\/2023\/02\/333023741_886526085939796_3961440522602957523_n-150x150.jpg\" alt=\"\" width=\"150\" height=\"150\" \/><\/a><\/div>\n","protected":false},"excerpt":{"rendered":"<p>Viti 2023 do t\u00eb jet\u00eb viti i Petro Markos. Bashk\u00eb me Bibliotek\u00ebn Komb\u00ebtare t\u00eb Shqip\u00ebris\u00eb, familjen e shkrimtarit, p\u00ebrgjat\u00eb k\u00ebtij viti do t\u00eb nderojm\u00eb kontributin e tij n\u00eb letrat shqipe, p\u00ebrmes aktiviteve t\u00eb ndryshme, leximeve, konferencave, ekspozitave, botimeve n\u00eb Shqip\u00ebri dhe Kosov\u00eb. N\u00eb vitet 1950 &#8211; 1960, Petro Marko ishte romancieri m\u00eb popullor dhe vazhdoi &hellip;<\/p>\n","protected":false},"author":1,"featured_media":9976,"comment_status":"closed","ping_status":"closed","sticky":false,"template":"","format":"standard","meta":{"footnotes":""},"categories":[31,39],"tags":[],"class_list":["post-9973","post","type-post","status-publish","format-standard","has-post-thumbnail","hentry","category-aktivitete","category-te-rejat"],"_links":{"self":[{"href":"https:\/\/qkll.gov.al\/index.php?rest_route=\/wp\/v2\/posts\/9973","targetHints":{"allow":["GET"]}}],"collection":[{"href":"https:\/\/qkll.gov.al\/index.php?rest_route=\/wp\/v2\/posts"}],"about":[{"href":"https:\/\/qkll.gov.al\/index.php?rest_route=\/wp\/v2\/types\/post"}],"author":[{"embeddable":true,"href":"https:\/\/qkll.gov.al\/index.php?rest_route=\/wp\/v2\/users\/1"}],"replies":[{"embeddable":true,"href":"https:\/\/qkll.gov.al\/index.php?rest_route=%2Fwp%2Fv2%2Fcomments&post=9973"}],"version-history":[{"count":1,"href":"https:\/\/qkll.gov.al\/index.php?rest_route=\/wp\/v2\/posts\/9973\/revisions"}],"predecessor-version":[{"id":9978,"href":"https:\/\/qkll.gov.al\/index.php?rest_route=\/wp\/v2\/posts\/9973\/revisions\/9978"}],"wp:featuredmedia":[{"embeddable":true,"href":"https:\/\/qkll.gov.al\/index.php?rest_route=\/wp\/v2\/media\/9976"}],"wp:attachment":[{"href":"https:\/\/qkll.gov.al\/index.php?rest_route=%2Fwp%2Fv2%2Fmedia&parent=9973"}],"wp:term":[{"taxonomy":"category","embeddable":true,"href":"https:\/\/qkll.gov.al\/index.php?rest_route=%2Fwp%2Fv2%2Fcategories&post=9973"},{"taxonomy":"post_tag","embeddable":true,"href":"https:\/\/qkll.gov.al\/index.php?rest_route=%2Fwp%2Fv2%2Ftags&post=9973"}],"curies":[{"name":"wp","href":"https:\/\/api.w.org\/{rel}","templated":true}]}}