{"id":9683,"date":"2022-11-09T11:12:39","date_gmt":"2022-11-09T10:12:39","guid":{"rendered":"https:\/\/qkll.gov.al\/?p=9683"},"modified":"2022-12-18T21:26:25","modified_gmt":"2022-12-18T20:26:25","slug":"promovimi-i-librit-themeluesi-lidershipi-i-ismail-qemalit-te-evarest-beqirit","status":"publish","type":"post","link":"https:\/\/qkll.gov.al\/?p=9683","title":{"rendered":"Promovimi i librit &#8220;Themeluesi. Lidershipi i Ismail Qemalit&#8221; t\u00eb Evarest Beqirit"},"content":{"rendered":"<div class=\"xdj266r x11i5rnm xat24cr x1mh8g0r x1vvkbs x126k92a\">\n<div dir=\"auto\">Ismail Qemal Vlora \u00ebsht\u00eb figura m\u00eb e ndritur politike e Shqip\u00ebris\u00eb moderne dhe bashk\u00ebkohore. Ky \u00ebsht\u00eb modeli i liderit q\u00eb ne duam sot! Emri i tij shk\u00eblqen nd\u00ebr themeluesit e shtetit shqiptar, si hartuesi i Deklarat\u00ebs s\u00eb Pavar\u00ebsis\u00eb s\u00eb vendit dhe si Kryeministri i par\u00eb i tij. Autori e ka analizuar figur\u00ebn e \u201cAtit t\u00eb Kombit\u201d ton\u00eb nga k\u00ebndv\u00ebshtrimi i lidershipit, nj\u00eb metod\u00eb e re studimi q\u00eb realizohet p\u00ebr her\u00eb t\u00eb par\u00eb n\u00eb lidhje me figur\u00ebn e Ismail Qemalit\u2026\u201d<\/div>\n<div dir=\"auto\">Aurela Anastasi<\/div>\n<\/div>\n<div class=\"x11i5rnm xat24cr x1mh8g0r x1vvkbs xtlvy1s x126k92a\">\n<div dir=\"auto\"><span class=\"x3nfvp2 x1j61x8r x1fcty0u xdj266r xhhsvwb xat24cr xgzva0m xxymvpz xlup9mm x1kky2od\"><img decoding=\"async\" src=\"https:\/\/static.xx.fbcdn.net\/images\/emoji.php\/v9\/ta2\/1.5\/16\/1f4da.png\" alt=\"\ud83d\udcda\" width=\"16\" height=\"16\" \/><\/span><span class=\"x3nfvp2 x1j61x8r x1fcty0u xdj266r xhhsvwb xat24cr xgzva0m xxymvpz xlup9mm x1kky2od\"><img decoding=\"async\" src=\"https:\/\/static.xx.fbcdn.net\/images\/emoji.php\/v9\/ta2\/1.5\/16\/1f4da.png\" alt=\"\ud83d\udcda\" width=\"16\" height=\"16\" \/><\/span><\/div>\n<div dir=\"auto\">Ismail Qemali, nj\u00eb prej figurave m\u00eb t\u00eb r\u00ebnd\u00ebsishme t\u00eb historis\u00eb son\u00eb, vjen n\u00eb nj\u00eb biografi plot fakte historike, e k\u00ebndv\u00ebshtrim ndryshe shkruar nga studiuesi i ri Evarist Beqiri, n\u00eb 110-vjetorin e Pavar\u00ebsis\u00eb s\u00eb Shqip\u00ebris\u00eb.<\/div>\n<div dir=\"auto\"><\/div>\n<div dir=\"auto\">Akademike Aurela Anastasi, drejtori i Muzeut Historik Komb\u00ebtar, Dorian Koci, historiania Nevila Nika, drejtorja e QKLL-s\u00eb, Alda Bardhyli, ndan\u00eb pik\u00ebpamje e ide mbi librin dje, n\u00eb nj\u00eb promovim q\u00eb b\u00ebri bashk\u00eb studiues, profesor\u00eb, historian\u00eb e k\u00ebrkues t\u00eb rinj shkencor, organizuar nga sht\u00ebpia botuese \u201cMediaprint\u201d dhe QKLL.<\/div>\n<\/div>\n<div dir=\"auto\"><a href=\"https:\/\/qkll.gov.al\/wp-content\/uploads\/2022\/11\/314689282_500479185455975_2049458297486958069_n.jpg\"><img decoding=\"async\" class=\"alignleft size-thumbnail wp-image-9684\" src=\"https:\/\/qkll.gov.al\/wp-content\/uploads\/2022\/11\/314689282_500479185455975_2049458297486958069_n-150x150.jpg\" alt=\"\" width=\"150\" height=\"150\" \/><\/a> <a href=\"https:\/\/qkll.gov.al\/wp-content\/uploads\/2022\/11\/314717626_500479165455977_5851526924393068332_n.jpg\"><img decoding=\"async\" class=\"alignleft size-thumbnail wp-image-9685\" src=\"https:\/\/qkll.gov.al\/wp-content\/uploads\/2022\/11\/314717626_500479165455977_5851526924393068332_n-150x150.jpg\" alt=\"\" width=\"150\" height=\"150\" \/><\/a> <a href=\"https:\/\/qkll.gov.al\/wp-content\/uploads\/2022\/11\/315007041_500479305455963_971663305232332983_n.jpg\"><img loading=\"lazy\" decoding=\"async\" class=\"alignleft size-thumbnail wp-image-9686\" src=\"https:\/\/qkll.gov.al\/wp-content\/uploads\/2022\/11\/315007041_500479305455963_971663305232332983_n-150x150.jpg\" alt=\"\" width=\"150\" height=\"150\" \/><\/a> <a href=\"https:\/\/qkll.gov.al\/wp-content\/uploads\/2022\/11\/315026929_500479192122641_4218182089966589139_n.jpg\"><img loading=\"lazy\" decoding=\"async\" class=\"alignleft size-thumbnail wp-image-9687\" src=\"https:\/\/qkll.gov.al\/wp-content\/uploads\/2022\/11\/315026929_500479192122641_4218182089966589139_n-150x150.jpg\" alt=\"\" width=\"150\" height=\"150\" \/><\/a> <a href=\"https:\/\/qkll.gov.al\/wp-content\/uploads\/2022\/11\/315032325_500479235455970_592919304609562478_n.jpg\"><img loading=\"lazy\" decoding=\"async\" class=\"alignleft size-thumbnail wp-image-9688\" src=\"https:\/\/qkll.gov.al\/wp-content\/uploads\/2022\/11\/315032325_500479235455970_592919304609562478_n-150x150.jpg\" alt=\"\" width=\"150\" height=\"150\" \/><\/a> <a href=\"https:\/\/qkll.gov.al\/wp-content\/uploads\/2022\/11\/315038219_500479172122643_7906800314543860889_n.jpg\"><img loading=\"lazy\" decoding=\"async\" class=\"alignleft size-thumbnail wp-image-9689\" src=\"https:\/\/qkll.gov.al\/wp-content\/uploads\/2022\/11\/315038219_500479172122643_7906800314543860889_n-150x150.jpg\" alt=\"\" width=\"150\" height=\"150\" \/><\/a> <a href=\"https:\/\/qkll.gov.al\/wp-content\/uploads\/2022\/11\/315042475_500479245455969_787299465959741272_n.jpg\"><img loading=\"lazy\" decoding=\"async\" class=\"alignleft size-thumbnail wp-image-9690\" src=\"https:\/\/qkll.gov.al\/wp-content\/uploads\/2022\/11\/315042475_500479245455969_787299465959741272_n-150x150.jpg\" alt=\"\" width=\"150\" height=\"150\" \/><\/a> <a href=\"https:\/\/qkll.gov.al\/wp-content\/uploads\/2022\/11\/315048137_500479255455968_3336480878851768759_n.jpg\"><img loading=\"lazy\" decoding=\"async\" class=\"alignleft size-thumbnail wp-image-9691\" src=\"https:\/\/qkll.gov.al\/wp-content\/uploads\/2022\/11\/315048137_500479255455968_3336480878851768759_n-150x150.jpg\" alt=\"\" width=\"150\" height=\"150\" \/><\/a> <a href=\"https:\/\/qkll.gov.al\/wp-content\/uploads\/2022\/11\/315052153_500479328789294_3180123263760575907_n.jpg\"><img loading=\"lazy\" decoding=\"async\" class=\"alignleft size-thumbnail wp-image-9692\" src=\"https:\/\/qkll.gov.al\/wp-content\/uploads\/2022\/11\/315052153_500479328789294_3180123263760575907_n-150x150.jpg\" alt=\"\" width=\"150\" height=\"150\" \/><\/a><\/div>\n","protected":false},"excerpt":{"rendered":"<p>Ismail Qemal Vlora \u00ebsht\u00eb figura m\u00eb e ndritur politike e Shqip\u00ebris\u00eb moderne dhe bashk\u00ebkohore. Ky \u00ebsht\u00eb modeli i liderit q\u00eb ne duam sot! Emri i tij shk\u00eblqen nd\u00ebr themeluesit e shtetit shqiptar, si hartuesi i Deklarat\u00ebs s\u00eb Pavar\u00ebsis\u00eb s\u00eb vendit dhe si Kryeministri i par\u00eb i tij. Autori e ka analizuar figur\u00ebn e \u201cAtit t\u00eb &hellip;<\/p>\n","protected":false},"author":1,"featured_media":9689,"comment_status":"closed","ping_status":"closed","sticky":false,"template":"","format":"standard","meta":{"footnotes":""},"categories":[31,39],"tags":[],"class_list":["post-9683","post","type-post","status-publish","format-standard","has-post-thumbnail","hentry","category-aktivitete","category-te-rejat"],"_links":{"self":[{"href":"https:\/\/qkll.gov.al\/index.php?rest_route=\/wp\/v2\/posts\/9683","targetHints":{"allow":["GET"]}}],"collection":[{"href":"https:\/\/qkll.gov.al\/index.php?rest_route=\/wp\/v2\/posts"}],"about":[{"href":"https:\/\/qkll.gov.al\/index.php?rest_route=\/wp\/v2\/types\/post"}],"author":[{"embeddable":true,"href":"https:\/\/qkll.gov.al\/index.php?rest_route=\/wp\/v2\/users\/1"}],"replies":[{"embeddable":true,"href":"https:\/\/qkll.gov.al\/index.php?rest_route=%2Fwp%2Fv2%2Fcomments&post=9683"}],"version-history":[{"count":1,"href":"https:\/\/qkll.gov.al\/index.php?rest_route=\/wp\/v2\/posts\/9683\/revisions"}],"predecessor-version":[{"id":9693,"href":"https:\/\/qkll.gov.al\/index.php?rest_route=\/wp\/v2\/posts\/9683\/revisions\/9693"}],"wp:featuredmedia":[{"embeddable":true,"href":"https:\/\/qkll.gov.al\/index.php?rest_route=\/wp\/v2\/media\/9689"}],"wp:attachment":[{"href":"https:\/\/qkll.gov.al\/index.php?rest_route=%2Fwp%2Fv2%2Fmedia&parent=9683"}],"wp:term":[{"taxonomy":"category","embeddable":true,"href":"https:\/\/qkll.gov.al\/index.php?rest_route=%2Fwp%2Fv2%2Fcategories&post=9683"},{"taxonomy":"post_tag","embeddable":true,"href":"https:\/\/qkll.gov.al\/index.php?rest_route=%2Fwp%2Fv2%2Ftags&post=9683"}],"curies":[{"name":"wp","href":"https:\/\/api.w.org\/{rel}","templated":true}]}}