{"id":9646,"date":"2022-11-09T15:00:56","date_gmt":"2022-11-09T14:00:56","guid":{"rendered":"https:\/\/qkll.gov.al\/?p=9646"},"modified":"2022-12-18T21:26:15","modified_gmt":"2022-12-18T20:26:15","slug":"promovimi-i-permbledhjes-me-tregime-deti-i-zi-te-shkrimtarit-zejnullah-rrahmani-ne-qkll","status":"publish","type":"post","link":"https:\/\/qkll.gov.al\/?p=9646","title":{"rendered":"Promovimi i p\u00ebrmbledhjes me tregime &#8220;Deti i Zi&#8221; t\u00eb shkrimtarit Zejnullah Rrahmani, n\u00eb QKLL"},"content":{"rendered":"<div>\n<div class=\"\" dir=\"auto\">\n<div id=\"jsc_c_ms\" class=\"x1iorvi4 x1pi30zi x1l90r2v x1swvt13\" data-ad-comet-preview=\"message\" data-ad-preview=\"message\">\n<div class=\"x78zum5 xdt5ytf xz62fqu x16ldp7u\">\n<div class=\"xu06os2 x1ok221b\">\n<div class=\"xdj266r x11i5rnm xat24cr x1mh8g0r x1vvkbs x126k92a\">\n<div dir=\"auto\">Zejnullah Rrahmani nj\u00eb nga emrat e r\u00ebnd\u00ebsish\u00ebm t\u00eb romanit shqip n\u00eb Kosov\u00eb, n\u00eb vitet 70-t\u00eb bashk\u00eb me Anton Pashkun, rikthehet p\u00ebr lexuesin me p\u00ebrmbledhjen me tregime \u201cDeti i zi\u201d, botimet Onufri.<\/div>\n<div dir=\"auto\"><\/div>\n<div dir=\"auto\">N\u00eb hap\u00ebsirat e Qendr\u00ebs Komb\u00ebtare t\u00eb Librit dhe Leximit, krijmtaria e tij erdhi n\u00ebn diskutimet e Akademik Kujtim Shal\u00ebs, Dr. Elsa Sk\u00ebnderi, Dr. Elion Do\u00e7e, Dr. Mimoza Hasani Pllana, me moderimin e Anxhela Lepurit, n\u00eb kuad\u00ebr t\u00eb Vitit Ali Podrimja, nj\u00eb vit q\u00eb ka sjell\u00eb n\u00eb Tiran\u00eb emra t\u00eb njohur t\u00eb let\u00ebrsis\u00eb bashk\u00ebkohore shqipe, q\u00eb b\u00ebhet sot n\u00eb Kosov\u00eb.<\/div>\n<div dir=\"auto\"><\/div>\n<div dir=\"auto\">Zejnullah Rrahmani \u00ebsht\u00eb profesor i Teoris\u00eb s\u00eb Let\u00ebrsis\u00eb n\u00eb Universitetin e filologjis\u00eb n\u00eb Prishtin\u00eb, an\u00ebtar i Akademis\u00eb s\u00eb Shkencave dhe Arteve t\u00eb Kosov\u00ebs. Nga viti 1992 deri m\u00eb 1996 ka qen\u00eb dekan i Fakultetit t\u00eb Filologjis\u00eb. An\u00ebtar i Kolegjumit t\u00eb dekan\u00ebve t\u00eb Universitetit t\u00eb Prishtin\u00ebs n\u00eb periudh\u00ebn 1992- 1996. M\u00eb 1995 \u00ebsht\u00eb zgjedhur drejtor i Seminarit Nd\u00ebrkomb\u00ebtar p\u00ebr Gjuh\u00ebn, Let\u00ebrsin\u00eb dhe Kultur\u00ebn Shqiptare. Nga viti 1970 \u00ebsht\u00eb an\u00ebtar i Shoqat\u00ebs s\u00eb Shkrimtar\u00ebve t\u00eb Kosov\u00ebs. \u00cbsht\u00eb an\u00ebtar i PEN Qendr\u00ebs Shqiptare. Nga viti 1992 ka qen\u00eb an\u00ebtar i K\u00ebshillit Nacional t\u00eb Shqip\u00ebris\u00eb p\u00ebr programet e let\u00ebrsis\u00eb. Nga viti 1996 deri m\u00eb 1999 e ka udh\u00ebhequr arsimin e Kosov\u00ebs n\u00eb cil\u00ebsin\u00eb e K\u00ebshilltarit p\u00ebr arsim i kryetarit t\u00eb Kosov\u00ebs Ibrahim Rugova.<\/div>\n<\/div>\n<div dir=\"auto\"><a href=\"https:\/\/qkll.gov.al\/wp-content\/uploads\/2022\/11\/315102601_501254648711762_5994352191618850353_n.jpg\"><img decoding=\"async\" class=\"alignleft size-thumbnail wp-image-9647\" src=\"https:\/\/qkll.gov.al\/wp-content\/uploads\/2022\/11\/315102601_501254648711762_5994352191618850353_n-150x150.jpg\" alt=\"\" width=\"150\" height=\"150\" \/><\/a> <a href=\"https:\/\/qkll.gov.al\/wp-content\/uploads\/2022\/11\/315112224_501254635378430_8227941529393943713_n.jpg\"><img decoding=\"async\" class=\"alignleft size-thumbnail wp-image-9648\" src=\"https:\/\/qkll.gov.al\/wp-content\/uploads\/2022\/11\/315112224_501254635378430_8227941529393943713_n-150x150.jpg\" alt=\"\" width=\"150\" height=\"150\" \/><\/a> <a href=\"https:\/\/qkll.gov.al\/wp-content\/uploads\/2022\/11\/315137710_501254678711759_3764248098865998519_n.jpg\"><img decoding=\"async\" class=\"alignleft size-thumbnail wp-image-9649\" src=\"https:\/\/qkll.gov.al\/wp-content\/uploads\/2022\/11\/315137710_501254678711759_3764248098865998519_n-150x150.jpg\" alt=\"\" width=\"150\" height=\"150\" \/><\/a> <a href=\"https:\/\/qkll.gov.al\/wp-content\/uploads\/2022\/11\/315138521_501254852045075_3687604293626182651_n.jpg\"><img loading=\"lazy\" decoding=\"async\" class=\"alignleft size-thumbnail wp-image-9650\" src=\"https:\/\/qkll.gov.al\/wp-content\/uploads\/2022\/11\/315138521_501254852045075_3687604293626182651_n-150x150.jpg\" alt=\"\" width=\"150\" height=\"150\" \/><\/a> <a href=\"https:\/\/qkll.gov.al\/wp-content\/uploads\/2022\/11\/315179389_501254708711756_5063447654650006690_n.jpg\"><img loading=\"lazy\" decoding=\"async\" class=\"alignleft size-thumbnail wp-image-9651\" src=\"https:\/\/qkll.gov.al\/wp-content\/uploads\/2022\/11\/315179389_501254708711756_5063447654650006690_n-150x150.jpg\" alt=\"\" width=\"150\" height=\"150\" \/><\/a> <a href=\"https:\/\/qkll.gov.al\/wp-content\/uploads\/2022\/11\/315203960_501254812045079_1219337373361519371_n.jpg\"><img loading=\"lazy\" decoding=\"async\" class=\"alignleft size-thumbnail wp-image-9652\" src=\"https:\/\/qkll.gov.al\/wp-content\/uploads\/2022\/11\/315203960_501254812045079_1219337373361519371_n-150x150.jpg\" alt=\"\" width=\"150\" height=\"150\" \/><\/a> <a href=\"https:\/\/qkll.gov.al\/wp-content\/uploads\/2022\/11\/315311425_501254758711751_6351136954321254282_n.jpg\"><img loading=\"lazy\" decoding=\"async\" class=\"alignleft size-thumbnail wp-image-9653\" src=\"https:\/\/qkll.gov.al\/wp-content\/uploads\/2022\/11\/315311425_501254758711751_6351136954321254282_n-150x150.jpg\" alt=\"\" width=\"150\" height=\"150\" \/><\/a><\/div>\n<\/div>\n<\/div>\n<\/div>\n<\/div>\n<\/div>\n","protected":false},"excerpt":{"rendered":"<p>Zejnullah Rrahmani nj\u00eb nga emrat e r\u00ebnd\u00ebsish\u00ebm t\u00eb romanit shqip n\u00eb Kosov\u00eb, n\u00eb vitet 70-t\u00eb bashk\u00eb me Anton Pashkun, rikthehet p\u00ebr lexuesin me p\u00ebrmbledhjen me tregime \u201cDeti i zi\u201d, botimet Onufri. N\u00eb hap\u00ebsirat e Qendr\u00ebs Komb\u00ebtare t\u00eb Librit dhe Leximit, krijmtaria e tij erdhi n\u00ebn diskutimet e Akademik Kujtim Shal\u00ebs, Dr. Elsa Sk\u00ebnderi, Dr. Elion &hellip;<\/p>\n","protected":false},"author":1,"featured_media":9649,"comment_status":"closed","ping_status":"closed","sticky":false,"template":"","format":"standard","meta":{"footnotes":""},"categories":[31,39],"tags":[],"class_list":["post-9646","post","type-post","status-publish","format-standard","has-post-thumbnail","hentry","category-aktivitete","category-te-rejat"],"_links":{"self":[{"href":"https:\/\/qkll.gov.al\/index.php?rest_route=\/wp\/v2\/posts\/9646","targetHints":{"allow":["GET"]}}],"collection":[{"href":"https:\/\/qkll.gov.al\/index.php?rest_route=\/wp\/v2\/posts"}],"about":[{"href":"https:\/\/qkll.gov.al\/index.php?rest_route=\/wp\/v2\/types\/post"}],"author":[{"embeddable":true,"href":"https:\/\/qkll.gov.al\/index.php?rest_route=\/wp\/v2\/users\/1"}],"replies":[{"embeddable":true,"href":"https:\/\/qkll.gov.al\/index.php?rest_route=%2Fwp%2Fv2%2Fcomments&post=9646"}],"version-history":[{"count":1,"href":"https:\/\/qkll.gov.al\/index.php?rest_route=\/wp\/v2\/posts\/9646\/revisions"}],"predecessor-version":[{"id":9654,"href":"https:\/\/qkll.gov.al\/index.php?rest_route=\/wp\/v2\/posts\/9646\/revisions\/9654"}],"wp:featuredmedia":[{"embeddable":true,"href":"https:\/\/qkll.gov.al\/index.php?rest_route=\/wp\/v2\/media\/9649"}],"wp:attachment":[{"href":"https:\/\/qkll.gov.al\/index.php?rest_route=%2Fwp%2Fv2%2Fmedia&parent=9646"}],"wp:term":[{"taxonomy":"category","embeddable":true,"href":"https:\/\/qkll.gov.al\/index.php?rest_route=%2Fwp%2Fv2%2Fcategories&post=9646"},{"taxonomy":"post_tag","embeddable":true,"href":"https:\/\/qkll.gov.al\/index.php?rest_route=%2Fwp%2Fv2%2Ftags&post=9646"}],"curies":[{"name":"wp","href":"https:\/\/api.w.org\/{rel}","templated":true}]}}