{"id":9643,"date":"2022-11-01T12:48:59","date_gmt":"2022-11-01T11:48:59","guid":{"rendered":"https:\/\/qkll.gov.al\/?p=9643"},"modified":"2022-12-18T21:26:43","modified_gmt":"2022-12-18T20:26:43","slug":"promovimi-i-librit-te-akademikut-artan-fuga-une-anthropologie-de-la-propagande-totalitaire-le-cas-albanais","status":"publish","type":"post","link":"https:\/\/qkll.gov.al\/?p=9643","title":{"rendered":"Promovimi i librit t\u00eb akademikut Artan Fuga \u201cUne anthropologie de la propagande totalitaire \u2013 le cas albanais\u201d"},"content":{"rendered":"<div class=\"xdj266r x11i5rnm xat24cr x1mh8g0r x1vvkbs x126k92a\">\n<div dir=\"auto\">Ambasada e Franc\u00ebs n\u00eb Tiran\u00eb organizoi konferenc\u00ebn e Akademikut Artan Fuga \u201cIdeologjit\u00eb dhe propaganda autoritare n\u00eb Shqip\u00ebri: p\u00ebrqasje n\u00eb antropologji strukturore\u201d, \u00a0n\u00eb Sht\u00ebpin\u00eb e Europ\u00ebs, n\u00eb vijim t\u00eb botimit n\u00eb Franc\u00eb nga botimet Non Lieu, t\u00eb vepr\u00ebs s\u00eb tij me t\u00eb nj\u00ebjtin titull: \u201cUne anthropologie de la propagande totalitaire \u2013 le cas albanais\u201d.<\/div>\n<div dir=\"auto\"><\/div>\n<\/div>\n<div class=\"x11i5rnm xat24cr x1mh8g0r x1vvkbs xtlvy1s x126k92a\">\n<div dir=\"auto\">P\u00ebrkthimi i k\u00ebsaj vepre n\u00eb gjuh\u00ebn fr\u00ebnge, nga p\u00ebrkthyesja\u00a0 Nadia Jurzac, \u00ebsht\u00eb mb\u00ebshtetur nga programi i ndihm\u00ebs p\u00ebr botim q\u00eb ekziston midis Qendr\u00ebs s\u00eb Librit dhe Leximit dhe Ambasad\u00ebs s\u00eb Franc\u00ebs n\u00eb Shqip\u00ebri, i cili mb\u00ebshtet \u00a0botimin e autor\u00ebve frankofon\u00eb n\u00eb gjuh\u00ebn shqipe si edhe botimin e autor\u00ebve shqiptar\u00eb n\u00eb Franc\u00eb.<\/div>\n<div dir=\"auto\"><\/div>\n<\/div>\n<div class=\"x11i5rnm xat24cr x1mh8g0r x1vvkbs xtlvy1s x126k92a\">\n<div dir=\"auto\">Akademiku Artan Fuga solli, n\u00ebn moderimin e Anisa Ymerit, para auditorit, t\u00eb shumt\u00eb n\u00eb num\u00ebr, vendas dhe t\u00eb huaj, nj\u00eb reflektim mbi sh\u00ebnjimin q\u00eb propaganda totalitare i b\u00ebn shekullit XX, duke analizuar n\u00eb detaje historin\u00eb, p\u00ebrpjekjet ideologjike, m\u00ebnyrat e manipulimit, infrastruktur\u00ebn, boshtet kryesore terminologjike, gjuh\u00ebn, simbolik\u00ebn, aktor\u00ebt e propagand\u00ebs totalitare n\u00eb Shqip\u00ebri si edhe hodhi hipoteza te reja n\u00eb l\u00ebmin e shkencave sociale dhe p\u00ebrqasjeve nd\u00ebrdisiplinare ku ato duhet t\u00eb konvergojn\u00eb.<\/div>\n<\/div>\n<div dir=\"auto\"><a href=\"https:\/\/qkll.gov.al\/wp-content\/uploads\/2022\/11\/314610378_497953515708542_3186647371108818541_n.jpg\"><img decoding=\"async\" class=\"alignleft size-thumbnail wp-image-9642\" src=\"https:\/\/qkll.gov.al\/wp-content\/uploads\/2022\/11\/314610378_497953515708542_3186647371108818541_n-150x150.jpg\" alt=\"\" width=\"150\" height=\"150\" \/><\/a> <a href=\"https:\/\/qkll.gov.al\/wp-content\/uploads\/2022\/11\/314584559_497953525708541_1478793398270272767_n.jpg\"><img decoding=\"async\" class=\"alignleft size-thumbnail wp-image-9641\" src=\"https:\/\/qkll.gov.al\/wp-content\/uploads\/2022\/11\/314584559_497953525708541_1478793398270272767_n-150x150.jpg\" alt=\"\" width=\"150\" height=\"150\" \/><\/a> <a href=\"https:\/\/qkll.gov.al\/wp-content\/uploads\/2022\/11\/314570771_497953519041875_7035381297088079231_n-1.jpg\"><img decoding=\"async\" class=\"alignleft size-thumbnail wp-image-9639\" src=\"https:\/\/qkll.gov.al\/wp-content\/uploads\/2022\/11\/314570771_497953519041875_7035381297088079231_n-1-150x150.jpg\" alt=\"\" width=\"150\" height=\"150\" \/><\/a> <a href=\"https:\/\/qkll.gov.al\/wp-content\/uploads\/2022\/11\/314503514_497953522375208_6701233967685175050_n.jpg\"><img loading=\"lazy\" decoding=\"async\" class=\"alignleft size-thumbnail wp-image-9638\" src=\"https:\/\/qkll.gov.al\/wp-content\/uploads\/2022\/11\/314503514_497953522375208_6701233967685175050_n-150x150.jpg\" alt=\"\" width=\"150\" height=\"150\" \/><\/a> <a href=\"https:\/\/qkll.gov.al\/wp-content\/uploads\/2022\/11\/314502298_497953509041876_6178455229563066758_n.jpg\"><img loading=\"lazy\" decoding=\"async\" class=\"alignleft size-thumbnail wp-image-9637\" src=\"https:\/\/qkll.gov.al\/wp-content\/uploads\/2022\/11\/314502298_497953509041876_6178455229563066758_n-150x150.jpg\" alt=\"\" width=\"150\" height=\"150\" \/><\/a> <a href=\"https:\/\/qkll.gov.al\/wp-content\/uploads\/2022\/11\/314498444_497953512375209_5129001152313783293_n.jpg\"><img loading=\"lazy\" decoding=\"async\" class=\"alignleft size-thumbnail wp-image-9636\" src=\"https:\/\/qkll.gov.al\/wp-content\/uploads\/2022\/11\/314498444_497953512375209_5129001152313783293_n-150x150.jpg\" alt=\"\" width=\"150\" height=\"150\" \/><\/a> <a href=\"https:\/\/qkll.gov.al\/wp-content\/uploads\/2022\/11\/314469345_497953529041874_2008784985283250600_n.jpg\"><img loading=\"lazy\" decoding=\"async\" class=\"alignleft size-thumbnail wp-image-9635\" src=\"https:\/\/qkll.gov.al\/wp-content\/uploads\/2022\/11\/314469345_497953529041874_2008784985283250600_n-150x150.jpg\" alt=\"\" width=\"150\" height=\"150\" \/><\/a><\/div>\n<div class=\"x11i5rnm xat24cr x1mh8g0r x1vvkbs xtlvy1s x126k92a\">\n<div dir=\"auto\"><\/div>\n<\/div>\n","protected":false},"excerpt":{"rendered":"<p>Ambasada e Franc\u00ebs n\u00eb Tiran\u00eb organizoi konferenc\u00ebn e Akademikut Artan Fuga \u201cIdeologjit\u00eb dhe propaganda autoritare n\u00eb Shqip\u00ebri: p\u00ebrqasje n\u00eb antropologji strukturore\u201d, \u00a0n\u00eb Sht\u00ebpin\u00eb e Europ\u00ebs, n\u00eb vijim t\u00eb botimit n\u00eb Franc\u00eb nga botimet Non Lieu, t\u00eb vepr\u00ebs s\u00eb tij me t\u00eb nj\u00ebjtin titull: \u201cUne anthropologie de la propagande totalitaire \u2013 le cas albanais\u201d. P\u00ebrkthimi i &hellip;<\/p>\n","protected":false},"author":1,"featured_media":9642,"comment_status":"closed","ping_status":"closed","sticky":false,"template":"","format":"standard","meta":{"footnotes":""},"categories":[31,39],"tags":[],"class_list":["post-9643","post","type-post","status-publish","format-standard","has-post-thumbnail","hentry","category-aktivitete","category-te-rejat"],"_links":{"self":[{"href":"https:\/\/qkll.gov.al\/index.php?rest_route=\/wp\/v2\/posts\/9643","targetHints":{"allow":["GET"]}}],"collection":[{"href":"https:\/\/qkll.gov.al\/index.php?rest_route=\/wp\/v2\/posts"}],"about":[{"href":"https:\/\/qkll.gov.al\/index.php?rest_route=\/wp\/v2\/types\/post"}],"author":[{"embeddable":true,"href":"https:\/\/qkll.gov.al\/index.php?rest_route=\/wp\/v2\/users\/1"}],"replies":[{"embeddable":true,"href":"https:\/\/qkll.gov.al\/index.php?rest_route=%2Fwp%2Fv2%2Fcomments&post=9643"}],"version-history":[{"count":1,"href":"https:\/\/qkll.gov.al\/index.php?rest_route=\/wp\/v2\/posts\/9643\/revisions"}],"predecessor-version":[{"id":9645,"href":"https:\/\/qkll.gov.al\/index.php?rest_route=\/wp\/v2\/posts\/9643\/revisions\/9645"}],"wp:featuredmedia":[{"embeddable":true,"href":"https:\/\/qkll.gov.al\/index.php?rest_route=\/wp\/v2\/media\/9642"}],"wp:attachment":[{"href":"https:\/\/qkll.gov.al\/index.php?rest_route=%2Fwp%2Fv2%2Fmedia&parent=9643"}],"wp:term":[{"taxonomy":"category","embeddable":true,"href":"https:\/\/qkll.gov.al\/index.php?rest_route=%2Fwp%2Fv2%2Fcategories&post=9643"},{"taxonomy":"post_tag","embeddable":true,"href":"https:\/\/qkll.gov.al\/index.php?rest_route=%2Fwp%2Fv2%2Ftags&post=9643"}],"curies":[{"name":"wp","href":"https:\/\/api.w.org\/{rel}","templated":true}]}}