{"id":9604,"date":"2022-10-28T10:49:28","date_gmt":"2022-10-28T08:49:28","guid":{"rendered":"https:\/\/qkll.gov.al\/?p=9604"},"modified":"2022-12-18T21:27:13","modified_gmt":"2022-12-18T20:27:13","slug":"kenga-si-mjet-per-ruajtjen-e-shqipes-ne-shekuj-promovimi-i-librit-te-prof-gjovalin-shkurtaj-ne-qkll","status":"publish","type":"post","link":"https:\/\/qkll.gov.al\/?p=9604","title":{"rendered":"\u201cK\u00ebnga si mjet p\u00ebr ruajtjen e shqipes n\u00eb shekuj\u201d-  promovimi i librit t\u00eb prof. Gjovalin Shkurtaj n\u00eb QKLL"},"content":{"rendered":"<div class=\"xdj266r x11i5rnm xat24cr x1mh8g0r x1vvkbs x126k92a\">\n<div dir=\"auto\">\u201cK\u00ebnga, qysh n\u00eb agimet e historis\u00eb njer\u00ebzore, ka qen\u00eb mjet i m\u00ebsimit, i ruajtjes dhe i p\u00ebrhapjes s\u00eb gjuh\u00ebs amtare. K\u00ebt\u00eb rol e ka edhe k\u00ebnga e sotme shqiptare, k\u00ebnga e t\u00eb rinjve dhe e t\u00eb rejave, prandaj, edhe si gjuh\u00ebtar m\u00eb b\u00ebhet zemra mal kur d\u00ebgjoj kantautor\u00eb q\u00eb k\u00ebndojn\u00eb bukur, q\u00eb sjellin tekste k\u00ebng\u00ebsh fjal\u00ebbukura, q\u00eb kan\u00eb pasuri e larmi shprehjeje dhe q\u00eb, duke d\u00ebgjuar e shijuar k\u00ebng\u00ebn e tyre, njer\u00ebzit p\u00ebrthithin edhe njom\u00ebshtin\u00eb e gjuh\u00ebs amtare\u201d.<\/div>\n<div dir=\"auto\">Prof. Gjovalin Shkurtaj.<\/div>\n<div dir=\"auto\"><\/div>\n<\/div>\n<div class=\"x11i5rnm xat24cr x1mh8g0r x1vvkbs xtlvy1s x126k92a\">\n<div dir=\"auto\">\u201cK\u00ebnga si mjet p\u00ebr ruajtjen e shqipes n\u00eb shekuj\u201d \u00ebsht\u00eb studimi m\u00eb i ri nga Akademia e Shkencave t\u00eb Shqip\u00ebris\u00eb, me autor prof. Gjovalin Shkurtaj, studim i cili u promovua sot n\u00eb hap\u00ebsirat e Qendr\u00ebs Komb\u00ebtare t\u00eb Librit dhe Leximit, n\u00eb kuad\u00ebr t\u00eb \u201cTetorit t\u00eb Librit\u201d, mes studiuesve, akademik\u00ebve, profesor\u00ebve e t\u00eb rinjve. Ideja dhe synimet e k\u00ebtij libri lidhen me nj\u00eb m\u00ebtim t\u00eb thjesht\u00eb, por t\u00eb r\u00ebnd\u00ebsish\u00ebm e me vler\u00eb komb\u00ebtare, me nxjerrjen n\u00eb pah t\u00eb vlerave etnokulturore t\u00eb shqiptar\u00ebve, t\u00eb pranis\u00eb s\u00eb tyre t\u00eb hershme n\u00eb Europ\u00eb dhe t\u00eb rolit t\u00eb tyre kultur\u00ebb\u00ebr\u00ebs n\u00eb mjedisin bot\u00ebror t\u00eb sot\u00ebm, duke u nisur nga pasuria ligj\u00ebrimore e mish\u00ebruar edhe n\u00eb krijimtarin\u00eb gojore t\u00eb tij, sidomos n\u00eb k\u00ebng\u00ebt popullore.<\/div>\n<\/div>\n<div dir=\"auto\"><a href=\"https:\/\/qkll.gov.al\/wp-content\/uploads\/2022\/10\/311580984_491193483051212_8235136369955862517_n-1.jpg\"><img decoding=\"async\" class=\"alignleft size-thumbnail wp-image-9605\" src=\"https:\/\/qkll.gov.al\/wp-content\/uploads\/2022\/10\/311580984_491193483051212_8235136369955862517_n-1-150x150.jpg\" alt=\"\" width=\"150\" height=\"150\" \/><\/a> <a href=\"https:\/\/qkll.gov.al\/wp-content\/uploads\/2022\/10\/311811018_491836439653583_5243758582086658884_n.jpg\"><img decoding=\"async\" class=\"alignleft size-thumbnail wp-image-9606\" src=\"https:\/\/qkll.gov.al\/wp-content\/uploads\/2022\/10\/311811018_491836439653583_5243758582086658884_n-150x150.jpg\" alt=\"\" width=\"150\" height=\"150\" \/><\/a> <a href=\"https:\/\/qkll.gov.al\/wp-content\/uploads\/2022\/10\/311972884_491836879653539_1594050264039127412_n.jpg\"><img decoding=\"async\" class=\"alignleft size-thumbnail wp-image-9607\" src=\"https:\/\/qkll.gov.al\/wp-content\/uploads\/2022\/10\/311972884_491836879653539_1594050264039127412_n-150x150.jpg\" alt=\"\" width=\"150\" height=\"150\" \/><\/a> <a href=\"https:\/\/qkll.gov.al\/wp-content\/uploads\/2022\/10\/313337877_491837436320150_3257904511991636380_n.jpg\"><img loading=\"lazy\" decoding=\"async\" class=\"alignleft size-thumbnail wp-image-9608\" src=\"https:\/\/qkll.gov.al\/wp-content\/uploads\/2022\/10\/313337877_491837436320150_3257904511991636380_n-150x150.jpg\" alt=\"\" width=\"150\" height=\"150\" \/><\/a> <a href=\"https:\/\/qkll.gov.al\/wp-content\/uploads\/2022\/10\/313362871_491837822986778_8928430728712809948_n.jpg\"><img loading=\"lazy\" decoding=\"async\" class=\"alignleft size-thumbnail wp-image-9609\" src=\"https:\/\/qkll.gov.al\/wp-content\/uploads\/2022\/10\/313362871_491837822986778_8928430728712809948_n-150x150.jpg\" alt=\"\" width=\"150\" height=\"150\" \/><\/a> <a href=\"https:\/\/qkll.gov.al\/wp-content\/uploads\/2022\/10\/313364535_491837582986802_3826491395210559741_n.jpg\"><img loading=\"lazy\" decoding=\"async\" class=\"alignleft size-thumbnail wp-image-9610\" src=\"https:\/\/qkll.gov.al\/wp-content\/uploads\/2022\/10\/313364535_491837582986802_3826491395210559741_n-150x150.jpg\" alt=\"\" width=\"150\" height=\"150\" \/><\/a><\/div>\n","protected":false},"excerpt":{"rendered":"<p>\u201cK\u00ebnga, qysh n\u00eb agimet e historis\u00eb njer\u00ebzore, ka qen\u00eb mjet i m\u00ebsimit, i ruajtjes dhe i p\u00ebrhapjes s\u00eb gjuh\u00ebs amtare. K\u00ebt\u00eb rol e ka edhe k\u00ebnga e sotme shqiptare, k\u00ebnga e t\u00eb rinjve dhe e t\u00eb rejave, prandaj, edhe si gjuh\u00ebtar m\u00eb b\u00ebhet zemra mal kur d\u00ebgjoj kantautor\u00eb q\u00eb k\u00ebndojn\u00eb bukur, q\u00eb sjellin tekste k\u00ebng\u00ebsh &hellip;<\/p>\n","protected":false},"author":1,"featured_media":9609,"comment_status":"closed","ping_status":"closed","sticky":false,"template":"","format":"standard","meta":{"footnotes":""},"categories":[31,39],"tags":[],"class_list":["post-9604","post","type-post","status-publish","format-standard","has-post-thumbnail","hentry","category-aktivitete","category-te-rejat"],"_links":{"self":[{"href":"https:\/\/qkll.gov.al\/index.php?rest_route=\/wp\/v2\/posts\/9604","targetHints":{"allow":["GET"]}}],"collection":[{"href":"https:\/\/qkll.gov.al\/index.php?rest_route=\/wp\/v2\/posts"}],"about":[{"href":"https:\/\/qkll.gov.al\/index.php?rest_route=\/wp\/v2\/types\/post"}],"author":[{"embeddable":true,"href":"https:\/\/qkll.gov.al\/index.php?rest_route=\/wp\/v2\/users\/1"}],"replies":[{"embeddable":true,"href":"https:\/\/qkll.gov.al\/index.php?rest_route=%2Fwp%2Fv2%2Fcomments&post=9604"}],"version-history":[{"count":1,"href":"https:\/\/qkll.gov.al\/index.php?rest_route=\/wp\/v2\/posts\/9604\/revisions"}],"predecessor-version":[{"id":9611,"href":"https:\/\/qkll.gov.al\/index.php?rest_route=\/wp\/v2\/posts\/9604\/revisions\/9611"}],"wp:featuredmedia":[{"embeddable":true,"href":"https:\/\/qkll.gov.al\/index.php?rest_route=\/wp\/v2\/media\/9609"}],"wp:attachment":[{"href":"https:\/\/qkll.gov.al\/index.php?rest_route=%2Fwp%2Fv2%2Fmedia&parent=9604"}],"wp:term":[{"taxonomy":"category","embeddable":true,"href":"https:\/\/qkll.gov.al\/index.php?rest_route=%2Fwp%2Fv2%2Fcategories&post=9604"},{"taxonomy":"post_tag","embeddable":true,"href":"https:\/\/qkll.gov.al\/index.php?rest_route=%2Fwp%2Fv2%2Ftags&post=9604"}],"curies":[{"name":"wp","href":"https:\/\/api.w.org\/{rel}","templated":true}]}}