{"id":9337,"date":"2022-09-14T10:14:02","date_gmt":"2022-09-14T08:14:02","guid":{"rendered":"https:\/\/qkll.gov.al\/?p=9337"},"modified":"2022-10-28T13:37:43","modified_gmt":"2022-10-28T11:37:43","slug":"aktivitet-kushtuar-115-vjetorit-te-mitrush-kutelit","status":"publish","type":"post","link":"https:\/\/qkll.gov.al\/?p=9337","title":{"rendered":"Aktivitet kushtuar 115-vjetorit t\u00eb Mitrush Kutelit"},"content":{"rendered":"<div dir=\"auto\">Qendra Komb\u00ebtare e Librit dhe Leximit organizoi n\u00eb mjediset e saj aktivitetin kushtuar 115- vjetorit t\u00eb Mitrush Kutelit. Ky aktivitet u organizua n\u00eb vijim\u00ebsi t\u00eb shpalljes s\u00eb vitit 2022 nga Bashkia e Pogradecit dhe nga Akademia e Shkencave t\u00eb Shqip\u00ebris\u00eb si viti i Kutelit.<\/div>\n<div dir=\"auto\"><\/div>\n<div dir=\"auto\">N\u00eb fjal\u00ebn e saj p\u00ebrsh\u00ebndet\u00ebse, Drejtoresha e QKLL-s\u00eb znj. Alda Bardhyli e vler\u00ebsoi Kutelin si nj\u00eb mjesht\u00ebr t\u00eb gjuh\u00ebs shqipe, nj\u00eb personalitet kompleksi, i cili ende nuk \u00ebsht\u00eb shpalosur n\u00eb dimensionin e kontributit t\u00eb tij t\u00eb plot\u00eb nga studimet tona.<\/div>\n<div dir=\"auto\"><\/div>\n<div dir=\"auto\">Ana Pekmezi, mbesa e Kutelit, edhe pse nuk e ka njohur vet\u00eb t\u00eb gjyshin, rr\u00ebfen se e ka njohur at\u00eb jo vet\u00ebm n\u00ebp\u00ebrmjet vepr\u00ebs s\u00eb shkruar, por edhe p\u00ebrmes rr\u00ebfimeve t\u00eb shumta t\u00eb familjes. Nd\u00ebr t\u00eb tjera, ajo na rr\u00ebfen p\u00ebr nj\u00eb ekzemplar t\u00eb gjetur midis librave t\u00eb t\u00eb atit, libri \u201cFshati im e pi rakin\u00eb\u201d i vitit 1943, botuar fal\u00eb mb\u00ebshtetjes financiare t\u00eb Ana Zaharias, tezes s\u00eb An\u00ebs, n\u00eb faqen e par\u00eb t\u00eb s\u00eb cil\u00ebs Mitrush Kuteli ka shkruar edhe kushtimin: \u201cGospozhic\u00ebs Ana Zaharia ot Struga q\u00eb m\u00eb ndihmoj t\u00eb dal\u00eb m\u00eb shpejt kjo libr\u00eb e vog\u00ebl. M. Kuteli\u201d.<\/div>\n<div dir=\"auto\"><\/div>\n<div dir=\"auto\">Shkrimtari Ylljet Ali\u00e7ka foli nd\u00ebr t\u00eb tjera p\u00ebr elementin artistik t\u00eb ep\u00ebrm dhe emancipues n\u00eb vepr\u00ebn e Mitrush Kutelit si dhe mund\u00ebsin\u00eb p\u00ebr t\u00eb qen\u00eb kjo vep\u00ebr e p\u00ebrkthyeshme pa i humbur ngjyrat q\u00eb mbart. Duke folur p\u00ebr tregimin \u201cVjeshta e Xheladin Beut\u201d si nj\u00eb nd\u00ebr m\u00eb t\u00eb arrir\u00ebt dhe t\u00eb p\u00eblqyerit e let\u00ebrsis\u00eb shqipe p\u00ebr nga elementet gjuh\u00ebsore dhe narrative, Ali\u00e7ka tha se \u201cKy tregim duhet par\u00eb si nj\u00eb model i ndjekur dhe q\u00eb \u00ebsht\u00eb marr\u00eb nga shum\u00eb shkrimtar\u00eb t\u00eb m\u00ebpassh\u00ebm t\u00eb let\u00ebrsis\u00eb moderne shqipe, duke nisur q\u00eb nga Ismail Kadare, i cili romanin \u201cViti i mbrapsht\u00eb\u201d e ka shkruar n\u00eb frym\u00ebn e \u201cXheladin Beut\u201d. Studiuesi Behar Gjoka shprehet se \u201cKuteli \u00ebsht\u00eb nj\u00eb nd\u00ebr shkrimtar\u00ebt m\u00eb t\u00eb r\u00ebnd\u00ebsish\u00ebm t\u00eb letrave shqipe pas Luft\u00ebs s\u00eb Dyt\u00eb Bot\u00ebrore, me magjin\u00eb e fjal\u00ebs n\u00eb veprat e tij, tematik\u00ebn dhe krijimin e nj\u00eb larmie zhanresh. Problemi me Kutelin \u00ebsht\u00eb se ka mbetur brenda gardhit t\u00eb let\u00ebrsis\u00eb shqipe, pa iu hapur nj\u00eb publiku m\u00eb t\u00eb gjer\u00eb, t\u00eb huaj\u201d.<\/div>\n<div dir=\"auto\"><\/div>\n<div dir=\"auto\">Poetja Mimoza Ahmeti flet p\u00ebr konceptin e referenc\u00ebs te Kuteli si shkrimtar dhe intelektual, vepra e tij e ndikuar nga realiteti i jetuar, nga profesioni dhe ndikimi i shkollimit t\u00eb tij si ekonomist. \u201cMbyllja n\u00eb vetvete, izolimi dhe kthimi te rr\u00ebnj\u00ebt, te gjuha dhe atdheu i vet, e ka p\u00ebrvijuar profilin e tij si shkrimtar, si nj\u00eb njeri q\u00eb i ka pasur duart n\u00eb rr\u00ebnj\u00ebt e sistemit, duke e njohur at\u00eb m\u00eb mir\u00eb se kushdo, ndaj edhe duke e rr\u00ebfyer m\u00eb mir\u00eb se \u00e7\u2019do t\u00eb mundte dikush tjet\u00ebr\u201d. Studiuesja dhe profesoresha Lili Sula foli p\u00ebr r\u00ebnd\u00ebsin\u00eb e vepr\u00ebs s\u00eb Kutelit dhe p\u00ebr nevoj\u00ebn q\u00eb kjo vep\u00ebr t\u00eb rimerret nga katedrat letrare dhe, duke e cil\u00ebsuar vepr\u00ebn e Kutelit si t\u00eb keqintepretuar nga censura e koh\u00ebs kur ajo u botua, t\u00eb ripropozohet n\u00eb kurrikulat universitare duke u zhveshur nga analiza e b\u00ebr\u00eb q\u00eb n\u00eb sistemin e kaluar p\u00ebr t\u2019u rishfaqur ndryshe, reale, edhe pse kjo ngjet ende pak e v\u00ebshtir\u00eb. Prof. Sula p\u00ebrmendi po ashtu edhe r\u00ebnd\u00ebsin\u00eb e Kutelit si eseist dhe kritik letrar.<\/div>\n<div dir=\"auto\"><\/div>\n<div dir=\"auto\">Studiuesi Ben Andoni foli p\u00ebr m\u00ebnyr\u00ebn se si trajtohen shkrimtar\u00ebt n\u00eb Shqip\u00ebri, duke iu referuar asaj q\u00eb ai e quajti \u201cekologji urbane\u201d, pra sensi i nd\u00ebrveprimit t\u00eb shtresave t\u00eb ndryshme shoq\u00ebrore n\u00eb nj\u00eb kontekst kulturor. Kuteli \u00ebsht\u00eb nd\u00ebr t\u00eb rrall\u00ebt shkrimtar\u00eb shqiptar\u00eb q\u00eb ka ditur ta jap\u00eb k\u00ebt\u00eb n\u00ebp\u00ebrmjet vepr\u00ebs s\u00eb tij. Drejtori i Qendr\u00ebs Komb\u00ebtare t\u00eb Kinematografis\u00eb, z. Eduart Makri foli p\u00ebr vepr\u00ebn e Kutelit n\u00eb syrin e kineastit, mund\u00ebsia q\u00eb t\u00eb jep Kuteli n\u00ebp\u00ebrmjet gjuh\u00ebs dhe rr\u00ebfimit p\u00ebr ta par\u00eb vepr\u00ebn t\u00eb realizueshme si film. Moskoh\u00ebsia dhe drama ekzistenciale e qenies njer\u00ebzore t\u00eb vepra \u201cE madhe \u00ebsht\u00eb gj\u00ebma e m\u00ebkatit\u201d \u00ebsht\u00eb p\u00ebr z. Makri nj\u00eb nga veprat m\u00eb t\u00eb arrira t\u00eb Kutelit, q\u00eb ende vazhdon ta doj\u00eb duke e konsideruar p\u00ebr realizimin e saj n\u00eb kinema. Po ashtu edhe shkrimtarja Vera Bekteshi, shkrimtari Zimo Krutaj dhe studiuesi Leka Ndoja fol\u00ebn p\u00ebr rolin e gjuh\u00ebs s\u00eb Kutelit dhe gurit t\u00eb themelit q\u00eb ai ka v\u00ebn\u00eb n\u00eb letrat bashk\u00ebkohore shqipe.<\/div>\n<div dir=\"auto\"><\/div>\n<div dir=\"auto\"><a href=\"https:\/\/qkll.gov.al\/wp-content\/uploads\/2022\/09\/304854271_610737573858381_7177898562864135041_n.jpg\"><img decoding=\"async\" class=\"alignleft size-thumbnail wp-image-9338\" src=\"https:\/\/qkll.gov.al\/wp-content\/uploads\/2022\/09\/304854271_610737573858381_7177898562864135041_n-150x150.jpg\" alt=\"\" width=\"150\" height=\"150\" \/><\/a> <a href=\"https:\/\/qkll.gov.al\/wp-content\/uploads\/2022\/09\/304983995_610737597191712_686104122415830171_n.jpg\"><img decoding=\"async\" class=\"alignleft size-thumbnail wp-image-9339\" src=\"https:\/\/qkll.gov.al\/wp-content\/uploads\/2022\/09\/304983995_610737597191712_686104122415830171_n-150x150.jpg\" alt=\"\" width=\"150\" height=\"150\" \/><\/a> <a href=\"https:\/\/qkll.gov.al\/wp-content\/uploads\/2022\/09\/305116422_610737800525025_1621192470539104709_n.jpg\"><img decoding=\"async\" class=\"alignleft size-thumbnail wp-image-9340\" src=\"https:\/\/qkll.gov.al\/wp-content\/uploads\/2022\/09\/305116422_610737800525025_1621192470539104709_n-150x150.jpg\" alt=\"\" width=\"150\" height=\"150\" \/><\/a> <a href=\"https:\/\/qkll.gov.al\/wp-content\/uploads\/2022\/09\/305666275_610737727191699_4976248193980369037_n.jpg\"><img loading=\"lazy\" decoding=\"async\" class=\"alignleft size-thumbnail wp-image-9341\" src=\"https:\/\/qkll.gov.al\/wp-content\/uploads\/2022\/09\/305666275_610737727191699_4976248193980369037_n-150x150.jpg\" alt=\"\" width=\"150\" height=\"150\" \/><\/a> <a href=\"https:\/\/qkll.gov.al\/wp-content\/uploads\/2022\/09\/305808800_610737513858387_8661931221055663297_n.jpg\"><img loading=\"lazy\" decoding=\"async\" class=\"alignleft size-thumbnail wp-image-9342\" src=\"https:\/\/qkll.gov.al\/wp-content\/uploads\/2022\/09\/305808800_610737513858387_8661931221055663297_n-150x150.jpg\" alt=\"\" width=\"150\" height=\"150\" \/><\/a> <a href=\"https:\/\/qkll.gov.al\/wp-content\/uploads\/2022\/09\/306010325_610737500525055_5531310178166608224_n-1.jpg\"><img loading=\"lazy\" decoding=\"async\" class=\"alignleft size-thumbnail wp-image-9343\" src=\"https:\/\/qkll.gov.al\/wp-content\/uploads\/2022\/09\/306010325_610737500525055_5531310178166608224_n-1-150x150.jpg\" alt=\"\" width=\"150\" height=\"150\" \/><\/a> <a href=\"https:\/\/qkll.gov.al\/wp-content\/uploads\/2022\/09\/306170097_610736630525142_5110861584040398369_n.jpg\"><img loading=\"lazy\" decoding=\"async\" class=\"alignleft size-thumbnail wp-image-9344\" src=\"https:\/\/qkll.gov.al\/wp-content\/uploads\/2022\/09\/306170097_610736630525142_5110861584040398369_n-150x150.jpg\" alt=\"\" width=\"150\" height=\"150\" \/><\/a> <a href=\"https:\/\/qkll.gov.al\/wp-content\/uploads\/2022\/09\/306355383_610737637191708_5482317727468514514_n.jpg\"><img loading=\"lazy\" decoding=\"async\" class=\"alignleft size-thumbnail wp-image-9345\" src=\"https:\/\/qkll.gov.al\/wp-content\/uploads\/2022\/09\/306355383_610737637191708_5482317727468514514_n-150x150.jpg\" alt=\"\" width=\"150\" height=\"150\" \/><\/a><\/div>\n<div dir=\"auto\"><\/div>\n<div dir=\"auto\"><\/div>\n","protected":false},"excerpt":{"rendered":"<p>Qendra Komb\u00ebtare e Librit dhe Leximit organizoi n\u00eb mjediset e saj aktivitetin kushtuar 115- vjetorit t\u00eb Mitrush Kutelit. Ky aktivitet u organizua n\u00eb vijim\u00ebsi t\u00eb shpalljes s\u00eb vitit 2022 nga Bashkia e Pogradecit dhe nga Akademia e Shkencave t\u00eb Shqip\u00ebris\u00eb si viti i Kutelit. N\u00eb fjal\u00ebn e saj p\u00ebrsh\u00ebndet\u00ebse, Drejtoresha e QKLL-s\u00eb znj. Alda Bardhyli &hellip;<\/p>\n","protected":false},"author":1,"featured_media":9344,"comment_status":"closed","ping_status":"closed","sticky":false,"template":"","format":"standard","meta":{"footnotes":""},"categories":[31,39],"tags":[],"class_list":["post-9337","post","type-post","status-publish","format-standard","has-post-thumbnail","hentry","category-aktivitete","category-te-rejat"],"_links":{"self":[{"href":"https:\/\/qkll.gov.al\/index.php?rest_route=\/wp\/v2\/posts\/9337","targetHints":{"allow":["GET"]}}],"collection":[{"href":"https:\/\/qkll.gov.al\/index.php?rest_route=\/wp\/v2\/posts"}],"about":[{"href":"https:\/\/qkll.gov.al\/index.php?rest_route=\/wp\/v2\/types\/post"}],"author":[{"embeddable":true,"href":"https:\/\/qkll.gov.al\/index.php?rest_route=\/wp\/v2\/users\/1"}],"replies":[{"embeddable":true,"href":"https:\/\/qkll.gov.al\/index.php?rest_route=%2Fwp%2Fv2%2Fcomments&post=9337"}],"version-history":[{"count":1,"href":"https:\/\/qkll.gov.al\/index.php?rest_route=\/wp\/v2\/posts\/9337\/revisions"}],"predecessor-version":[{"id":9346,"href":"https:\/\/qkll.gov.al\/index.php?rest_route=\/wp\/v2\/posts\/9337\/revisions\/9346"}],"wp:featuredmedia":[{"embeddable":true,"href":"https:\/\/qkll.gov.al\/index.php?rest_route=\/wp\/v2\/media\/9344"}],"wp:attachment":[{"href":"https:\/\/qkll.gov.al\/index.php?rest_route=%2Fwp%2Fv2%2Fmedia&parent=9337"}],"wp:term":[{"taxonomy":"category","embeddable":true,"href":"https:\/\/qkll.gov.al\/index.php?rest_route=%2Fwp%2Fv2%2Fcategories&post=9337"},{"taxonomy":"post_tag","embeddable":true,"href":"https:\/\/qkll.gov.al\/index.php?rest_route=%2Fwp%2Fv2%2Ftags&post=9337"}],"curies":[{"name":"wp","href":"https:\/\/api.w.org\/{rel}","templated":true}]}}