{"id":9297,"date":"2022-08-29T10:14:57","date_gmt":"2022-08-29T08:14:57","guid":{"rendered":"https:\/\/qkll.gov.al\/?p=9297"},"modified":"2022-09-15T12:30:50","modified_gmt":"2022-09-15T10:30:50","slug":"nenshkrimi-i-marreveshjes-se-bashkepunimit-per-te-sjelle-ne-gjuhen-shqipe-vepren-kushtuar-artistit-andrea-alessi","status":"publish","type":"post","link":"https:\/\/qkll.gov.al\/?p=9297","title":{"rendered":"N\u00ebnshkrimi i Marr\u00ebveshjes s\u00eb Bashk\u00ebpunimit p\u00ebr t\u00eb sjell\u00eb n\u00eb gjuh\u00ebn shqipe vepr\u00ebn kushtuar artistit Andrea Alessi."},"content":{"rendered":"<div class=\"m8h3af8h l7ghb35v kjdc1dyq kmwttqpk gh25dzvf n3t5jt4f\">\n<div dir=\"auto\">Bashk\u00eb me fotografin e njohur Luka Mjeda n\u00ebnshkruam sot, nj\u00eb marr\u00ebveshje bashk\u00ebpunimi p\u00ebr t\u00eb sjell\u00eb n\u00eb gjuh\u00ebn shqipe vepr\u00ebn kushtuar artistit Andre Aless me autor arkitektin kroat Andrija Mutnjakovic.<\/div>\n<div dir=\"auto\"><\/div>\n<\/div>\n<div class=\"l7ghb35v kjdc1dyq kmwttqpk gh25dzvf jikcssrz n3t5jt4f\">\n<div dir=\"auto\">Kjo vep\u00ebr madhore, kushtuar nj\u00eb figure t\u00eb ndritur t\u00eb kultur\u00ebs shqiptare n\u00eb bot\u00eb, do t\u00eb vij\u00eb n\u00eb shqip n\u00eb muajin n\u00ebntor, n\u00ebn mb\u00ebshtetjen e Ministris\u00eb s\u00eb Kultur\u00ebs.<\/div>\n<div dir=\"auto\"><\/div>\n<\/div>\n<div class=\"l7ghb35v kjdc1dyq kmwttqpk gh25dzvf jikcssrz n3t5jt4f\">\n<div dir=\"auto\">Andrea Alessi ka qen\u00eb nj\u00eb arkitekt, piktor dhe skulptor i famsh\u00ebm, i njohur si nj\u00eb nga artist\u00ebt m\u00eb t\u00eb m\u00ebdhenj n\u00eb koh\u00ebn e Renesanc\u00ebs Dalmatine.<\/div>\n<div dir=\"auto\"><\/div>\n<\/div>\n<div class=\"l7ghb35v kjdc1dyq kmwttqpk gh25dzvf jikcssrz n3t5jt4f\">\n<div dir=\"auto\">I lindur n\u00eb Durr\u00ebs m\u00eb 1425-n, ai u zhvendos n\u00eb Dalmaci, duke b\u00ebr\u00eb em\u00ebr n\u00eb fush\u00ebn e arkitektur\u00ebs. Karakteristik\u00eb e Andrea Alesi ishte q\u00eb n\u00eb punimet e tij, sh\u00ebnonte mbishkrimin n\u00eb t\u00eb cilin shkruhej origjina e tij. Q\u00eb n\u00eb rini shkoi n\u00eb Split t\u00eb Dalmacis\u00eb dhe aty studioi pran\u00eb skulptorit Mark Troja. \u00cbsht\u00eb autor i statujave t\u00eb lozh\u00ebs s\u00eb tregtareve n\u00eb Ankon\u00eb t\u00eb Italis\u00eb, i 1454 afreskeve t\u00eb nj\u00eb kishe t\u00eb ishullit Arabe t\u00eb Dalmacis\u00eb. Kryevepra e tij mbahet Pag\u00ebzimorja e Trogirit.<\/div>\n<div dir=\"auto\"><\/div>\n<\/div>\n<div class=\"l7ghb35v kjdc1dyq kmwttqpk gh25dzvf jikcssrz n3t5jt4f\">\n<div dir=\"auto\">Pag\u00ebzimorja e Trogirit ndodhet n\u00eb katedralen e Sh\u00ebn Lorencit. Por gjurm\u00ebt e pun\u00ebve t\u00eb tij ndihen edhe n\u00eb pallatet e Trogirit p\u00ebrreth, n\u00eb at\u00eb t\u00eb peshkopit Torlon dhe ve\u00e7mas n\u00eb pallatin p\u00ebrkundruall port\u00ebs kryesore t\u00eb katedrales, Palazzo di Coriolano Cippico, ku si kryevep\u00ebr e Andrea Alesit shihet portali disakat\u00ebsh me dritaret me tri harqe (trifore), n\u00eb kapel\u00ebn e Sh\u00ebn Gjonit etj.<\/div>\n<\/div>\n<div dir=\"auto\"><a href=\"https:\/\/qkll.gov.al\/wp-content\/uploads\/2022\/09\/302438524_600387891560016_3605627238795237740_n.jpg\"><img decoding=\"async\" class=\"alignleft size-thumbnail wp-image-9301\" src=\"https:\/\/qkll.gov.al\/wp-content\/uploads\/2022\/09\/302438524_600387891560016_3605627238795237740_n-150x150.jpg\" alt=\"\" width=\"150\" height=\"150\" \/><\/a> <a href=\"https:\/\/qkll.gov.al\/wp-content\/uploads\/2022\/09\/302436730_600387894893349_2320691579007298526_n.jpg\"><img decoding=\"async\" class=\"alignleft size-thumbnail wp-image-9300\" src=\"https:\/\/qkll.gov.al\/wp-content\/uploads\/2022\/09\/302436730_600387894893349_2320691579007298526_n-150x150.jpg\" alt=\"\" width=\"150\" height=\"150\" \/><\/a> <a href=\"https:\/\/qkll.gov.al\/wp-content\/uploads\/2022\/09\/302426664_600387908226681_3404934884141680535_n.jpg\"><img decoding=\"async\" class=\"alignleft size-thumbnail wp-image-9299\" src=\"https:\/\/qkll.gov.al\/wp-content\/uploads\/2022\/09\/302426664_600387908226681_3404934884141680535_n-150x150.jpg\" alt=\"\" width=\"150\" height=\"150\" \/><\/a><\/div>\n<div dir=\"auto\"><\/div>\n<div dir=\"auto\"><\/div>\n<div dir=\"auto\"><\/div>\n<div dir=\"auto\"><a href=\"https:\/\/qkll.gov.al\/wp-content\/uploads\/2022\/09\/302351827_600387911560014_8026711739760176962_n.jpg\">\u00a0<\/a><\/div>\n","protected":false},"excerpt":{"rendered":"<p>Bashk\u00eb me fotografin e njohur Luka Mjeda n\u00ebnshkruam sot, nj\u00eb marr\u00ebveshje bashk\u00ebpunimi p\u00ebr t\u00eb sjell\u00eb n\u00eb gjuh\u00ebn shqipe vepr\u00ebn kushtuar artistit Andre Aless me autor arkitektin kroat Andrija Mutnjakovic. Kjo vep\u00ebr madhore, kushtuar nj\u00eb figure t\u00eb ndritur t\u00eb kultur\u00ebs shqiptare n\u00eb bot\u00eb, do t\u00eb vij\u00eb n\u00eb shqip n\u00eb muajin n\u00ebntor, n\u00ebn mb\u00ebshtetjen e Ministris\u00eb s\u00eb &hellip;<\/p>\n","protected":false},"author":1,"featured_media":9301,"comment_status":"closed","ping_status":"closed","sticky":false,"template":"","format":"standard","meta":{"footnotes":""},"categories":[31,39],"tags":[],"class_list":["post-9297","post","type-post","status-publish","format-standard","has-post-thumbnail","hentry","category-aktivitete","category-te-rejat"],"_links":{"self":[{"href":"https:\/\/qkll.gov.al\/index.php?rest_route=\/wp\/v2\/posts\/9297","targetHints":{"allow":["GET"]}}],"collection":[{"href":"https:\/\/qkll.gov.al\/index.php?rest_route=\/wp\/v2\/posts"}],"about":[{"href":"https:\/\/qkll.gov.al\/index.php?rest_route=\/wp\/v2\/types\/post"}],"author":[{"embeddable":true,"href":"https:\/\/qkll.gov.al\/index.php?rest_route=\/wp\/v2\/users\/1"}],"replies":[{"embeddable":true,"href":"https:\/\/qkll.gov.al\/index.php?rest_route=%2Fwp%2Fv2%2Fcomments&post=9297"}],"version-history":[{"count":1,"href":"https:\/\/qkll.gov.al\/index.php?rest_route=\/wp\/v2\/posts\/9297\/revisions"}],"predecessor-version":[{"id":9302,"href":"https:\/\/qkll.gov.al\/index.php?rest_route=\/wp\/v2\/posts\/9297\/revisions\/9302"}],"wp:featuredmedia":[{"embeddable":true,"href":"https:\/\/qkll.gov.al\/index.php?rest_route=\/wp\/v2\/media\/9301"}],"wp:attachment":[{"href":"https:\/\/qkll.gov.al\/index.php?rest_route=%2Fwp%2Fv2%2Fmedia&parent=9297"}],"wp:term":[{"taxonomy":"category","embeddable":true,"href":"https:\/\/qkll.gov.al\/index.php?rest_route=%2Fwp%2Fv2%2Fcategories&post=9297"},{"taxonomy":"post_tag","embeddable":true,"href":"https:\/\/qkll.gov.al\/index.php?rest_route=%2Fwp%2Fv2%2Ftags&post=9297"}],"curies":[{"name":"wp","href":"https:\/\/api.w.org\/{rel}","templated":true}]}}