{"id":9221,"date":"2022-07-06T13:15:35","date_gmt":"2022-07-06T11:15:35","guid":{"rendered":"https:\/\/qkll.gov.al\/?p=9221"},"modified":"2022-07-07T09:57:02","modified_gmt":"2022-07-07T07:57:02","slug":"vizita-zyrtare-e-ambasadorit-te-kosoves-ne-shqiperi-z-skender-durmishi-ne-qendren-kombetare-te-librit-dhe-leximit","status":"publish","type":"post","link":"https:\/\/qkll.gov.al\/?p=9221","title":{"rendered":"Vizita zyrtare e Ambasadorit t\u00eb Kosov\u00ebs n\u00eb Shqip\u00ebri, Z.Sk\u00ebnder Durmishi n\u00eb Qendr\u00ebn Komb\u00ebtare t\u00eb Librit dhe Leximit"},"content":{"rendered":"<p>Ambasadori i Kosov\u00ebs, ShTZ Sk\u00ebnder Durmishi, vizitoi sot Qendr\u00ebn Komb\u00ebtare t\u00eb Librit dhe Leximit. Ky vit \u00ebsht\u00eb shpallur nga QKLL-ja, Biblioteka Komb\u00ebtare e Shqip\u00ebris\u00eb dhe Biblioteka Komb\u00ebtare e Kosov\u00ebs si \u201cViti i Ali Podrimjes\u201d, n\u00eb kuad\u00ebr t\u00eb 80-vjetorit t\u00eb lindjes s\u00eb poetit.<\/p>\n<p>Aktivitetet e p\u00ebrbashk\u00ebta q\u00eb do t\u00eb sh\u00ebnjojn\u00eb k\u00ebt\u00eb vit t\u00eb r\u00ebnd\u00ebsish\u00ebm kulturor, si edhe krijimi i hap\u00ebsirave t\u00eb dialogut mes autor\u00ebve shqiptar\u00eb n\u00eb Shqip\u00ebri dhe Kosov\u00eb, gjetja e formave q\u00eb do ta b\u00ebnte librin shqip m\u00eb t\u00eb pranish\u00ebm n\u00eb hap\u00ebsirat ku ka shqiptar\u00eb, ishin n\u00eb fokus t\u00eb bised\u00ebs.<\/p>\n<p>Bashk\u00eb me ambasad\u00ebn e Kosov\u00ebs n\u00eb Tiran\u00eb, Qendra Komb\u00ebtare e Librit dhe Leximit do t\u00eb organizojn\u00eb aktivitetin e p\u00ebrbashk\u00ebt kushtuar poetit Xhevdet Bajraj, i cili u nda nga jeta nj\u00eb jav\u00eb m\u00eb par\u00eb, m\u00eb 26 korrik.<\/p>\n<p><a href=\"https:\/\/qkll.gov.al\/wp-content\/uploads\/2022\/07\/292435275_565517901713682_6098350539662390647_n.jpg\"><img decoding=\"async\" class=\"alignleft size-thumbnail wp-image-9222\" src=\"https:\/\/qkll.gov.al\/wp-content\/uploads\/2022\/07\/292435275_565517901713682_6098350539662390647_n-150x150.jpg\" alt=\"\" width=\"150\" height=\"150\" \/><\/a><\/p>\n","protected":false},"excerpt":{"rendered":"<p>Ambasadori i Kosov\u00ebs, ShTZ Sk\u00ebnder Durmishi, vizitoi sot Qendr\u00ebn Komb\u00ebtare t\u00eb Librit dhe Leximit. Ky vit \u00ebsht\u00eb shpallur nga QKLL-ja, Biblioteka Komb\u00ebtare e Shqip\u00ebris\u00eb dhe Biblioteka Komb\u00ebtare e Kosov\u00ebs si \u201cViti i Ali Podrimjes\u201d, n\u00eb kuad\u00ebr t\u00eb 80-vjetorit t\u00eb lindjes s\u00eb poetit. Aktivitetet e p\u00ebrbashk\u00ebta q\u00eb do t\u00eb sh\u00ebnjojn\u00eb k\u00ebt\u00eb vit t\u00eb r\u00ebnd\u00ebsish\u00ebm kulturor, si &hellip;<\/p>\n","protected":false},"author":1,"featured_media":9222,"comment_status":"closed","ping_status":"closed","sticky":false,"template":"","format":"standard","meta":{"footnotes":""},"categories":[31,39],"tags":[],"class_list":["post-9221","post","type-post","status-publish","format-standard","has-post-thumbnail","hentry","category-aktivitete","category-te-rejat"],"_links":{"self":[{"href":"https:\/\/qkll.gov.al\/index.php?rest_route=\/wp\/v2\/posts\/9221","targetHints":{"allow":["GET"]}}],"collection":[{"href":"https:\/\/qkll.gov.al\/index.php?rest_route=\/wp\/v2\/posts"}],"about":[{"href":"https:\/\/qkll.gov.al\/index.php?rest_route=\/wp\/v2\/types\/post"}],"author":[{"embeddable":true,"href":"https:\/\/qkll.gov.al\/index.php?rest_route=\/wp\/v2\/users\/1"}],"replies":[{"embeddable":true,"href":"https:\/\/qkll.gov.al\/index.php?rest_route=%2Fwp%2Fv2%2Fcomments&post=9221"}],"version-history":[{"count":1,"href":"https:\/\/qkll.gov.al\/index.php?rest_route=\/wp\/v2\/posts\/9221\/revisions"}],"predecessor-version":[{"id":9223,"href":"https:\/\/qkll.gov.al\/index.php?rest_route=\/wp\/v2\/posts\/9221\/revisions\/9223"}],"wp:featuredmedia":[{"embeddable":true,"href":"https:\/\/qkll.gov.al\/index.php?rest_route=\/wp\/v2\/media\/9222"}],"wp:attachment":[{"href":"https:\/\/qkll.gov.al\/index.php?rest_route=%2Fwp%2Fv2%2Fmedia&parent=9221"}],"wp:term":[{"taxonomy":"category","embeddable":true,"href":"https:\/\/qkll.gov.al\/index.php?rest_route=%2Fwp%2Fv2%2Fcategories&post=9221"},{"taxonomy":"post_tag","embeddable":true,"href":"https:\/\/qkll.gov.al\/index.php?rest_route=%2Fwp%2Fv2%2Ftags&post=9221"}],"curies":[{"name":"wp","href":"https:\/\/api.w.org\/{rel}","templated":true}]}}