{"id":9209,"date":"2022-07-01T10:58:51","date_gmt":"2022-07-01T08:58:51","guid":{"rendered":"https:\/\/qkll.gov.al\/?p=9209"},"modified":"2022-07-07T09:57:09","modified_gmt":"2022-07-07T07:57:09","slug":"ceremonia-e-shpalljes-se-fituesve-te-fondit-per-krijimtarine-letrare-per-femije","status":"publish","type":"post","link":"https:\/\/qkll.gov.al\/?p=9209","title":{"rendered":"Ceremonia e shpalljes s\u00eb fituesve t\u00eb Fondit p\u00ebr Krijimtarin\u00eb Letrare p\u00ebr F\u00ebmij\u00eb."},"content":{"rendered":"<div class=\"kvgmc6g5 cxmmr5t8 oygrvhab hcukyx3x c1et5uql ii04i59q\">\n<div dir=\"auto\">Qendra Komb\u00ebtare e Librit dhe Leximit organizoi p\u00ebr t\u00eb tretin vit radhazi ceremonin\u00eb e shpalljes s\u00eb fituesve t\u00eb Fondit p\u00ebr Krijimtarin\u00eb Letrare p\u00ebr F\u00ebmij\u00eb. Juria, e kryesuar nga shkrimtarja e let\u00ebrsis\u00eb p\u00ebr f\u00ebmij\u00eb, zonja Natasha Poro\u00e7ani Shuteriqi, si dhe an\u00ebtar\u00ebt e saj Rovena Rrozhani, shkrimtare e let\u00ebrsis\u00eb p\u00ebr f\u00ebmij\u00eb, Erion Kristo, studiues dhe p\u00ebrkthyes, vler\u00ebsuan 18 aplikimet e mb\u00ebrritura n\u00eb k\u00ebt\u00eb fond, nga t\u00eb cil\u00ebt u shpall\u00ebn fitues Sevi Agolli me librin \u00abHajdutja e buz\u00ebqeshjeve\u00bb, Fatmir Gjestila me librin \u00abLot\u00ebt e Marit\u00bb dhe Zimo Krutaj me librin \u00abJona dhe deti\u00bb me motivacionet:<\/div>\n<\/div>\n<div class=\"cxmmr5t8 oygrvhab hcukyx3x c1et5uql o9v6fnle ii04i59q\">\n<div dir=\"auto\"><span class=\"pq6dq46d tbxw36s4 knj5qynh kvgmc6g5 ditlmg2l oygrvhab nvdbi5me sf5mxxl7 gl3lb2sf hhz5lgdu\"><img decoding=\"async\" src=\"https:\/\/static.xx.fbcdn.net\/images\/emoji.php\/v9\/td6\/1.5\/16\/2712.png\" alt=\"\u2712\" width=\"16\" height=\"16\" \/><\/span>Sevi Agolli me librin me tregime \u201cHajdutja e buz\u00ebqeshjeve\u201d, p\u00ebr njohjen e mir\u00eb t\u00eb bot\u00ebs s\u00eb f\u00ebmij\u00ebve, p\u00ebr p\u00ebrshtatjen e bukur t\u00eb gjuh\u00ebs s\u00eb tyre, p\u00ebr interpretimet letrare, p\u00ebr aktivizimin e imagjinat\u00ebs dhe edukimin estetik t\u00eb moshave me k\u00ebshilla t\u00eb vyera.<\/div>\n<div dir=\"auto\"><span class=\"pq6dq46d tbxw36s4 knj5qynh kvgmc6g5 ditlmg2l oygrvhab nvdbi5me sf5mxxl7 gl3lb2sf hhz5lgdu\"><img decoding=\"async\" src=\"https:\/\/static.xx.fbcdn.net\/images\/emoji.php\/v9\/td6\/1.5\/16\/2712.png\" alt=\"\u2712\" width=\"16\" height=\"16\" \/><\/span><span class=\"pq6dq46d tbxw36s4 knj5qynh kvgmc6g5 ditlmg2l oygrvhab nvdbi5me sf5mxxl7 gl3lb2sf hhz5lgdu\"><img decoding=\"async\" src=\"https:\/\/static.xx.fbcdn.net\/images\/emoji.php\/v9\/td6\/1.5\/16\/2712.png\" alt=\"\u2712\" width=\"16\" height=\"16\" \/><\/span>Fatmir Gjestila me romanin \u201cLot\u00ebt e Marit\u201d, p\u00ebr ravij\u00ebzimin e nj\u00eb realiteti t\u00eb hidhur gjat\u00eb koh\u00ebs s\u00eb diktatur\u00ebs, p\u00ebr aktivizimin e kujtes\u00ebs historike te f\u00ebmij\u00ebt, p\u00ebr nj\u00eb gjuh\u00eb letrare t\u00eb pasur, p\u00ebr mesazhet dhe stilin, si dhe p\u00ebr domosdoshm\u00ebrin\u00eb e p\u00ebrfshirjes s\u00eb adoleshent\u00ebve n\u00eb lexim p\u00ebrmes librave me vlera<\/div>\n<div dir=\"auto\"><span class=\"pq6dq46d tbxw36s4 knj5qynh kvgmc6g5 ditlmg2l oygrvhab nvdbi5me sf5mxxl7 gl3lb2sf hhz5lgdu\"><img decoding=\"async\" src=\"https:\/\/static.xx.fbcdn.net\/images\/emoji.php\/v9\/td6\/1.5\/16\/2712.png\" alt=\"\u2712\" width=\"16\" height=\"16\" \/><\/span><span class=\"pq6dq46d tbxw36s4 knj5qynh kvgmc6g5 ditlmg2l oygrvhab nvdbi5me sf5mxxl7 gl3lb2sf hhz5lgdu\"><img decoding=\"async\" src=\"https:\/\/static.xx.fbcdn.net\/images\/emoji.php\/v9\/td6\/1.5\/16\/2712.png\" alt=\"\u2712\" width=\"16\" height=\"16\" \/><\/span><span class=\"pq6dq46d tbxw36s4 knj5qynh kvgmc6g5 ditlmg2l oygrvhab nvdbi5me sf5mxxl7 gl3lb2sf hhz5lgdu\"><img decoding=\"async\" src=\"https:\/\/static.xx.fbcdn.net\/images\/emoji.php\/v9\/td6\/1.5\/16\/2712.png\" alt=\"\u2712\" width=\"16\" height=\"16\" \/><\/span>Zimo Krutaj me librin \u201cJona dhe deti\u201d, p\u00ebr imazhet e bukura n\u00ebp\u00ebrmjet t\u00eb cilave bota v\u00ebshtrohet me syrin e f\u00ebmij\u00ebs, p\u00ebr humorin e holl\u00eb, p\u00ebr vargun e thjesht\u00eb dhe godit\u00ebs, si dhe p\u00ebr ftes\u00ebn e hapur q\u00eb u b\u00ebn f\u00ebmij\u00ebve n\u00eb bot\u00ebn e leximit.<\/div>\n<\/div>\n<div dir=\"auto\"><\/div>\n<div dir=\"auto\"><a href=\"https:\/\/qkll.gov.al\/wp-content\/uploads\/2022\/07\/289472717_562562075342598_2575846515315756127_n-1.jpg\"><img decoding=\"async\" class=\"alignleft size-thumbnail wp-image-9211\" src=\"https:\/\/qkll.gov.al\/wp-content\/uploads\/2022\/07\/289472717_562562075342598_2575846515315756127_n-1-150x150.jpg\" alt=\"\" width=\"150\" height=\"150\" \/><\/a><a href=\"https:\/\/qkll.gov.al\/wp-content\/uploads\/2022\/07\/289499964_562562138675925_3317508504375373749_n.jpg\"><img decoding=\"async\" class=\"alignleft size-thumbnail wp-image-9213\" src=\"https:\/\/qkll.gov.al\/wp-content\/uploads\/2022\/07\/289499964_562562138675925_3317508504375373749_n-150x150.jpg\" alt=\"\" width=\"150\" height=\"150\" \/><\/a> <a href=\"https:\/\/qkll.gov.al\/wp-content\/uploads\/2022\/07\/289953560_562562085342597_3900323620710794068_n.jpg\"><img loading=\"lazy\" decoding=\"async\" class=\"alignleft size-thumbnail wp-image-9214\" src=\"https:\/\/qkll.gov.al\/wp-content\/uploads\/2022\/07\/289953560_562562085342597_3900323620710794068_n-150x150.jpg\" alt=\"\" width=\"150\" height=\"150\" \/><\/a> <a href=\"https:\/\/qkll.gov.al\/wp-content\/uploads\/2022\/07\/290046832_562562128675926_1644198577085586849_n.jpg\"><img loading=\"lazy\" decoding=\"async\" class=\"alignleft size-thumbnail wp-image-9215\" src=\"https:\/\/qkll.gov.al\/wp-content\/uploads\/2022\/07\/290046832_562562128675926_1644198577085586849_n-150x150.jpg\" alt=\"\" width=\"150\" height=\"150\" \/><\/a> <a href=\"https:\/\/qkll.gov.al\/wp-content\/uploads\/2022\/07\/290358738_562497592015713_7675360663717684574_n.jpg\"><img loading=\"lazy\" decoding=\"async\" class=\"alignleft size-thumbnail wp-image-9216\" src=\"https:\/\/qkll.gov.al\/wp-content\/uploads\/2022\/07\/290358738_562497592015713_7675360663717684574_n-150x150.jpg\" alt=\"\" width=\"150\" height=\"150\" \/><\/a> <a href=\"https:\/\/qkll.gov.al\/wp-content\/uploads\/2022\/07\/290540033_562497712015701_3760161608295850445_n.jpg\"><img loading=\"lazy\" decoding=\"async\" class=\"alignleft size-thumbnail wp-image-9217\" src=\"https:\/\/qkll.gov.al\/wp-content\/uploads\/2022\/07\/290540033_562497712015701_3760161608295850445_n-150x150.jpg\" alt=\"\" width=\"150\" height=\"150\" \/><\/a> <a href=\"https:\/\/qkll.gov.al\/wp-content\/uploads\/2022\/07\/291318332_562497642015708_8752798521555045500_n.jpg\"><img loading=\"lazy\" decoding=\"async\" class=\"alignleft size-thumbnail wp-image-9218\" src=\"https:\/\/qkll.gov.al\/wp-content\/uploads\/2022\/07\/291318332_562497642015708_8752798521555045500_n-150x150.jpg\" alt=\"\" width=\"150\" height=\"150\" \/><\/a><\/div>\n","protected":false},"excerpt":{"rendered":"<p>Qendra Komb\u00ebtare e Librit dhe Leximit organizoi p\u00ebr t\u00eb tretin vit radhazi ceremonin\u00eb e shpalljes s\u00eb fituesve t\u00eb Fondit p\u00ebr Krijimtarin\u00eb Letrare p\u00ebr F\u00ebmij\u00eb. Juria, e kryesuar nga shkrimtarja e let\u00ebrsis\u00eb p\u00ebr f\u00ebmij\u00eb, zonja Natasha Poro\u00e7ani Shuteriqi, si dhe an\u00ebtar\u00ebt e saj Rovena Rrozhani, shkrimtare e let\u00ebrsis\u00eb p\u00ebr f\u00ebmij\u00eb, Erion Kristo, studiues dhe p\u00ebrkthyes, vler\u00ebsuan &hellip;<\/p>\n","protected":false},"author":1,"featured_media":9216,"comment_status":"closed","ping_status":"closed","sticky":false,"template":"","format":"standard","meta":{"footnotes":""},"categories":[31,39],"tags":[],"class_list":["post-9209","post","type-post","status-publish","format-standard","has-post-thumbnail","hentry","category-aktivitete","category-te-rejat"],"_links":{"self":[{"href":"https:\/\/qkll.gov.al\/index.php?rest_route=\/wp\/v2\/posts\/9209","targetHints":{"allow":["GET"]}}],"collection":[{"href":"https:\/\/qkll.gov.al\/index.php?rest_route=\/wp\/v2\/posts"}],"about":[{"href":"https:\/\/qkll.gov.al\/index.php?rest_route=\/wp\/v2\/types\/post"}],"author":[{"embeddable":true,"href":"https:\/\/qkll.gov.al\/index.php?rest_route=\/wp\/v2\/users\/1"}],"replies":[{"embeddable":true,"href":"https:\/\/qkll.gov.al\/index.php?rest_route=%2Fwp%2Fv2%2Fcomments&post=9209"}],"version-history":[{"count":1,"href":"https:\/\/qkll.gov.al\/index.php?rest_route=\/wp\/v2\/posts\/9209\/revisions"}],"predecessor-version":[{"id":9219,"href":"https:\/\/qkll.gov.al\/index.php?rest_route=\/wp\/v2\/posts\/9209\/revisions\/9219"}],"wp:featuredmedia":[{"embeddable":true,"href":"https:\/\/qkll.gov.al\/index.php?rest_route=\/wp\/v2\/media\/9216"}],"wp:attachment":[{"href":"https:\/\/qkll.gov.al\/index.php?rest_route=%2Fwp%2Fv2%2Fmedia&parent=9209"}],"wp:term":[{"taxonomy":"category","embeddable":true,"href":"https:\/\/qkll.gov.al\/index.php?rest_route=%2Fwp%2Fv2%2Fcategories&post=9209"},{"taxonomy":"post_tag","embeddable":true,"href":"https:\/\/qkll.gov.al\/index.php?rest_route=%2Fwp%2Fv2%2Ftags&post=9209"}],"curies":[{"name":"wp","href":"https:\/\/api.w.org\/{rel}","templated":true}]}}