{"id":9072,"date":"2022-06-01T10:28:18","date_gmt":"2022-06-01T08:28:18","guid":{"rendered":"https:\/\/qkll.gov.al\/?p=9072"},"modified":"2022-06-03T10:36:18","modified_gmt":"2022-06-03T08:36:18","slug":"aktivitet-per-1-qershorin-te-qendra-e-kultures-dhe-librit-per-femije","status":"publish","type":"post","link":"https:\/\/qkll.gov.al\/?p=9072","title":{"rendered":"Aktivitet p\u00ebr 1 qershorin te Qendra e Kultur\u00ebs dhe Librit  p\u00ebr F\u00ebmije"},"content":{"rendered":"<p>Me rastin e 1 Qershorit, Dit\u00ebs Nd\u00ebrkomb\u00ebtare t\u00eb F\u00ebmij\u00ebve, Qendra Komb\u00ebtare e Librit dhe Leximit dhe Qendra e Kultur\u00ebs dhe Librit p\u00ebr F\u00ebmij\u00eb, kremtuan me f\u00ebmij\u00ebt dhe shkrimtar\u00ebt shqiptar\u00eb t\u00eb let\u00ebrsis\u00eb p\u00ebr f\u00ebmij\u00eb k\u00ebt\u00eb dit\u00eb t\u00eb ve\u00e7ant\u00eb, duke \u00e7elur nj\u00eb maraton\u00eb takimesh dhe fushate leximi e nd\u00ebrgjegj\u00ebsimi kushtuar let\u00ebrsis\u00eb p\u00ebr f\u00ebmij\u00eb,si nj\u00eb nga themelet mbi t\u00eb cilat nd\u00ebrtohen lexuesit dhe brezat e s\u00eb ardhmes.<\/p>\n<p>N\u00eb vazhd\u00eb t\u00eb politikave t\u00eb promovimit dhe mb\u00ebshtetjes s\u00eb k\u00ebsaj let\u00ebrsie, Qendra Komb\u00ebtare e Librit dhe Leximit hap edhe p\u00ebr k\u00ebt\u00eb vit, fondin e saj mb\u00ebshtet\u00ebs p\u00ebr Krijimtarin\u00eb p\u00ebr F\u00ebmij\u00eb.<\/p>\n<p><a href=\"https:\/\/qkll.gov.al\/wp-content\/uploads\/2022\/06\/285610295_543178510614288_3580288913692675555_n.jpg\"><img decoding=\"async\" class=\"alignleft size-thumbnail wp-image-9073\" src=\"https:\/\/qkll.gov.al\/wp-content\/uploads\/2022\/06\/285610295_543178510614288_3580288913692675555_n-150x150.jpg\" alt=\"\" width=\"150\" height=\"150\" \/><\/a> <a href=\"https:\/\/qkll.gov.al\/wp-content\/uploads\/2022\/06\/285629335_543178187280987_5076596423849288554_n.jpg\"><img decoding=\"async\" class=\"alignleft size-thumbnail wp-image-9074\" src=\"https:\/\/qkll.gov.al\/wp-content\/uploads\/2022\/06\/285629335_543178187280987_5076596423849288554_n-150x150.jpg\" alt=\"\" width=\"150\" height=\"150\" \/><\/a> <a href=\"https:\/\/qkll.gov.al\/wp-content\/uploads\/2022\/06\/285681412_543178487280957_890924072855052413_n.jpg\"><img decoding=\"async\" class=\"alignleft size-thumbnail wp-image-9075\" src=\"https:\/\/qkll.gov.al\/wp-content\/uploads\/2022\/06\/285681412_543178487280957_890924072855052413_n-150x150.jpg\" alt=\"\" width=\"150\" height=\"150\" \/><\/a> <a href=\"https:\/\/qkll.gov.al\/wp-content\/uploads\/2022\/06\/285688044_543178353947637_7357907040080006609_n.jpg\"><img loading=\"lazy\" decoding=\"async\" class=\"alignleft size-thumbnail wp-image-9076\" src=\"https:\/\/qkll.gov.al\/wp-content\/uploads\/2022\/06\/285688044_543178353947637_7357907040080006609_n-150x150.jpg\" alt=\"\" width=\"150\" height=\"150\" \/><\/a> <a href=\"https:\/\/qkll.gov.al\/wp-content\/uploads\/2022\/06\/285853559_543178263947646_6205069641708673478_n.jpg\"><img loading=\"lazy\" decoding=\"async\" class=\"alignleft size-thumbnail wp-image-9077\" src=\"https:\/\/qkll.gov.al\/wp-content\/uploads\/2022\/06\/285853559_543178263947646_6205069641708673478_n-150x150.jpg\" alt=\"\" width=\"150\" height=\"150\" \/><\/a><\/p>\n<p>&nbsp;<\/p>\n","protected":false},"excerpt":{"rendered":"<p>Me rastin e 1 Qershorit, Dit\u00ebs Nd\u00ebrkomb\u00ebtare t\u00eb F\u00ebmij\u00ebve, Qendra Komb\u00ebtare e Librit dhe Leximit dhe Qendra e Kultur\u00ebs dhe Librit p\u00ebr F\u00ebmij\u00eb, kremtuan me f\u00ebmij\u00ebt dhe shkrimtar\u00ebt shqiptar\u00eb t\u00eb let\u00ebrsis\u00eb p\u00ebr f\u00ebmij\u00eb k\u00ebt\u00eb dit\u00eb t\u00eb ve\u00e7ant\u00eb, duke \u00e7elur nj\u00eb maraton\u00eb takimesh dhe fushate leximi e nd\u00ebrgjegj\u00ebsimi kushtuar let\u00ebrsis\u00eb p\u00ebr f\u00ebmij\u00eb,si nj\u00eb nga themelet mbi &hellip;<\/p>\n","protected":false},"author":1,"featured_media":9074,"comment_status":"closed","ping_status":"closed","sticky":false,"template":"","format":"standard","meta":{"footnotes":""},"categories":[31,39],"tags":[],"class_list":["post-9072","post","type-post","status-publish","format-standard","has-post-thumbnail","hentry","category-aktivitete","category-te-rejat"],"_links":{"self":[{"href":"https:\/\/qkll.gov.al\/index.php?rest_route=\/wp\/v2\/posts\/9072","targetHints":{"allow":["GET"]}}],"collection":[{"href":"https:\/\/qkll.gov.al\/index.php?rest_route=\/wp\/v2\/posts"}],"about":[{"href":"https:\/\/qkll.gov.al\/index.php?rest_route=\/wp\/v2\/types\/post"}],"author":[{"embeddable":true,"href":"https:\/\/qkll.gov.al\/index.php?rest_route=\/wp\/v2\/users\/1"}],"replies":[{"embeddable":true,"href":"https:\/\/qkll.gov.al\/index.php?rest_route=%2Fwp%2Fv2%2Fcomments&post=9072"}],"version-history":[{"count":1,"href":"https:\/\/qkll.gov.al\/index.php?rest_route=\/wp\/v2\/posts\/9072\/revisions"}],"predecessor-version":[{"id":9078,"href":"https:\/\/qkll.gov.al\/index.php?rest_route=\/wp\/v2\/posts\/9072\/revisions\/9078"}],"wp:featuredmedia":[{"embeddable":true,"href":"https:\/\/qkll.gov.al\/index.php?rest_route=\/wp\/v2\/media\/9074"}],"wp:attachment":[{"href":"https:\/\/qkll.gov.al\/index.php?rest_route=%2Fwp%2Fv2%2Fmedia&parent=9072"}],"wp:term":[{"taxonomy":"category","embeddable":true,"href":"https:\/\/qkll.gov.al\/index.php?rest_route=%2Fwp%2Fv2%2Fcategories&post=9072"},{"taxonomy":"post_tag","embeddable":true,"href":"https:\/\/qkll.gov.al\/index.php?rest_route=%2Fwp%2Fv2%2Ftags&post=9072"}],"curies":[{"name":"wp","href":"https:\/\/api.w.org\/{rel}","templated":true}]}}