{"id":9039,"date":"2022-05-18T13:29:12","date_gmt":"2022-05-18T11:29:12","guid":{"rendered":"https:\/\/qkll.gov.al\/?p=9039"},"modified":"2022-06-01T09:56:58","modified_gmt":"2022-06-01T07:56:58","slug":"aktivitet-ne-kujtim-te-ndarjes-nga-jeta-te-shkrimtarit-shkelzen-zali","status":"publish","type":"post","link":"https:\/\/qkll.gov.al\/?p=9039","title":{"rendered":"Aktivitet n\u00eb kujtim t\u00eb ndarjes nga jeta t\u00eb shkrimtarit Shk\u00eblzen Zali"},"content":{"rendered":"<p>Kujtuam sot n\u00eb dy vjetorin e ndarjes nga jeta, shkrimtarin q\u00eb i ka dh\u00ebn\u00eb aq shum\u00eb let\u00ebrsis\u00eb p\u00ebr f\u00ebmij\u00eb Shk\u00eblzen Zalli!<\/p>\n<p><a href=\"https:\/\/qkll.gov.al\/wp-content\/uploads\/2022\/05\/281747846_533972314868241_2381988128253050948_n.jpg\"><img decoding=\"async\" class=\"alignleft size-thumbnail wp-image-9040\" src=\"https:\/\/qkll.gov.al\/wp-content\/uploads\/2022\/05\/281747846_533972314868241_2381988128253050948_n-150x150.jpg\" alt=\"\" width=\"150\" height=\"150\" \/><\/a> <a href=\"https:\/\/qkll.gov.al\/wp-content\/uploads\/2022\/05\/282007716_533972334868239_5686049169869650060_n.jpg\"><img decoding=\"async\" class=\"alignleft size-thumbnail wp-image-9041\" src=\"https:\/\/qkll.gov.al\/wp-content\/uploads\/2022\/05\/282007716_533972334868239_5686049169869650060_n-150x150.jpg\" alt=\"\" width=\"150\" height=\"150\" \/><\/a> <a href=\"https:\/\/qkll.gov.al\/wp-content\/uploads\/2022\/05\/282132419_533972328201573_2785825051355279528_n.jpg\"><img decoding=\"async\" class=\"alignleft size-thumbnail wp-image-9042\" src=\"https:\/\/qkll.gov.al\/wp-content\/uploads\/2022\/05\/282132419_533972328201573_2785825051355279528_n-150x150.jpg\" alt=\"\" width=\"150\" height=\"150\" \/><\/a> <a href=\"https:\/\/qkll.gov.al\/wp-content\/uploads\/2022\/05\/282273579_533972304868242_7521131152299348362_n.jpg\"><img loading=\"lazy\" decoding=\"async\" class=\"alignleft size-thumbnail wp-image-9043\" src=\"https:\/\/qkll.gov.al\/wp-content\/uploads\/2022\/05\/282273579_533972304868242_7521131152299348362_n-150x150.jpg\" alt=\"\" width=\"150\" height=\"150\" \/><\/a><\/p>\n","protected":false},"excerpt":{"rendered":"<p>Kujtuam sot n\u00eb dy vjetorin e ndarjes nga jeta, shkrimtarin q\u00eb i ka dh\u00ebn\u00eb aq shum\u00eb let\u00ebrsis\u00eb p\u00ebr f\u00ebmij\u00eb Shk\u00eblzen Zalli!<\/p>\n","protected":false},"author":1,"featured_media":9040,"comment_status":"closed","ping_status":"closed","sticky":false,"template":"","format":"standard","meta":{"footnotes":""},"categories":[31,39],"tags":[],"class_list":["post-9039","post","type-post","status-publish","format-standard","has-post-thumbnail","hentry","category-aktivitete","category-te-rejat"],"_links":{"self":[{"href":"https:\/\/qkll.gov.al\/index.php?rest_route=\/wp\/v2\/posts\/9039","targetHints":{"allow":["GET"]}}],"collection":[{"href":"https:\/\/qkll.gov.al\/index.php?rest_route=\/wp\/v2\/posts"}],"about":[{"href":"https:\/\/qkll.gov.al\/index.php?rest_route=\/wp\/v2\/types\/post"}],"author":[{"embeddable":true,"href":"https:\/\/qkll.gov.al\/index.php?rest_route=\/wp\/v2\/users\/1"}],"replies":[{"embeddable":true,"href":"https:\/\/qkll.gov.al\/index.php?rest_route=%2Fwp%2Fv2%2Fcomments&post=9039"}],"version-history":[{"count":1,"href":"https:\/\/qkll.gov.al\/index.php?rest_route=\/wp\/v2\/posts\/9039\/revisions"}],"predecessor-version":[{"id":9044,"href":"https:\/\/qkll.gov.al\/index.php?rest_route=\/wp\/v2\/posts\/9039\/revisions\/9044"}],"wp:featuredmedia":[{"embeddable":true,"href":"https:\/\/qkll.gov.al\/index.php?rest_route=\/wp\/v2\/media\/9040"}],"wp:attachment":[{"href":"https:\/\/qkll.gov.al\/index.php?rest_route=%2Fwp%2Fv2%2Fmedia&parent=9039"}],"wp:term":[{"taxonomy":"category","embeddable":true,"href":"https:\/\/qkll.gov.al\/index.php?rest_route=%2Fwp%2Fv2%2Fcategories&post=9039"},{"taxonomy":"post_tag","embeddable":true,"href":"https:\/\/qkll.gov.al\/index.php?rest_route=%2Fwp%2Fv2%2Ftags&post=9039"}],"curies":[{"name":"wp","href":"https:\/\/api.w.org\/{rel}","templated":true}]}}