{"id":8963,"date":"2022-04-23T12:03:49","date_gmt":"2022-04-23T10:03:49","guid":{"rendered":"https:\/\/qkll.gov.al\/?p=8963"},"modified":"2022-05-18T11:25:15","modified_gmt":"2022-05-18T09:25:15","slug":"aktiviteti-perurues-te-librit-enigma-e-poezise-nga-poeti-dhe-akademiku-sabri-hamiti","status":"publish","type":"post","link":"https:\/\/qkll.gov.al\/?p=8963","title":{"rendered":"Aktiviteti p\u00ebrurues t\u00eb librit &#8220;Enigma e Poezis\u00eb&#8221; nga poeti dhe akademiku Sabri Hamiti"},"content":{"rendered":"<div dir=\"auto\">N\u00eb kuad\u00ebr t\u00eb dit\u00ebve t\u00eb Panairit Mbar\u00ebkomb\u00ebtar t\u00eb Librit Akademik dhe Shkencor t\u00eb mbajtur gjat\u00eb datave 22-24 prill, Qendra Komb\u00ebtare e Librit dhe Leximit organizoi aktivitetin p\u00ebrurues t\u00eb librit &#8220;Enigma e Poezis\u00eb&#8221; nga poeti dhe akademiku Sabri Hamiti, botim ky i Akademis\u00eb s\u00eb Shkencave dhe Arteve t\u00eb Kosov\u00ebs. Prof. Nusret Krasniqi mbajti kumtes\u00ebn e tij n\u00eb paraqitjen e k\u00ebtij botimi dhe t\u00eb r\u00ebnd\u00ebsis\u00eb q\u00eb mbart ve\u00e7mas ky botim dhe n\u00eb t\u00ebr\u00ebsi e gjith\u00eb vepra studimore e akad. Hamitit p\u00ebr studimet letrare n\u00eb trojet shqipfol\u00ebse, si nj\u00eb referenc\u00eb e domosdosdoshme dhe e pashmangshme q\u00eb n\u00eb fillimet e saj, kjo p\u00ebr faktin e vlerave diturake q\u00eb veprat e tij p\u00ebrcjellin.<\/div>\n<div dir=\"auto\"><\/div>\n<div dir=\"auto\">Drejtoresha e QKLL-s\u00eb, zonja Alda Bardhyli, shprehu nderimin dhe vler\u00ebsimin e saj p\u00ebr z\u00ebrin q\u00eb p\u00ebrfaq\u00ebson Sabri Hamiti n\u00eb letrat shqipe si poet dhe p\u00ebr kontributin e vyer n\u00eb l\u00ebmin e studimeve letrare.<\/div>\n<div dir=\"auto\"><\/div>\n<div dir=\"auto\">Akademik Mehmet Kraja, n\u00eb cil\u00ebsin\u00eb e Kryetarit t\u00eb ASHAK-ut, si dhe studiues e shkrimtar\u00eb t\u00eb ftuar si akademik Ali Aliu, poetet Mimoza Ahmeti dhe Rita Petro, shpreh\u00ebn vler\u00ebsimet e tyre p\u00ebr vepr\u00ebn letrare dhe studimore t\u00eb Sabri Hamitit, si dhe ndikimin q\u00eb ajo ka pasur sidomos n\u00eb Shqip\u00ebri.<\/div>\n<div dir=\"auto\"><\/div>\n<div dir=\"auto\"><a href=\"https:\/\/qkll.gov.al\/wp-content\/uploads\/2022\/04\/278926789_517361109862695_8720842586066545184_n.jpg\"><img decoding=\"async\" class=\"alignleft size-thumbnail wp-image-8964\" src=\"https:\/\/qkll.gov.al\/wp-content\/uploads\/2022\/04\/278926789_517361109862695_8720842586066545184_n-150x150.jpg\" alt=\"\" width=\"150\" height=\"150\" \/><\/a> <a href=\"https:\/\/qkll.gov.al\/wp-content\/uploads\/2022\/04\/278993757_517361089862697_3878138740600567787_n-1.jpg\"><img decoding=\"async\" class=\"alignleft size-thumbnail wp-image-8965\" src=\"https:\/\/qkll.gov.al\/wp-content\/uploads\/2022\/04\/278993757_517361089862697_3878138740600567787_n-1-150x150.jpg\" alt=\"\" width=\"150\" height=\"150\" \/><\/a><\/div>\n","protected":false},"excerpt":{"rendered":"<p>N\u00eb kuad\u00ebr t\u00eb dit\u00ebve t\u00eb Panairit Mbar\u00ebkomb\u00ebtar t\u00eb Librit Akademik dhe Shkencor t\u00eb mbajtur gjat\u00eb datave 22-24 prill, Qendra Komb\u00ebtare e Librit dhe Leximit organizoi aktivitetin p\u00ebrurues t\u00eb librit &#8220;Enigma e Poezis\u00eb&#8221; nga poeti dhe akademiku Sabri Hamiti, botim ky i Akademis\u00eb s\u00eb Shkencave dhe Arteve t\u00eb Kosov\u00ebs. Prof. Nusret Krasniqi mbajti kumtes\u00ebn e tij &hellip;<\/p>\n","protected":false},"author":1,"featured_media":8965,"comment_status":"closed","ping_status":"closed","sticky":false,"template":"","format":"standard","meta":{"footnotes":""},"categories":[31,39],"tags":[],"class_list":["post-8963","post","type-post","status-publish","format-standard","has-post-thumbnail","hentry","category-aktivitete","category-te-rejat"],"_links":{"self":[{"href":"https:\/\/qkll.gov.al\/index.php?rest_route=\/wp\/v2\/posts\/8963","targetHints":{"allow":["GET"]}}],"collection":[{"href":"https:\/\/qkll.gov.al\/index.php?rest_route=\/wp\/v2\/posts"}],"about":[{"href":"https:\/\/qkll.gov.al\/index.php?rest_route=\/wp\/v2\/types\/post"}],"author":[{"embeddable":true,"href":"https:\/\/qkll.gov.al\/index.php?rest_route=\/wp\/v2\/users\/1"}],"replies":[{"embeddable":true,"href":"https:\/\/qkll.gov.al\/index.php?rest_route=%2Fwp%2Fv2%2Fcomments&post=8963"}],"version-history":[{"count":1,"href":"https:\/\/qkll.gov.al\/index.php?rest_route=\/wp\/v2\/posts\/8963\/revisions"}],"predecessor-version":[{"id":8966,"href":"https:\/\/qkll.gov.al\/index.php?rest_route=\/wp\/v2\/posts\/8963\/revisions\/8966"}],"wp:featuredmedia":[{"embeddable":true,"href":"https:\/\/qkll.gov.al\/index.php?rest_route=\/wp\/v2\/media\/8965"}],"wp:attachment":[{"href":"https:\/\/qkll.gov.al\/index.php?rest_route=%2Fwp%2Fv2%2Fmedia&parent=8963"}],"wp:term":[{"taxonomy":"category","embeddable":true,"href":"https:\/\/qkll.gov.al\/index.php?rest_route=%2Fwp%2Fv2%2Fcategories&post=8963"},{"taxonomy":"post_tag","embeddable":true,"href":"https:\/\/qkll.gov.al\/index.php?rest_route=%2Fwp%2Fv2%2Ftags&post=8963"}],"curies":[{"name":"wp","href":"https:\/\/api.w.org\/{rel}","templated":true}]}}