{"id":8925,"date":"2022-04-15T10:08:16","date_gmt":"2022-04-15T08:08:16","guid":{"rendered":"https:\/\/qkll.gov.al\/?p=8925"},"modified":"2022-05-18T11:26:38","modified_gmt":"2022-05-18T09:26:38","slug":"mbledhja-e-jurise-per-te-rinj","status":"publish","type":"post","link":"https:\/\/qkll.gov.al\/?p=8925","title":{"rendered":"Mbledhja e Juris\u00eb p\u00ebr t\u00eb Rinj"},"content":{"rendered":"<div class=\"kvgmc6g5 cxmmr5t8 oygrvhab hcukyx3x c1et5uql ii04i59q\">\n<div dir=\"auto\">Juria e Fondit t\u00eb Krijimtaris\u00eb p\u00ebr t\u00eb Rinj, me kryetare studiuesen Lili Sula, dhe an\u00ebtar\u00eb shkrimtar\u00ebt Virion Gra\u00e7i dhe Alfred Peza, u mblodh\u00ebn p\u00ebr t\u00eb diskutuar mbi aplikimet e ardhura pran\u00eb QKLL-s\u00eb n\u00eb k\u00ebt\u00eb fond mb\u00ebshtet\u00ebs. N\u00eb p\u00ebrfundim t\u00eb k\u00ebtij procesi t\u00eb par\u00eb, kan\u00eb marr\u00eb pjes\u00eb 17 aplikant\u00eb n\u00eb gjinin\u00eb e proz\u00ebs dhe t\u00eb poezis\u00eb.<\/div>\n<div dir=\"auto\"><\/div>\n<\/div>\n<div class=\"cxmmr5t8 oygrvhab hcukyx3x c1et5uql o9v6fnle ii04i59q\">\n<div dir=\"auto\"><strong>APLIKIMET:<\/strong><\/div>\n<\/div>\n<div class=\"cxmmr5t8 oygrvhab hcukyx3x c1et5uql o9v6fnle ii04i59q\">\n<div dir=\"auto\">1. Rei Hodo, &#8220;Apricus&#8221;, poezi, Botimet Jozef<\/div>\n<div dir=\"auto\">2. Marinela Ajasllari, &#8220;Jam varg i lir\u00eb&#8221;, poezi Botimet ADA<\/div>\n<div dir=\"auto\">3. Sokol Thana, &#8220;P\u00ebrtej imagjinat\u00ebs&#8221;, proz\u00eb, Botimet Toena<\/div>\n<div dir=\"auto\">4. Alban Tufa, &#8220;Nishanet n\u00eb form\u00eb L-je&#8221;, roman, Botimet Toena<\/div>\n<div dir=\"auto\">5. Bjorn Kamberi, &#8220;Dita e fundit e Mesjet\u00ebs&#8221;, novel\u00eb, UET Press<\/div>\n<div dir=\"auto\">6. Enea Ru\u00e7i, &#8220;Diej t\u00eb larg\u00ebt&#8221;, proz\u00eb, Albas<\/div>\n<div dir=\"auto\">7. Xhoana Jaku, &#8220;Drit\u00ebhijet, fatet&#8221; fantashkenc\u00eb, Albas<\/div>\n<div dir=\"auto\">8. Eir Plasari, &#8220;Tirana Redux&#8221;, proz\u00eb, Albas<\/div>\n<div dir=\"auto\">9. Endri Qenanaj, &#8220;Anatomia e pafaj\u00ebsis\u00eb&#8221;, proz\u00eb, Albas<\/div>\n<div dir=\"auto\">10. Behar Jacaj, &#8220;Hoteli p\u00ebrbri kish\u00ebs&#8221;, tregime, Albas<\/div>\n<div dir=\"auto\">11. Danjela Vladi, &#8220;Muzgu i m\u00ebngjesit tim&#8221;, poezi, Albas<\/div>\n<div dir=\"auto\">12. Adrian Zalla, &#8220;ART&#8221;, novel\u00eb, Albas<\/div>\n<div dir=\"auto\">13. D\u00ebfrim Deda, &#8220;Hap&#8217;syr\u00eb&#8221;, poezi, Botimet Fishta<\/div>\n<div dir=\"auto\">14. Ermelinda Pashaj, &#8220;Vajza e dhom\u00ebs 11&#8221;, roman, Botimet Mediaprint<\/div>\n<div dir=\"auto\">15. Ermal Lala, &#8220;Spirit&#8221;, roman, Botimet Muzg<\/div>\n<div dir=\"auto\">16. Bora K\u00ebrtusha, &#8220;Peng i braktisur&#8221;, roman, Argeta LMG<\/div>\n<div dir=\"auto\">17. Flogerta Krypi, &#8220;28 rrahje zemre matematikore&#8221;, roman, Argeta LMG<\/div>\n<\/div>\n<div dir=\"auto\"><a href=\"https:\/\/qkll.gov.al\/wp-content\/uploads\/2022\/04\/277786970_512519817013491_3084398484865855485_n.jpg\"><img decoding=\"async\" class=\"alignleft size-thumbnail wp-image-8927\" src=\"https:\/\/qkll.gov.al\/wp-content\/uploads\/2022\/04\/277786970_512519817013491_3084398484865855485_n-150x150.jpg\" alt=\"\" width=\"150\" height=\"150\" \/><\/a> <a href=\"https:\/\/qkll.gov.al\/wp-content\/uploads\/2022\/04\/277801716_512519467013526_185886962872501875_n.jpg\"><img decoding=\"async\" class=\"alignleft size-thumbnail wp-image-8928\" src=\"https:\/\/qkll.gov.al\/wp-content\/uploads\/2022\/04\/277801716_512519467013526_185886962872501875_n-150x150.jpg\" alt=\"\" width=\"150\" height=\"150\" \/><\/a> <a href=\"https:\/\/qkll.gov.al\/wp-content\/uploads\/2022\/04\/277805134_512519740346832_2220797947321245230_n.jpg\"><img decoding=\"async\" class=\"alignleft size-thumbnail wp-image-8929\" src=\"https:\/\/qkll.gov.al\/wp-content\/uploads\/2022\/04\/277805134_512519740346832_2220797947321245230_n-150x150.jpg\" alt=\"\" width=\"150\" height=\"150\" \/><\/a> <a href=\"https:\/\/qkll.gov.al\/wp-content\/uploads\/2022\/04\/277808489_512519573680182_5877662356314813275_n.jpg\"><img loading=\"lazy\" decoding=\"async\" class=\"alignleft size-thumbnail wp-image-8930\" src=\"https:\/\/qkll.gov.al\/wp-content\/uploads\/2022\/04\/277808489_512519573680182_5877662356314813275_n-150x150.jpg\" alt=\"\" width=\"150\" height=\"150\" \/><\/a> <a href=\"https:\/\/qkll.gov.al\/wp-content\/uploads\/2022\/04\/278355087_512519770346829_6700832384719680852_n.jpg\"><img loading=\"lazy\" decoding=\"async\" class=\"alignleft size-thumbnail wp-image-8931\" src=\"https:\/\/qkll.gov.al\/wp-content\/uploads\/2022\/04\/278355087_512519770346829_6700832384719680852_n-150x150.jpg\" alt=\"\" width=\"150\" height=\"150\" \/><\/a><\/div>\n<div class=\"cxmmr5t8 oygrvhab hcukyx3x c1et5uql o9v6fnle ii04i59q\">\n<div dir=\"auto\"><\/div>\n<\/div>\n","protected":false},"excerpt":{"rendered":"<p>Juria e Fondit t\u00eb Krijimtaris\u00eb p\u00ebr t\u00eb Rinj, me kryetare studiuesen Lili Sula, dhe an\u00ebtar\u00eb shkrimtar\u00ebt Virion Gra\u00e7i dhe Alfred Peza, u mblodh\u00ebn p\u00ebr t\u00eb diskutuar mbi aplikimet e ardhura pran\u00eb QKLL-s\u00eb n\u00eb k\u00ebt\u00eb fond mb\u00ebshtet\u00ebs. N\u00eb p\u00ebrfundim t\u00eb k\u00ebtij procesi t\u00eb par\u00eb, kan\u00eb marr\u00eb pjes\u00eb 17 aplikant\u00eb n\u00eb gjinin\u00eb e proz\u00ebs dhe t\u00eb poezis\u00eb. &hellip;<\/p>\n","protected":false},"author":1,"featured_media":8928,"comment_status":"closed","ping_status":"closed","sticky":false,"template":"","format":"standard","meta":{"footnotes":""},"categories":[31,39],"tags":[],"class_list":["post-8925","post","type-post","status-publish","format-standard","has-post-thumbnail","hentry","category-aktivitete","category-te-rejat"],"_links":{"self":[{"href":"https:\/\/qkll.gov.al\/index.php?rest_route=\/wp\/v2\/posts\/8925","targetHints":{"allow":["GET"]}}],"collection":[{"href":"https:\/\/qkll.gov.al\/index.php?rest_route=\/wp\/v2\/posts"}],"about":[{"href":"https:\/\/qkll.gov.al\/index.php?rest_route=\/wp\/v2\/types\/post"}],"author":[{"embeddable":true,"href":"https:\/\/qkll.gov.al\/index.php?rest_route=\/wp\/v2\/users\/1"}],"replies":[{"embeddable":true,"href":"https:\/\/qkll.gov.al\/index.php?rest_route=%2Fwp%2Fv2%2Fcomments&post=8925"}],"version-history":[{"count":1,"href":"https:\/\/qkll.gov.al\/index.php?rest_route=\/wp\/v2\/posts\/8925\/revisions"}],"predecessor-version":[{"id":8932,"href":"https:\/\/qkll.gov.al\/index.php?rest_route=\/wp\/v2\/posts\/8925\/revisions\/8932"}],"wp:featuredmedia":[{"embeddable":true,"href":"https:\/\/qkll.gov.al\/index.php?rest_route=\/wp\/v2\/media\/8928"}],"wp:attachment":[{"href":"https:\/\/qkll.gov.al\/index.php?rest_route=%2Fwp%2Fv2%2Fmedia&parent=8925"}],"wp:term":[{"taxonomy":"category","embeddable":true,"href":"https:\/\/qkll.gov.al\/index.php?rest_route=%2Fwp%2Fv2%2Fcategories&post=8925"},{"taxonomy":"post_tag","embeddable":true,"href":"https:\/\/qkll.gov.al\/index.php?rest_route=%2Fwp%2Fv2%2Ftags&post=8925"}],"curies":[{"name":"wp","href":"https:\/\/api.w.org\/{rel}","templated":true}]}}