{"id":8885,"date":"2022-04-01T11:59:59","date_gmt":"2022-04-01T09:59:59","guid":{"rendered":"https:\/\/qkll.gov.al\/?p=8885"},"modified":"2022-04-04T16:14:11","modified_gmt":"2022-04-04T14:14:11","slug":"drejtoresha-e-qkll-se-ne-nje-vizite-te-akademia-e-shkencave-te-shqiperise-per-te-diskutuar-mbi-organizimin-e-panairit-te-librit-akademik-e-shkencor","status":"publish","type":"post","link":"https:\/\/qkll.gov.al\/?p=8885","title":{"rendered":"Qendra Komb\u00ebtare e Librit dhe Leximit do t\u2019iu bashkohet kremtimeve t\u00eb 50-t\u00eb vjetorit t\u00eb themelimit t\u00eb Akademis\u00eb s\u00eb Shkencave t\u00eb Shqip\u00ebris\u00eb"},"content":{"rendered":"<div dir=\"auto\">\n<p>Qendra Komb\u00ebtare e Librit dhe Leximit do t\u2019iu bashkohet kremtimeve t\u00eb 50-t\u00eb vjetorit t\u00eb themelimit t\u00eb Akademis\u00eb s\u00eb Shkencave t\u00eb Shqip\u00ebris\u00eb.<\/p>\n<p>Bashk\u00eb me Akademin\u00eb e Shkencave dhe Arteve t\u00eb Kosov\u00ebs, kremtimet p\u00ebr k\u00ebt\u00eb ngjarje t\u00eb r\u00ebnd\u00ebsishme do t\u00eb nisin me Panairin e par\u00eb t\u00eb Librit Akademik e Shkencor, nga datat 22-24 prill 2022.<\/p>\n<p>Vendi i zhvillimit t\u00eb k\u00ebtij panairi do t\u00eb alternohet: nj\u00eb vit n\u00eb Tiran\u00eb e nj\u00eb vit n\u00eb Prishtin\u00eb, me periodicitet t\u00eb rregullt. Panairi do t\u00eb hapet m\u00eb 22 prill, n\u00eb prag t\u00eb Dit\u00ebs Bot\u00ebrore t\u00eb Librit dhe t\u00eb s\u00eb Drejt\u00ebs s\u00eb Autorit. P\u00ebrgjat\u00eb dit\u00ebve t\u00eb tij, do t\u00eb ket\u00eb aktivitete t\u00eb ndryshme kushtuar librit shkencor dhe akademik.<\/p>\n<p>Sot diskutuam mbi programin e k\u00ebtyre dit\u00ebve q\u00eb k\u00ebrkont\u00eb riktheje v\u00ebm\u00ebndjen (e kujt?) tek r\u00ebnd\u00ebsia e shkenc\u00ebs dhe t\u00eb autor\u00ebve q\u00eb kan\u00eb kontribuar n\u00eb zhvillimin e mendimit shkencor n\u00eb vend.<\/p>\n<p><a style=\"color: #c95d5d;\" href=\"https:\/\/qkll.gov.al\/wp-content\/uploads\/2022\/04\/277799709_503940567871416_4506044172528637525_n.jpg\"><img decoding=\"async\" class=\"alignleft size-thumbnail wp-image-8888\" src=\"https:\/\/qkll.gov.al\/wp-content\/uploads\/2022\/04\/277799709_503940567871416_4506044172528637525_n-150x150.jpg\" alt=\"\" width=\"150\" height=\"150\" \/><\/a><a href=\"https:\/\/qkll.gov.al\/wp-content\/uploads\/2022\/04\/277572803_503941604537979_2125749054477410139_n.jpg\"><img decoding=\"async\" class=\"alignleft size-thumbnail wp-image-8886\" src=\"https:\/\/qkll.gov.al\/wp-content\/uploads\/2022\/04\/277572803_503941604537979_2125749054477410139_n-150x150.jpg\" alt=\"\" width=\"150\" height=\"150\" \/><\/a><a href=\"https:\/\/qkll.gov.al\/wp-content\/uploads\/2022\/04\/277810005_503940571204749_8732319436693494349_n.jpg\"><img decoding=\"async\" class=\"alignleft size-thumbnail wp-image-8889\" src=\"https:\/\/qkll.gov.al\/wp-content\/uploads\/2022\/04\/277810005_503940571204749_8732319436693494349_n-150x150.jpg\" alt=\"\" width=\"150\" height=\"150\" \/><\/a> <a href=\"https:\/\/qkll.gov.al\/wp-content\/uploads\/2022\/04\/277725738_503940561204750_6033162296146124985_n.jpg\"><img loading=\"lazy\" decoding=\"async\" class=\"alignleft size-thumbnail wp-image-8887\" src=\"https:\/\/qkll.gov.al\/wp-content\/uploads\/2022\/04\/277725738_503940561204750_6033162296146124985_n-150x150.jpg\" alt=\"\" width=\"150\" height=\"150\" \/><\/a><\/p>\n<p>&nbsp;<\/p>\n<\/div>\n","protected":false},"excerpt":{"rendered":"<p>Qendra Komb\u00ebtare e Librit dhe Leximit do t\u2019iu bashkohet kremtimeve t\u00eb 50-t\u00eb vjetorit t\u00eb themelimit t\u00eb Akademis\u00eb s\u00eb Shkencave t\u00eb Shqip\u00ebris\u00eb. Bashk\u00eb me Akademin\u00eb e Shkencave dhe Arteve t\u00eb Kosov\u00ebs, kremtimet p\u00ebr k\u00ebt\u00eb ngjarje t\u00eb r\u00ebnd\u00ebsishme do t\u00eb nisin me Panairin e par\u00eb t\u00eb Librit Akademik e Shkencor, nga datat 22-24 prill 2022. Vendi i &hellip;<\/p>\n","protected":false},"author":1,"featured_media":8887,"comment_status":"closed","ping_status":"closed","sticky":false,"template":"","format":"standard","meta":{"footnotes":""},"categories":[31,39],"tags":[],"class_list":["post-8885","post","type-post","status-publish","format-standard","has-post-thumbnail","hentry","category-aktivitete","category-te-rejat"],"_links":{"self":[{"href":"https:\/\/qkll.gov.al\/index.php?rest_route=\/wp\/v2\/posts\/8885","targetHints":{"allow":["GET"]}}],"collection":[{"href":"https:\/\/qkll.gov.al\/index.php?rest_route=\/wp\/v2\/posts"}],"about":[{"href":"https:\/\/qkll.gov.al\/index.php?rest_route=\/wp\/v2\/types\/post"}],"author":[{"embeddable":true,"href":"https:\/\/qkll.gov.al\/index.php?rest_route=\/wp\/v2\/users\/1"}],"replies":[{"embeddable":true,"href":"https:\/\/qkll.gov.al\/index.php?rest_route=%2Fwp%2Fv2%2Fcomments&post=8885"}],"version-history":[{"count":2,"href":"https:\/\/qkll.gov.al\/index.php?rest_route=\/wp\/v2\/posts\/8885\/revisions"}],"predecessor-version":[{"id":8891,"href":"https:\/\/qkll.gov.al\/index.php?rest_route=\/wp\/v2\/posts\/8885\/revisions\/8891"}],"wp:featuredmedia":[{"embeddable":true,"href":"https:\/\/qkll.gov.al\/index.php?rest_route=\/wp\/v2\/media\/8887"}],"wp:attachment":[{"href":"https:\/\/qkll.gov.al\/index.php?rest_route=%2Fwp%2Fv2%2Fmedia&parent=8885"}],"wp:term":[{"taxonomy":"category","embeddable":true,"href":"https:\/\/qkll.gov.al\/index.php?rest_route=%2Fwp%2Fv2%2Fcategories&post=8885"},{"taxonomy":"post_tag","embeddable":true,"href":"https:\/\/qkll.gov.al\/index.php?rest_route=%2Fwp%2Fv2%2Ftags&post=8885"}],"curies":[{"name":"wp","href":"https:\/\/api.w.org\/{rel}","templated":true}]}}