{"id":8792,"date":"2022-03-06T11:35:53","date_gmt":"2022-03-06T10:35:53","guid":{"rendered":"https:\/\/qkll.gov.al\/?p=8792"},"modified":"2022-03-14T16:22:14","modified_gmt":"2022-03-14T15:22:14","slug":"vepra-fituese-e-fondit-te-krijimtarise-letrare-per-te-rinj-pas-pakt-me-autor-ledian-gjecin-do-ngjitet-ne-skenen-e-teatrit-kombetar-eksperimental-kujtim-spahivogli","status":"publish","type":"post","link":"https:\/\/qkll.gov.al\/?p=8792","title":{"rendered":"Vepra fituese e Fondit t\u00eb Krijimtaris\u00eb Letrare p\u00ebr t\u00eb Rinj &#8220;Pas pakt&#8221;, me autor Ledian Gje\u00e7in, do ngjitet n\u00eb sken\u00ebn e Teatrit Komb\u00ebtar Eksperimental &#8220;Kujtim Spahivogli&#8221;"},"content":{"rendered":"<div dir=\"auto\">&#8220;Pak pakt\u201d, vepra me autor Ledian Gje\u00e7in, vijon t\u00eb ngjitet n\u00eb sken\u00ebn e Teatrit Komb\u00ebtar Eksperimental &#8220;Kujtim Spahivogli&#8221; deri m\u00eb 6 mars 2022. Nj\u00eb vep\u00ebr e fort\u00eb, thell\u00ebsisht shqiptare<\/div>\n<div dir=\"auto\"><\/div>\n<div dir=\"auto\">Kjo vep\u00ebr u shpall nj\u00eb vit m\u00eb par\u00eb fituese e Fondit t\u00eb Krijimtaris\u00eb Letrare p\u00ebr t\u00eb Rinj, nga Qendra Komb\u00ebtare e Librit dhe Leximit dhe Ministria e Kultur\u00ebs.<\/div>\n<div dir=\"auto\"><\/div>\n<div dir=\"auto\">P\u00ebr her\u00eb t\u00eb par\u00eb ne b\u00ebm\u00eb pjes\u00eb t\u00eb k\u00ebtij fondi edhe dramaturgjin\u00eb, duke mb\u00ebshtetur vazhdim\u00ebsin\u00eb e nj\u00eb tradite t\u00eb mir\u00eb n\u00eb dram\u00ebn shqipe.<\/div>\n<div dir=\"auto\"><\/div>\n<div dir=\"auto\">Fondi i Krijimtaris\u00eb Letrare p\u00ebr t\u00eb Rinj vijon t\u00eb jet\u00eb i hapur deri m\u00eb 15 mars!<\/div>\n<div dir=\"auto\">Krahas shkrimtar\u00ebve dhe poet\u00ebve ftojm\u00eb dramaturg\u00ebt e rinj t\u00eb sjellin dor\u00ebshkrimet e tyre pran\u00eb Qendr\u00ebs Komb\u00ebtare t\u00eb Librit dhe Leximit.<\/div>\n<div dir=\"auto\"><\/div>\n<div dir=\"auto\"><a href=\"https:\/\/qkll.gov.al\/wp-content\/uploads\/2022\/03\/275172671_486212596310880_6924588912591329407_n-1.jpg\"><img decoding=\"async\" class=\"alignleft size-thumbnail wp-image-8793\" src=\"https:\/\/qkll.gov.al\/wp-content\/uploads\/2022\/03\/275172671_486212596310880_6924588912591329407_n-1-150x150.jpg\" alt=\"\" width=\"150\" height=\"150\" \/><\/a> <a href=\"https:\/\/qkll.gov.al\/wp-content\/uploads\/2022\/03\/275222443_486208799644593_270401501587909931_n-1.jpg\"><img decoding=\"async\" class=\"alignleft size-thumbnail wp-image-8794\" src=\"https:\/\/qkll.gov.al\/wp-content\/uploads\/2022\/03\/275222443_486208799644593_270401501587909931_n-1-150x150.jpg\" alt=\"\" width=\"150\" height=\"150\" \/><\/a><\/div>\n","protected":false},"excerpt":{"rendered":"<p>&#8220;Pak pakt\u201d, vepra me autor Ledian Gje\u00e7in, vijon t\u00eb ngjitet n\u00eb sken\u00ebn e Teatrit Komb\u00ebtar Eksperimental &#8220;Kujtim Spahivogli&#8221; deri m\u00eb 6 mars 2022. Nj\u00eb vep\u00ebr e fort\u00eb, thell\u00ebsisht shqiptare Kjo vep\u00ebr u shpall nj\u00eb vit m\u00eb par\u00eb fituese e Fondit t\u00eb Krijimtaris\u00eb Letrare p\u00ebr t\u00eb Rinj, nga Qendra Komb\u00ebtare e Librit dhe Leximit dhe Ministria &hellip;<\/p>\n","protected":false},"author":1,"featured_media":8793,"comment_status":"closed","ping_status":"closed","sticky":false,"template":"","format":"standard","meta":{"footnotes":""},"categories":[31,39],"tags":[],"class_list":["post-8792","post","type-post","status-publish","format-standard","has-post-thumbnail","hentry","category-aktivitete","category-te-rejat"],"_links":{"self":[{"href":"https:\/\/qkll.gov.al\/index.php?rest_route=\/wp\/v2\/posts\/8792","targetHints":{"allow":["GET"]}}],"collection":[{"href":"https:\/\/qkll.gov.al\/index.php?rest_route=\/wp\/v2\/posts"}],"about":[{"href":"https:\/\/qkll.gov.al\/index.php?rest_route=\/wp\/v2\/types\/post"}],"author":[{"embeddable":true,"href":"https:\/\/qkll.gov.al\/index.php?rest_route=\/wp\/v2\/users\/1"}],"replies":[{"embeddable":true,"href":"https:\/\/qkll.gov.al\/index.php?rest_route=%2Fwp%2Fv2%2Fcomments&post=8792"}],"version-history":[{"count":1,"href":"https:\/\/qkll.gov.al\/index.php?rest_route=\/wp\/v2\/posts\/8792\/revisions"}],"predecessor-version":[{"id":8795,"href":"https:\/\/qkll.gov.al\/index.php?rest_route=\/wp\/v2\/posts\/8792\/revisions\/8795"}],"wp:featuredmedia":[{"embeddable":true,"href":"https:\/\/qkll.gov.al\/index.php?rest_route=\/wp\/v2\/media\/8793"}],"wp:attachment":[{"href":"https:\/\/qkll.gov.al\/index.php?rest_route=%2Fwp%2Fv2%2Fmedia&parent=8792"}],"wp:term":[{"taxonomy":"category","embeddable":true,"href":"https:\/\/qkll.gov.al\/index.php?rest_route=%2Fwp%2Fv2%2Fcategories&post=8792"},{"taxonomy":"post_tag","embeddable":true,"href":"https:\/\/qkll.gov.al\/index.php?rest_route=%2Fwp%2Fv2%2Ftags&post=8792"}],"curies":[{"name":"wp","href":"https:\/\/api.w.org\/{rel}","templated":true}]}}