{"id":8753,"date":"2022-03-01T09:59:33","date_gmt":"2022-03-01T08:59:33","guid":{"rendered":"https:\/\/qkll.gov.al\/?p=8753"},"modified":"2022-03-14T16:22:23","modified_gmt":"2022-03-14T15:22:23","slug":"perkthyesit-farketaret-e-gjuhes-aktivitet-ne-kuader-te-celjes-se-muajit-te-frankofonise-2022","status":"publish","type":"post","link":"https:\/\/qkll.gov.al\/?p=8753","title":{"rendered":"\u201cP\u00ebrkthyesit, fark\u00ebtar\u00ebt e gjuh\u00ebs\u201d &#8211; aktivitet n\u00eb kuad\u00ebr t\u00eb \u00e7eljes s\u00eb Muajit t\u00eb Frankofonis\u00eb 2022"},"content":{"rendered":"<div dir=\"auto\">Qendra Komb\u00ebtare e Librit dhe Leximit dhe Ambasada Franceze organizuan sot takimin \u201cP\u00ebrkthyesit, fark\u00ebtar\u00ebt e gjuh\u00ebs\u201d, n\u00eb kuad\u00ebr t\u00eb \u00e7eljes s\u00eb Muajit t\u00eb Frankofonis\u00eb 2022, n\u00eb kujtim t\u00eb p\u00ebrkthyesve dhe kontributit t\u00eb tyre t\u00eb \u00e7muar n\u00eb letrat shqipe.<\/div>\n<div dir=\"auto\"><\/div>\n<div dir=\"auto\">P\u00ebrkthyesit Edmond Tupja, Ilia L\u00ebngu, Saverina Pasho, Primo Shllaku, Ben Andoni, fol\u00ebn mbi p\u00ebrkthimin, problemet q\u00eb hasen sot gjat\u00eb p\u00ebrkthimit dhe n\u00eb lidhje me njohjen dhe p\u00ebrdorimin e gjuh\u00ebs shqipe, dhe kujtuan nd\u00ebr t\u00eb tjera edhe kontributin e mjeshtrave t\u00eb p\u00ebrkthimit nd\u00ebr vite.<\/div>\n<div dir=\"auto\"><\/div>\n<div dir=\"auto\">N\u00eb bashk\u00ebpunim me Ambasad\u00ebn Franceze n\u00eb Shqip\u00ebri, QKLL-ja ka krijuar hap\u00ebsira mb\u00ebshtetjeje p\u00ebr p\u00ebrkthyesit nga gjuha fr\u00ebnge n\u00eb at\u00eb shqipe, n\u00ebp\u00ebrmjet fondeve t\u00eb p\u00ebrkthimit, Ateljes\u00eb s\u00eb Gjuh\u00ebs e cila p\u00ebrgatit nj\u00eb brez t\u00eb ri p\u00ebrkthyesish n\u00ebn drejtimin e mjeshtrave t\u00eb p\u00ebrkthimit nga kjo gjuh\u00eb si Edmond Tuppja, Saverina Pasho etj. dhe q\u00eb do t\u00eb vazhdoj\u00eb edhe p\u00ebrgjat\u00eb k\u00ebtij viti n\u00eb mb\u00ebshtetje dhe zgjerim t\u00eb k\u00ebtyre politikave.<\/div>\n<div dir=\"auto\"><\/div>\n<div dir=\"auto\"><a href=\"https:\/\/qkll.gov.al\/wp-content\/uploads\/2022\/03\/274722050_484451023153704_8186997157384553800_n.jpg\"><img decoding=\"async\" class=\"alignleft size-thumbnail wp-image-8757\" src=\"https:\/\/qkll.gov.al\/wp-content\/uploads\/2022\/03\/274722050_484451023153704_8186997157384553800_n-150x150.jpg\" alt=\"\" width=\"150\" height=\"150\" \/><\/a><a href=\"https:\/\/qkll.gov.al\/wp-content\/uploads\/2022\/03\/274678065_484451216487018_6277719459314504607_n.jpg\"><img decoding=\"async\" class=\"alignleft size-thumbnail wp-image-8756\" src=\"https:\/\/qkll.gov.al\/wp-content\/uploads\/2022\/03\/274678065_484451216487018_6277719459314504607_n-150x150.jpg\" alt=\"\" width=\"150\" height=\"150\" \/><\/a><a href=\"https:\/\/qkll.gov.al\/wp-content\/uploads\/2022\/03\/275068874_484451123153694_911299058803180959_n.jpg\"><img decoding=\"async\" class=\"alignleft size-thumbnail wp-image-8763\" src=\"https:\/\/qkll.gov.al\/wp-content\/uploads\/2022\/03\/275068874_484451123153694_911299058803180959_n-150x150.jpg\" alt=\"\" width=\"150\" height=\"150\" \/><\/a><a href=\"https:\/\/qkll.gov.al\/wp-content\/uploads\/2022\/03\/274180992_484451156487024_5402207655098623462_n.jpg\"><img loading=\"lazy\" decoding=\"async\" class=\"alignleft size-thumbnail wp-image-8754\" src=\"https:\/\/qkll.gov.al\/wp-content\/uploads\/2022\/03\/274180992_484451156487024_5402207655098623462_n-150x150.jpg\" alt=\"\" width=\"150\" height=\"150\" \/><\/a> <a href=\"https:\/\/qkll.gov.al\/wp-content\/uploads\/2022\/03\/274593238_484451239820349_8440865718227440016_n.jpg\"><img loading=\"lazy\" decoding=\"async\" class=\"alignleft size-thumbnail wp-image-8755\" src=\"https:\/\/qkll.gov.al\/wp-content\/uploads\/2022\/03\/274593238_484451239820349_8440865718227440016_n-150x150.jpg\" alt=\"\" width=\"150\" height=\"150\" \/><\/a> <a href=\"https:\/\/qkll.gov.al\/wp-content\/uploads\/2022\/03\/274781541_484450913153715_1204524143245135328_n.jpg\"><img loading=\"lazy\" decoding=\"async\" class=\"alignleft size-thumbnail wp-image-8758\" src=\"https:\/\/qkll.gov.al\/wp-content\/uploads\/2022\/03\/274781541_484450913153715_1204524143245135328_n-150x150.jpg\" alt=\"\" width=\"150\" height=\"150\" \/><\/a> <a href=\"https:\/\/qkll.gov.al\/wp-content\/uploads\/2022\/03\/274857588_484451113153695_5916879534172006760_n.jpg\"><img loading=\"lazy\" decoding=\"async\" class=\"alignleft size-thumbnail wp-image-8759\" src=\"https:\/\/qkll.gov.al\/wp-content\/uploads\/2022\/03\/274857588_484451113153695_5916879534172006760_n-150x150.jpg\" alt=\"\" width=\"150\" height=\"150\" \/><\/a> <a href=\"https:\/\/qkll.gov.al\/wp-content\/uploads\/2022\/03\/274859614_484451083153698_5418178949504063425_n.jpg\"><img loading=\"lazy\" decoding=\"async\" class=\"alignleft size-thumbnail wp-image-8760\" src=\"https:\/\/qkll.gov.al\/wp-content\/uploads\/2022\/03\/274859614_484451083153698_5418178949504063425_n-150x150.jpg\" alt=\"\" width=\"150\" height=\"150\" \/><\/a> <a href=\"https:\/\/qkll.gov.al\/wp-content\/uploads\/2022\/03\/274928332_484451043153702_4007469603418209023_n.jpg\"><img loading=\"lazy\" decoding=\"async\" class=\"alignleft size-thumbnail wp-image-8761\" src=\"https:\/\/qkll.gov.al\/wp-content\/uploads\/2022\/03\/274928332_484451043153702_4007469603418209023_n-150x150.jpg\" alt=\"\" width=\"150\" height=\"150\" \/><\/a> <a href=\"https:\/\/qkll.gov.al\/wp-content\/uploads\/2022\/03\/274947438_484450979820375_2383896298649390055_n.jpg\"><img loading=\"lazy\" decoding=\"async\" class=\"alignleft size-thumbnail wp-image-8762\" src=\"https:\/\/qkll.gov.al\/wp-content\/uploads\/2022\/03\/274947438_484450979820375_2383896298649390055_n-150x150.jpg\" alt=\"\" width=\"150\" height=\"150\" \/><\/a><\/div>\n<div dir=\"auto\"><\/div>\n","protected":false},"excerpt":{"rendered":"<p>Qendra Komb\u00ebtare e Librit dhe Leximit dhe Ambasada Franceze organizuan sot takimin \u201cP\u00ebrkthyesit, fark\u00ebtar\u00ebt e gjuh\u00ebs\u201d, n\u00eb kuad\u00ebr t\u00eb \u00e7eljes s\u00eb Muajit t\u00eb Frankofonis\u00eb 2022, n\u00eb kujtim t\u00eb p\u00ebrkthyesve dhe kontributit t\u00eb tyre t\u00eb \u00e7muar n\u00eb letrat shqipe. P\u00ebrkthyesit Edmond Tupja, Ilia L\u00ebngu, Saverina Pasho, Primo Shllaku, Ben Andoni, fol\u00ebn mbi p\u00ebrkthimin, problemet q\u00eb hasen &hellip;<\/p>\n","protected":false},"author":1,"featured_media":8765,"comment_status":"closed","ping_status":"closed","sticky":false,"template":"","format":"standard","meta":{"footnotes":""},"categories":[31,39],"tags":[],"class_list":["post-8753","post","type-post","status-publish","format-standard","has-post-thumbnail","hentry","category-aktivitete","category-te-rejat"],"_links":{"self":[{"href":"https:\/\/qkll.gov.al\/index.php?rest_route=\/wp\/v2\/posts\/8753","targetHints":{"allow":["GET"]}}],"collection":[{"href":"https:\/\/qkll.gov.al\/index.php?rest_route=\/wp\/v2\/posts"}],"about":[{"href":"https:\/\/qkll.gov.al\/index.php?rest_route=\/wp\/v2\/types\/post"}],"author":[{"embeddable":true,"href":"https:\/\/qkll.gov.al\/index.php?rest_route=\/wp\/v2\/users\/1"}],"replies":[{"embeddable":true,"href":"https:\/\/qkll.gov.al\/index.php?rest_route=%2Fwp%2Fv2%2Fcomments&post=8753"}],"version-history":[{"count":1,"href":"https:\/\/qkll.gov.al\/index.php?rest_route=\/wp\/v2\/posts\/8753\/revisions"}],"predecessor-version":[{"id":8764,"href":"https:\/\/qkll.gov.al\/index.php?rest_route=\/wp\/v2\/posts\/8753\/revisions\/8764"}],"wp:featuredmedia":[{"embeddable":true,"href":"https:\/\/qkll.gov.al\/index.php?rest_route=\/wp\/v2\/media\/8765"}],"wp:attachment":[{"href":"https:\/\/qkll.gov.al\/index.php?rest_route=%2Fwp%2Fv2%2Fmedia&parent=8753"}],"wp:term":[{"taxonomy":"category","embeddable":true,"href":"https:\/\/qkll.gov.al\/index.php?rest_route=%2Fwp%2Fv2%2Fcategories&post=8753"},{"taxonomy":"post_tag","embeddable":true,"href":"https:\/\/qkll.gov.al\/index.php?rest_route=%2Fwp%2Fv2%2Ftags&post=8753"}],"curies":[{"name":"wp","href":"https:\/\/api.w.org\/{rel}","templated":true}]}}