{"id":8445,"date":"2021-12-13T10:48:37","date_gmt":"2021-12-13T09:48:37","guid":{"rendered":"https:\/\/qkll.gov.al\/?p=8445"},"modified":"2021-12-17T09:30:11","modified_gmt":"2021-12-17T08:30:11","slug":"promovimi-i-romanit-kopshti-prej-qelqi-te-shkrimtares-rumune-tatiana-tibuleac-fituese-e-cmimit-european-per-letersi","status":"publish","type":"post","link":"https:\/\/qkll.gov.al\/?p=8445","title":{"rendered":"Promovimi i romanit \u201cKopshti prej qelqi\u201d t\u00eb shkrimtares rumune Tatiana Tibuleac, fituese e \u00c7mimit European p\u00ebr Let\u00ebrsi"},"content":{"rendered":"<p>Romani \u201cKopshti prej qelqi\u201d, i shkrimtares rumune, fituese e \u00c7mimit Europian p\u00ebr Let\u00ebrsi, Tatiana \u021a\u00eebuleac, u promovua sot n\u00eb hap\u00ebsirat e Qendr\u00ebs Komb\u00ebtare t\u00eb Librit dhe Leximit n\u00eb prani t\u00eb p\u00ebrkthyeses Maniela Sota.<\/p>\n<p>Njohja e let\u00ebrsis\u00eb bashk\u00ebkohore ballkanike, p\u00ebrmes Fondit \u201cEuropa Krijuese\u201d dhe pun\u00ebs s\u00eb botuesve shqiptar\u00eb, \u00ebsht\u00eb nj\u00eb form\u00eb e mir\u00eb komunikimi p\u00ebr lexuesit shqiptar\u00eb, t\u00eb cil\u00ebt njihen me let\u00ebrsin\u00eb q\u00eb botohet sot n\u00eb vende t\u00eb ndryshme t\u00eb rajonit.<\/p>\n<p><a href=\"https:\/\/qkll.gov.al\/wp-content\/uploads\/2021\/12\/267385796_437923301139810_6821549087061590724_n.jpg\"><img decoding=\"async\" class=\"alignleft size-thumbnail wp-image-8446\" src=\"https:\/\/qkll.gov.al\/wp-content\/uploads\/2021\/12\/267385796_437923301139810_6821549087061590724_n-150x150.jpg\" alt=\"\" width=\"150\" height=\"150\" \/><\/a> <a href=\"https:\/\/qkll.gov.al\/wp-content\/uploads\/2021\/12\/267427796_437923297806477_1948958190301530676_n.jpg\"><img decoding=\"async\" class=\"alignleft wp-image-8447 size-thumbnail\" src=\"https:\/\/qkll.gov.al\/wp-content\/uploads\/2021\/12\/267427796_437923297806477_1948958190301530676_n-150x150.jpg\" alt=\"\" width=\"150\" height=\"150\" \/><\/a> <a href=\"https:\/\/qkll.gov.al\/wp-content\/uploads\/2021\/12\/267577769_437923314473142_7692616374048863121_n-1.jpg\"><img decoding=\"async\" class=\"alignleft wp-image-8448 size-thumbnail\" src=\"https:\/\/qkll.gov.al\/wp-content\/uploads\/2021\/12\/267577769_437923314473142_7692616374048863121_n-1-150x150.jpg\" alt=\"\" width=\"150\" height=\"150\" \/><\/a> <a href=\"https:\/\/qkll.gov.al\/wp-content\/uploads\/2021\/12\/267613753_437923304473143_519339917754602356_n.jpg\"><img loading=\"lazy\" decoding=\"async\" class=\"alignleft wp-image-8449 size-thumbnail\" src=\"https:\/\/qkll.gov.al\/wp-content\/uploads\/2021\/12\/267613753_437923304473143_519339917754602356_n-150x150.jpg\" alt=\"\" width=\"150\" height=\"150\" \/><\/a> <a href=\"https:\/\/qkll.gov.al\/wp-content\/uploads\/2021\/12\/267669699_437923307806476_5052946568944086721_n.jpg\"><img loading=\"lazy\" decoding=\"async\" class=\"alignleft wp-image-8450 size-thumbnail\" src=\"https:\/\/qkll.gov.al\/wp-content\/uploads\/2021\/12\/267669699_437923307806476_5052946568944086721_n-150x150.jpg\" alt=\"\" width=\"150\" height=\"150\" \/><\/a> <a href=\"https:\/\/qkll.gov.al\/wp-content\/uploads\/2021\/12\/267684166_437923294473144_458978675349283702_n.jpg\"><img loading=\"lazy\" decoding=\"async\" class=\"alignleft wp-image-8451 size-thumbnail\" src=\"https:\/\/qkll.gov.al\/wp-content\/uploads\/2021\/12\/267684166_437923294473144_458978675349283702_n-150x150.jpg\" alt=\"\" width=\"150\" height=\"150\" \/><\/a> <a href=\"https:\/\/qkll.gov.al\/wp-content\/uploads\/2021\/12\/267873538_437923291139811_5303501158737556906_n-1.jpg\"><img loading=\"lazy\" decoding=\"async\" class=\"alignleft wp-image-8452 size-thumbnail\" src=\"https:\/\/qkll.gov.al\/wp-content\/uploads\/2021\/12\/267873538_437923291139811_5303501158737556906_n-1-150x150.jpg\" alt=\"\" width=\"150\" height=\"150\" \/><\/a><\/p>\n<p>&nbsp;<\/p>\n","protected":false},"excerpt":{"rendered":"<p>Romani \u201cKopshti prej qelqi\u201d, i shkrimtares rumune, fituese e \u00c7mimit Europian p\u00ebr Let\u00ebrsi, Tatiana \u021a\u00eebuleac, u promovua sot n\u00eb hap\u00ebsirat e Qendr\u00ebs Komb\u00ebtare t\u00eb Librit dhe Leximit n\u00eb prani t\u00eb p\u00ebrkthyeses Maniela Sota. Njohja e let\u00ebrsis\u00eb bashk\u00ebkohore ballkanike, p\u00ebrmes Fondit \u201cEuropa Krijuese\u201d dhe pun\u00ebs s\u00eb botuesve shqiptar\u00eb, \u00ebsht\u00eb nj\u00eb form\u00eb e mir\u00eb komunikimi p\u00ebr lexuesit &hellip;<\/p>\n","protected":false},"author":1,"featured_media":8448,"comment_status":"closed","ping_status":"closed","sticky":false,"template":"","format":"standard","meta":{"footnotes":""},"categories":[31,39],"tags":[],"class_list":["post-8445","post","type-post","status-publish","format-standard","has-post-thumbnail","hentry","category-aktivitete","category-te-rejat"],"_links":{"self":[{"href":"https:\/\/qkll.gov.al\/index.php?rest_route=\/wp\/v2\/posts\/8445","targetHints":{"allow":["GET"]}}],"collection":[{"href":"https:\/\/qkll.gov.al\/index.php?rest_route=\/wp\/v2\/posts"}],"about":[{"href":"https:\/\/qkll.gov.al\/index.php?rest_route=\/wp\/v2\/types\/post"}],"author":[{"embeddable":true,"href":"https:\/\/qkll.gov.al\/index.php?rest_route=\/wp\/v2\/users\/1"}],"replies":[{"embeddable":true,"href":"https:\/\/qkll.gov.al\/index.php?rest_route=%2Fwp%2Fv2%2Fcomments&post=8445"}],"version-history":[{"count":1,"href":"https:\/\/qkll.gov.al\/index.php?rest_route=\/wp\/v2\/posts\/8445\/revisions"}],"predecessor-version":[{"id":8453,"href":"https:\/\/qkll.gov.al\/index.php?rest_route=\/wp\/v2\/posts\/8445\/revisions\/8453"}],"wp:featuredmedia":[{"embeddable":true,"href":"https:\/\/qkll.gov.al\/index.php?rest_route=\/wp\/v2\/media\/8448"}],"wp:attachment":[{"href":"https:\/\/qkll.gov.al\/index.php?rest_route=%2Fwp%2Fv2%2Fmedia&parent=8445"}],"wp:term":[{"taxonomy":"category","embeddable":true,"href":"https:\/\/qkll.gov.al\/index.php?rest_route=%2Fwp%2Fv2%2Fcategories&post=8445"},{"taxonomy":"post_tag","embeddable":true,"href":"https:\/\/qkll.gov.al\/index.php?rest_route=%2Fwp%2Fv2%2Ftags&post=8445"}],"curies":[{"name":"wp","href":"https:\/\/api.w.org\/{rel}","templated":true}]}}