{"id":8363,"date":"2021-11-23T11:59:25","date_gmt":"2021-11-23T10:59:25","guid":{"rendered":"https:\/\/qkll.gov.al\/?p=8363"},"modified":"2021-12-01T15:59:20","modified_gmt":"2021-12-01T14:59:20","slug":"takimi-i-drejtoreshes-se-qkll-se-ne-ministrine-e-kultures-dhe-informacionit-te-republikes-se-serbise","status":"publish","type":"post","link":"https:\/\/qkll.gov.al\/?p=8363","title":{"rendered":"Takimi i drejtoresh\u00ebs s\u00eb QKLL-s\u00eb n\u00eb Ministrin\u00eb e Kultur\u00ebs dhe Informacionit t\u00eb Republik\u00ebs s\u00eb Serbis\u00eb."},"content":{"rendered":"<div dir=\"auto\">Drejtoresha e Qendr\u00ebs Komb\u00ebtare t\u00eb Librit dhe Leximit, znj. Alda Bardhyli, zhvilloi sot nj\u00eb takim n\u00eb Ministrin\u00eb e Kultur\u00ebs dhe Informacionit t\u00eb Republik\u00ebs s\u00eb Serbis\u00eb me p\u00ebrfaq\u00ebsuesit kryesor\u00eb t\u00eb shoqatave t\u00eb shkrimtar\u00ebve, botuesve, librar\u00ebve serb\u00eb. Takimi u p\u00ebrsh\u00ebndet nga zv.ministri i Kultur\u00ebs dhe Informacionit, z. Radovan Joki\u00e7, i cili e vler\u00ebsoi tryez\u00ebn si mjaft t\u00eb r\u00ebnd\u00ebsishme n\u00eb kuad\u00ebr t\u00eb bashk\u00ebpunimit mes dy vendeve n\u00eb fush\u00ebn e librit.<\/div>\n<div dir=\"auto\"><\/div>\n<div dir=\"auto\">Gjat\u00eb tryez\u00ebs u theksua domosdoshm\u00ebria e nj\u00eb takimi mes botuesve t\u00eb t\u00eb dyja vendeve n\u00eb Tiran\u00eb, n\u00eb bashk\u00ebpunim me Ministrin\u00eb e Kultur\u00ebs s\u00eb Shqip\u00ebris\u00eb dhe Ministrin\u00eb e Kultur\u00ebs dhe Informacionit t\u00eb Republik\u00ebs s\u00eb Serbis\u00eb dhe QKLL-s\u00eb.<\/div>\n<div dir=\"auto\"><\/div>\n<div dir=\"auto\">Nevoja p\u00ebr t\u00eb qen\u00eb m\u00eb t\u00eb pranish\u00ebm autor\u00ebt shqiptar\u00eb dhe serb\u00eb n\u00eb tregun e librit mes dy vendeve, pjes\u00ebmarrja n\u00eb konferenca, festivale, panaire t\u00eb p\u00ebrbashk\u00ebta u konsolidua gjat\u00eb k\u00ebtij takimi.<\/div>\n<div dir=\"auto\"><\/div>\n<div dir=\"auto\">Ministrja e Kultur\u00ebs dhe Informacionit t\u00eb Serbis\u00eb, Maja Gojkovic, vler\u00ebsoi frym\u00ebn e bashk\u00ebpunimit n\u00eb fush\u00ebn e librit, duke u shprehur se ka mir\u00ebpritur ftes\u00ebn e ministres s\u00eb Kultur\u00ebs s\u00eb Shqip\u00ebris\u00eb, Elva Margariti, p\u00ebr t\u00eb vizituar Shqip\u00ebrin\u00eb.<\/div>\n<div dir=\"auto\"><a href=\"https:\/\/qkll.gov.al\/wp-content\/uploads\/2021\/11\/260246139_425830552349085_1786234378670378106_n.jpg\"><img decoding=\"async\" class=\"alignleft size-thumbnail wp-image-8353\" src=\"https:\/\/qkll.gov.al\/wp-content\/uploads\/2021\/11\/260246139_425830552349085_1786234378670378106_n-150x150.jpg\" alt=\"\" width=\"150\" height=\"150\" \/><\/a> <a href=\"https:\/\/qkll.gov.al\/wp-content\/uploads\/2021\/11\/260692593_425830532349087_6734095035012463546_n.jpg\"><img decoding=\"async\" class=\"alignleft size-thumbnail wp-image-8354\" src=\"https:\/\/qkll.gov.al\/wp-content\/uploads\/2021\/11\/260692593_425830532349087_6734095035012463546_n-150x150.jpg\" alt=\"\" width=\"150\" height=\"150\" \/><\/a> <a href=\"https:\/\/qkll.gov.al\/wp-content\/uploads\/2021\/11\/260196019_425830482349092_1534888349300569746_n-Copy.jpg\"><img decoding=\"async\" class=\"alignleft size-thumbnail wp-image-8359\" src=\"https:\/\/qkll.gov.al\/wp-content\/uploads\/2021\/11\/260196019_425830482349092_1534888349300569746_n-Copy-150x150.jpg\" alt=\"\" width=\"150\" height=\"150\" \/><\/a> <a href=\"https:\/\/qkll.gov.al\/wp-content\/uploads\/2021\/11\/260186848_425830472349093_2882593045439874014_n-Copy.jpg\"><img loading=\"lazy\" decoding=\"async\" class=\"alignleft size-thumbnail wp-image-8358\" src=\"https:\/\/qkll.gov.al\/wp-content\/uploads\/2021\/11\/260186848_425830472349093_2882593045439874014_n-Copy-150x150.jpg\" alt=\"\" width=\"150\" height=\"150\" \/><\/a> <a href=\"https:\/\/qkll.gov.al\/wp-content\/uploads\/2021\/11\/260077287_425830702349070_3802404063431911967_n-Copy.jpg\"><img loading=\"lazy\" decoding=\"async\" class=\"alignleft size-thumbnail wp-image-8356\" src=\"https:\/\/qkll.gov.al\/wp-content\/uploads\/2021\/11\/260077287_425830702349070_3802404063431911967_n-Copy-150x150.jpg\" alt=\"\" width=\"150\" height=\"150\" \/><\/a><\/div>\n","protected":false},"excerpt":{"rendered":"<p>Drejtoresha e Qendr\u00ebs Komb\u00ebtare t\u00eb Librit dhe Leximit, znj. Alda Bardhyli, zhvilloi sot nj\u00eb takim n\u00eb Ministrin\u00eb e Kultur\u00ebs dhe Informacionit t\u00eb Republik\u00ebs s\u00eb Serbis\u00eb me p\u00ebrfaq\u00ebsuesit kryesor\u00eb t\u00eb shoqatave t\u00eb shkrimtar\u00ebve, botuesve, librar\u00ebve serb\u00eb. Takimi u p\u00ebrsh\u00ebndet nga zv.ministri i Kultur\u00ebs dhe Informacionit, z. Radovan Joki\u00e7, i cili e vler\u00ebsoi tryez\u00ebn si mjaft t\u00eb &hellip;<\/p>\n","protected":false},"author":1,"featured_media":8353,"comment_status":"closed","ping_status":"closed","sticky":false,"template":"","format":"standard","meta":{"footnotes":""},"categories":[31,39],"tags":[],"class_list":["post-8363","post","type-post","status-publish","format-standard","has-post-thumbnail","hentry","category-aktivitete","category-te-rejat"],"_links":{"self":[{"href":"https:\/\/qkll.gov.al\/index.php?rest_route=\/wp\/v2\/posts\/8363","targetHints":{"allow":["GET"]}}],"collection":[{"href":"https:\/\/qkll.gov.al\/index.php?rest_route=\/wp\/v2\/posts"}],"about":[{"href":"https:\/\/qkll.gov.al\/index.php?rest_route=\/wp\/v2\/types\/post"}],"author":[{"embeddable":true,"href":"https:\/\/qkll.gov.al\/index.php?rest_route=\/wp\/v2\/users\/1"}],"replies":[{"embeddable":true,"href":"https:\/\/qkll.gov.al\/index.php?rest_route=%2Fwp%2Fv2%2Fcomments&post=8363"}],"version-history":[{"count":1,"href":"https:\/\/qkll.gov.al\/index.php?rest_route=\/wp\/v2\/posts\/8363\/revisions"}],"predecessor-version":[{"id":8364,"href":"https:\/\/qkll.gov.al\/index.php?rest_route=\/wp\/v2\/posts\/8363\/revisions\/8364"}],"wp:featuredmedia":[{"embeddable":true,"href":"https:\/\/qkll.gov.al\/index.php?rest_route=\/wp\/v2\/media\/8353"}],"wp:attachment":[{"href":"https:\/\/qkll.gov.al\/index.php?rest_route=%2Fwp%2Fv2%2Fmedia&parent=8363"}],"wp:term":[{"taxonomy":"category","embeddable":true,"href":"https:\/\/qkll.gov.al\/index.php?rest_route=%2Fwp%2Fv2%2Fcategories&post=8363"},{"taxonomy":"post_tag","embeddable":true,"href":"https:\/\/qkll.gov.al\/index.php?rest_route=%2Fwp%2Fv2%2Ftags&post=8363"}],"curies":[{"name":"wp","href":"https:\/\/api.w.org\/{rel}","templated":true}]}}