{"id":7940,"date":"2021-08-05T10:43:40","date_gmt":"2021-08-05T08:43:40","guid":{"rendered":"https:\/\/qkll.gov.al\/?p=7940"},"modified":"2021-09-08T10:44:43","modified_gmt":"2021-09-08T08:44:43","slug":"takim-me-atasheun-kulturor-te-ambasades-franceze-jean-luc-puyau-ne-kuader-te-thirrjes-per-mbeshtertjen-e-botuesve-shqiptare","status":"publish","type":"post","link":"https:\/\/qkll.gov.al\/?p=7940","title":{"rendered":"Takim me atasheun kulturor t\u00eb Ambasad\u00ebs Franceze, Jean-Luc Puyau n\u00eb kuad\u00ebr t\u00eb thirrjes p\u00ebr mb\u00ebshtertjen e botuesve shqiptar\u00eb"},"content":{"rendered":"<div class=\"kvgmc6g5 cxmmr5t8 oygrvhab hcukyx3x c1et5uql ii04i59q\">\n<div dir=\"auto\">Bashk\u00eb me atasheun kulturor t\u00eb Ambasad\u00ebs Franceze Jean-Luc Puyau, diskutuam sot mbi aplikimet e ardhura, n\u00eb kuad\u00ebr t\u00eb thirrjes s\u00eb p\u00ebrbashk\u00ebt n\u00eb mb\u00ebshtetje t\u00eb botuesve shqiptar\u00eb, q\u00eb sjellin n\u00eb shqip vepra nga gjuha franceze.<\/div>\n<div dir=\"auto\"><\/div>\n<div dir=\"auto\">Fituesit do t\u00eb shpall\u00ebn m\u00eb dt. 10 gusht 2021.<\/div>\n<div dir=\"auto\"><\/div>\n<div dir=\"auto\">K\u00ebsaj thirrjeje iu p\u00ebrgjigj\u00ebn 8 sht\u00ebpi botuese, si m\u00eb posht\u00eb:<\/div>\n<div dir=\"auto\"><\/div>\n<\/div>\n<div class=\"o9v6fnle cxmmr5t8 oygrvhab hcukyx3x c1et5uql ii04i59q\">\n<div dir=\"auto\">Titulli\/ Autori \/ Botuesi francez \/ Botuesi shqiptar<\/div>\n<div dir=\"auto\"><\/div>\n<\/div>\n<div class=\"o9v6fnle cxmmr5t8 oygrvhab hcukyx3x c1et5uql ii04i59q\">\n<div dir=\"auto\">1.Avec plaisir, Fran\u00e7ois \/Ariane Lefort \/Seuil \/OMBRA GVG<\/div>\n<div dir=\"auto\">2.ISMA\u00cfL KADAR\u00c9 : UNE DISSIDENCE LITT\u00c9RAIRE\/ Jean-Paul Champseix\/ Honore Champios\/Fan Noli<\/div>\n<div dir=\"auto\">3.Paix et guerre entre les nations\/Raymon Aron\/CALMANN-LEVY\/Fan Noli<\/div>\n<div dir=\"auto\">4.Putzi\/Thomas Snegaroff\/Gallimard\/Dituria<\/div>\n<div dir=\"auto\">5.Allo papi? lci Ia terre!\/Alix Cecile\/Magnard Jeunesse\/Mediaprint<\/div>\n<div dir=\"auto\">6.La pens\u00e9e et e mouvant\/Henri Bergson\/F\u00e9lix Alcan\/Pika pa siperfaqe<\/div>\n<div dir=\"auto\">7.Il est grand temps de rallum\u00f9er les \u00e9toiles\/Virginie Grimaldi\/Fayard\/Botart<\/div>\n<div dir=\"auto\">\n<p>8.LJ&#8217;accuse &#8211; Affaire Dreffus\/ Emil Zola\/Uegen<\/p>\n<\/div>\n<div dir=\"auto\"><a href=\"https:\/\/qkll.gov.al\/wp-content\/uploads\/2021\/08\/231980978_356567749275366_4647497199969034632_n-2.jpg\"><img decoding=\"async\" class=\"alignleft size-thumbnail wp-image-7941\" src=\"https:\/\/qkll.gov.al\/wp-content\/uploads\/2021\/08\/231980978_356567749275366_4647497199969034632_n-2-150x150.jpg\" alt=\"\" width=\"150\" height=\"150\" \/><\/a><\/div>\n<\/div>\n","protected":false},"excerpt":{"rendered":"<p>Bashk\u00eb me atasheun kulturor t\u00eb Ambasad\u00ebs Franceze Jean-Luc Puyau, diskutuam sot mbi aplikimet e ardhura, n\u00eb kuad\u00ebr t\u00eb thirrjes s\u00eb p\u00ebrbashk\u00ebt n\u00eb mb\u00ebshtetje t\u00eb botuesve shqiptar\u00eb, q\u00eb sjellin n\u00eb shqip vepra nga gjuha franceze. Fituesit do t\u00eb shpall\u00ebn m\u00eb dt. 10 gusht 2021. K\u00ebsaj thirrjeje iu p\u00ebrgjigj\u00ebn 8 sht\u00ebpi botuese, si m\u00eb posht\u00eb: Titulli\/ Autori &hellip;<\/p>\n","protected":false},"author":1,"featured_media":7941,"comment_status":"closed","ping_status":"closed","sticky":false,"template":"","format":"standard","meta":{"footnotes":""},"categories":[31,39],"tags":[],"class_list":["post-7940","post","type-post","status-publish","format-standard","has-post-thumbnail","hentry","category-aktivitete","category-te-rejat"],"_links":{"self":[{"href":"https:\/\/qkll.gov.al\/index.php?rest_route=\/wp\/v2\/posts\/7940","targetHints":{"allow":["GET"]}}],"collection":[{"href":"https:\/\/qkll.gov.al\/index.php?rest_route=\/wp\/v2\/posts"}],"about":[{"href":"https:\/\/qkll.gov.al\/index.php?rest_route=\/wp\/v2\/types\/post"}],"author":[{"embeddable":true,"href":"https:\/\/qkll.gov.al\/index.php?rest_route=\/wp\/v2\/users\/1"}],"replies":[{"embeddable":true,"href":"https:\/\/qkll.gov.al\/index.php?rest_route=%2Fwp%2Fv2%2Fcomments&post=7940"}],"version-history":[{"count":2,"href":"https:\/\/qkll.gov.al\/index.php?rest_route=\/wp\/v2\/posts\/7940\/revisions"}],"predecessor-version":[{"id":7943,"href":"https:\/\/qkll.gov.al\/index.php?rest_route=\/wp\/v2\/posts\/7940\/revisions\/7943"}],"wp:featuredmedia":[{"embeddable":true,"href":"https:\/\/qkll.gov.al\/index.php?rest_route=\/wp\/v2\/media\/7941"}],"wp:attachment":[{"href":"https:\/\/qkll.gov.al\/index.php?rest_route=%2Fwp%2Fv2%2Fmedia&parent=7940"}],"wp:term":[{"taxonomy":"category","embeddable":true,"href":"https:\/\/qkll.gov.al\/index.php?rest_route=%2Fwp%2Fv2%2Fcategories&post=7940"},{"taxonomy":"post_tag","embeddable":true,"href":"https:\/\/qkll.gov.al\/index.php?rest_route=%2Fwp%2Fv2%2Ftags&post=7940"}],"curies":[{"name":"wp","href":"https:\/\/api.w.org\/{rel}","templated":true}]}}