{"id":7833,"date":"2021-06-01T09:00:55","date_gmt":"2021-06-01T07:00:55","guid":{"rendered":"https:\/\/qkll.gov.al\/?p=7833"},"modified":"2021-05-31T14:12:07","modified_gmt":"2021-05-31T12:12:07","slug":"qkll-shpall-fondin-per-mbeshtetjen-e-krijimtarise-letrare-per-femije","status":"publish","type":"post","link":"https:\/\/qkll.gov.al\/?p=7833","title":{"rendered":"QKLL SHPALL FONDIN P\u00cbR MB\u00cbSHTETJEN E KRIJIMTARIS\u00cb LETRARE P\u00cbR F\u00cbMIJ\u00cb"},"content":{"rendered":"<p><a href=\"https:\/\/qkll.gov.al\/wp-content\/uploads\/2021\/05\/193501001_773939353482420_4375532685973924445_n.jpg\"><img fetchpriority=\"high\" decoding=\"async\" class=\"wp-image-7837  aligncenter\" src=\"https:\/\/qkll.gov.al\/wp-content\/uploads\/2021\/05\/193501001_773939353482420_4375532685973924445_n-1024x1024.jpg\" alt=\"\" width=\"500\" height=\"500\" srcset=\"https:\/\/qkll.gov.al\/wp-content\/uploads\/2021\/05\/193501001_773939353482420_4375532685973924445_n-1024x1024.jpg 1024w, https:\/\/qkll.gov.al\/wp-content\/uploads\/2021\/05\/193501001_773939353482420_4375532685973924445_n-300x300.jpg 300w, https:\/\/qkll.gov.al\/wp-content\/uploads\/2021\/05\/193501001_773939353482420_4375532685973924445_n-150x150.jpg 150w, https:\/\/qkll.gov.al\/wp-content\/uploads\/2021\/05\/193501001_773939353482420_4375532685973924445_n-768x768.jpg 768w, https:\/\/qkll.gov.al\/wp-content\/uploads\/2021\/05\/193501001_773939353482420_4375532685973924445_n.jpg 1280w\" sizes=\"(max-width: 500px) 100vw, 500px\" \/><\/a><\/p>\n<p>N\u00eb baz\u00eb t\u00eb VKM-s\u00eb nr. 24, dat\u00eb 16.01.2019, \u201cP\u00ebr krijimin, organizimin dhe funksionimin e Qendr\u00ebs Komb\u00ebtare t\u00eb Librit dhe Leximit\u201d, paragrafi III, pika a) \u201cQKLL-ja harton programet dhe financon projektet n\u00eb fush\u00ebn e librit\u201d, si edhe n\u00eb mb\u00ebshtetje t\u00eb Strategjis\u00eb p\u00ebr vitin 2021 t\u00eb QKLL-s\u00eb, hapet Thirrja \u201cFondi p\u00ebr mb\u00ebshtetjen e krijimtaris\u00eb letrare p\u00ebr f\u00ebmij\u00eb\u201d. Kjo thirrje vjen n\u00eb zbatim t\u00eb politik\u00ebs s\u00eb Qendr\u00ebs Komb\u00ebtare t\u00eb Librit dhe Leximit n\u00eb mb\u00ebshtetje t\u00eb krijimtaris\u00eb s\u00eb autor\u00ebve shqiptar\u00eb p\u00ebr f\u00ebmij\u00eb, me q\u00ebllim nxitjen e shkrimit t\u00eb k\u00ebsaj let\u00ebrsie dhe vazhdim\u00ebsis\u00eb s\u00eb saj.<\/p>\n<p>QKLL-ja mb\u00ebshtet procesin krijues t\u00eb autor\u00ebve t\u00eb let\u00ebrsis\u00eb p\u00ebr f\u00ebmij\u00eb, si nj\u00eb let\u00ebrsi e domosdoshme n\u00eb rritjen dhe edukimin e brezave q\u00eb vijn\u00eb. \u201cFondi p\u00ebr mb\u00ebshtetjen e krijimtaris\u00eb letrare p\u00ebr f\u00ebmij\u00eb\u201d, do t\u00eb vijoj\u00eb t\u00eb jet\u00eb nd\u00ebr projektet baz\u00eb dhe t\u00eb p\u00ebrvitshme t\u00eb QKLL-s\u00eb.<\/p>\n<p>INFORMACION I P\u00cbRGJITHSH\u00cbM<\/p>\n<ul>\n<li>Thirrja u drejtohet autor\u00ebve mbi mosh\u00ebn 18 vje\u00e7, n\u00eb gjinin\u00eb e proz\u00ebs dhe poezis\u00eb p\u00ebr f\u00ebmij\u00eb.<\/li>\n<li>Aplikimi kryhet nga nj\u00eb botues i pajisur me licenc\u00eb p\u00ebrkat\u00ebse, n\u00ebp\u00ebrmjet p\u00ebrfaq\u00ebsuesit ligjor.<\/li>\n<li>Shuma e financimit p\u00ebr mb\u00ebshtetjen e procesit krijues t\u00eb vepr\u00ebs, do t\u2019i paguhet botuesit.<\/li>\n<li>Aplikimi fillon m\u00eb dat\u00ebn 01.06.2021 dhe p\u00ebrfundon n\u00eb dat\u00ebn 28.06.2021, ora 16:00.<\/li>\n<\/ul>\n<p>Dokumentacioni p\u00ebrkat\u00ebs duhet dor\u00ebzuar pran\u00eb Qendr\u00ebs Komb\u00ebtare t\u00eb Librit dhe Leximit, brenda dat\u00ebs 28.06.2021, ora 16:00, n\u00eb adres\u00ebn elektronike: info@qkll.gov.al dhe at\u00eb postare: Rruga \u201cPapa Gjon Pali II\u201d, nr. 1010, Tiran\u00eb, Shqip\u00ebri.<\/p>\n<p>P\u00ebr informacione t\u00eb m\u00ebtejshme, mos ngurroni t\u00eb na shkruani n\u00eb: info@qkll.gov.al<\/p>\n<p><a href=\"https:\/\/qkll.gov.al\/wp-content\/uploads\/2021\/05\/formulari-i-aplikimit-per-femijet.doc\">Formulari i aplikimit<\/a><\/p>\n<p><a href=\"https:\/\/qkll.gov.al\/wp-content\/uploads\/2021\/05\/deklarata-per-femijet.doc\">Deklarata e aplikimit<\/a><\/p>\n<p>&nbsp;<\/p>\n","protected":false},"excerpt":{"rendered":"<p>N\u00eb baz\u00eb t\u00eb VKM-s\u00eb nr. 24, dat\u00eb 16.01.2019, \u201cP\u00ebr krijimin, organizimin dhe funksionimin e Qendr\u00ebs Komb\u00ebtare t\u00eb Librit dhe Leximit\u201d, paragrafi III, pika a) \u201cQKLL-ja harton programet dhe financon projektet n\u00eb fush\u00ebn e librit\u201d, si edhe n\u00eb mb\u00ebshtetje t\u00eb Strategjis\u00eb p\u00ebr vitin 2021 t\u00eb QKLL-s\u00eb, hapet Thirrja \u201cFondi p\u00ebr mb\u00ebshtetjen e krijimtaris\u00eb letrare p\u00ebr f\u00ebmij\u00eb\u201d. &hellip;<\/p>\n","protected":false},"author":1,"featured_media":7837,"comment_status":"closed","ping_status":"closed","sticky":false,"template":"","format":"standard","meta":{"footnotes":""},"categories":[31,54,48,39],"tags":[],"class_list":["post-7833","post","type-post","status-publish","format-standard","has-post-thumbnail","hentry","category-aktivitete","category-fondi-i-mbeshtetjes-se-krijimtarise-letrare-per-femije-2021","category-projekte","category-te-rejat"],"_links":{"self":[{"href":"https:\/\/qkll.gov.al\/index.php?rest_route=\/wp\/v2\/posts\/7833","targetHints":{"allow":["GET"]}}],"collection":[{"href":"https:\/\/qkll.gov.al\/index.php?rest_route=\/wp\/v2\/posts"}],"about":[{"href":"https:\/\/qkll.gov.al\/index.php?rest_route=\/wp\/v2\/types\/post"}],"author":[{"embeddable":true,"href":"https:\/\/qkll.gov.al\/index.php?rest_route=\/wp\/v2\/users\/1"}],"replies":[{"embeddable":true,"href":"https:\/\/qkll.gov.al\/index.php?rest_route=%2Fwp%2Fv2%2Fcomments&post=7833"}],"version-history":[{"count":1,"href":"https:\/\/qkll.gov.al\/index.php?rest_route=\/wp\/v2\/posts\/7833\/revisions"}],"predecessor-version":[{"id":7838,"href":"https:\/\/qkll.gov.al\/index.php?rest_route=\/wp\/v2\/posts\/7833\/revisions\/7838"}],"wp:featuredmedia":[{"embeddable":true,"href":"https:\/\/qkll.gov.al\/index.php?rest_route=\/wp\/v2\/media\/7837"}],"wp:attachment":[{"href":"https:\/\/qkll.gov.al\/index.php?rest_route=%2Fwp%2Fv2%2Fmedia&parent=7833"}],"wp:term":[{"taxonomy":"category","embeddable":true,"href":"https:\/\/qkll.gov.al\/index.php?rest_route=%2Fwp%2Fv2%2Fcategories&post=7833"},{"taxonomy":"post_tag","embeddable":true,"href":"https:\/\/qkll.gov.al\/index.php?rest_route=%2Fwp%2Fv2%2Ftags&post=7833"}],"curies":[{"name":"wp","href":"https:\/\/api.w.org\/{rel}","templated":true}]}}