{"id":7820,"date":"2021-05-26T10:38:42","date_gmt":"2021-05-26T08:38:42","guid":{"rendered":"https:\/\/qkll.gov.al\/?p=7820"},"modified":"2021-06-01T10:22:14","modified_gmt":"2021-06-01T08:22:14","slug":"nenshkrimi-i-marreveshjes-se-bashkepunimit-midis-qkll-se-dhe-ambasades-franceze-ne-shqiperi","status":"publish","type":"post","link":"https:\/\/qkll.gov.al\/?p=7820","title":{"rendered":"N\u00ebnshkrimi i Marr\u00ebveshjes s\u00eb Bashk\u00ebpunimit midis QKLL-s\u00eb dhe Ambasad\u00ebs Franceze n\u00eb Shqip\u00ebri"},"content":{"rendered":"<div class=\"\" dir=\"auto\">\n<div id=\"jsc_c_7t5\" class=\"ecm0bbzt hv4rvrfc ihqw7lf3 dati1w0a\" data-ad-comet-preview=\"message\" data-ad-preview=\"message\">\n<div class=\"j83agx80 cbu4d94t ew0dbk1b irj2b8pg\">\n<div class=\"qzhwtbm6 knvmm38d\">\n<div class=\"kvgmc6g5 cxmmr5t8 oygrvhab hcukyx3x c1et5uql ii04i59q\">\n<div dir=\"auto\">Qendra Komb\u00ebtare e Librit dhe Leximit dhe Ambasada e Franc\u00ebs n\u00eb Shqip\u00ebri, lidh\u00ebn sot nj\u00eb marr\u00ebveshje bashk\u00ebpunimi p\u00ebr t&#8217;i dh\u00ebn\u00eb jet\u00eb projekteve t\u00eb p\u00ebrbashk\u00ebta n\u00eb fush\u00ebn e librit. Marr\u00ebveshja u n\u00ebnshkrua nga z. J\u00e9r\u00f4me Spinoza, K\u00ebshilltar p\u00ebr Marr\u00ebdh\u00ebniet Kulturore dhe znj. Alda Bardhyli, Drejtore e QKLL-s\u00eb. T\u00eb dyja pal\u00ebt do t\u00eb bashkojn\u00eb p\u00ebrpjekjet e tyre p\u00ebr t\u00eb b\u00ebr\u00eb t\u00eb mundur publikimin e autor\u00ebve shqiptar\u00eb n\u00eb gjuh\u00ebn fr\u00ebnge dhe, reciprokisht, t\u00eb autor\u00ebve francez\u00eb n\u00eb gjuh\u00ebn shqipe:<\/div>\n<div dir=\"auto\"><\/div>\n<\/div>\n<div class=\"o9v6fnle cxmmr5t8 oygrvhab hcukyx3x c1et5uql ii04i59q\">\n<div dir=\"auto\">&#8211; Ambasada mb\u00ebshtet realizimin nga ana e Qendr\u00ebs t\u00eb Programit t\u00eb Mb\u00ebshtetjes s\u00eb Publikimeve t\u00eb dedikuar frankofonis\u00eb (PAP-FR). Ky i fundit do t\u00eb jet\u00eb i koordinuar me Programin e Ndihm\u00ebs s\u00eb Publikimit t\u00eb Qendr\u00ebs (PAP-AL);<\/div>\n<div dir=\"auto\"><\/div>\n<\/div>\n<div class=\"o9v6fnle cxmmr5t8 oygrvhab hcukyx3x c1et5uql ii04i59q\">\n<div dir=\"auto\">&#8211; QKLL-ja dhe Ambasada do t\u00eb nisin programin e formimit t\u00eb p\u00ebrkthyesve t\u00eb rinj shqiptar\u00eb. Me k\u00ebt\u00eb q\u00ebllim, QKLL-ja do t\u00eb organizoj\u00eb nga data 30 qershor deri m\u00eb 31 dhjetor 2021 nj\u00eb plan trajnimi me profesor\u00eb t\u00eb Departamentit t\u00eb Gjuh\u00ebve t\u00eb Huaja t\u00eb Universitetit t\u00eb Tiran\u00ebs dhe ekspert\u00ebt francez\u00eb.<\/div>\n<\/div>\n<div dir=\"auto\"><\/div>\n<div class=\"o9v6fnle cxmmr5t8 oygrvhab hcukyx3x c1et5uql ii04i59q\">\n<div dir=\"auto\">P\u00ebrgjat\u00eb vitit 2021, Ambasada do t\u00eb v\u00ebr\u00eb n\u00eb dispozicion t\u00eb programeve t\u00eb saj nj\u00eb shum\u00eb maksimale p\u00ebr t\u00eb financuar p\u00ebrkthimet e veprave t\u00eb p\u00ebrzgjedhura nga PAP-FR dhe p\u00ebr shpenzimet e ekspert\u00ebve francez\u00eb, q\u00eb do t\u00eb vijn\u00eb p\u00ebr t\u00eb trajnuar p\u00ebrkthyesit e rinj shqiptar\u00eb.<\/div>\n<div dir=\"auto\"><\/div>\n<\/div>\n<div class=\"o9v6fnle cxmmr5t8 oygrvhab hcukyx3x c1et5uql ii04i59q\">\n<div dir=\"auto\">Qendra do t\u00eb v\u00ebr\u00eb n\u00eb dispozicion nj\u00eb shum\u00eb maksimale: p\u00ebr t\u00eb financuar p\u00ebrkthimet e veprave t\u00eb p\u00ebrzgjedhura n\u00eb PAP-AL dhe do t\u00eb marr\u00eb p\u00ebrsip\u00ebr shpenzimet q\u00eb lidhen me programin e trajnimit t\u00eb p\u00ebrkthyesve t\u00eb rinj.<\/div>\n<div dir=\"auto\"><\/div>\n<\/div>\n<div class=\"o9v6fnle cxmmr5t8 oygrvhab hcukyx3x c1et5uql ii04i59q\">\n<div dir=\"auto\">Thirrja e p\u00ebrbashk\u00ebt n\u00eb mb\u00ebshtetje t\u00eb botuesve q\u00eb zgjedhin t\u00eb sjellin n\u00eb shqip autor\u00eb francez\u00eb do t\u00eb hapet m\u00eb 10 qershor 2021.<\/div>\n<\/div>\n<\/div>\n<\/div>\n<\/div>\n<\/div>\n<div id=\"jsc_c_7t6\" class=\"l9j0dhe7\">\n<div class=\"l9j0dhe7\">\n<div class=\"l9j0dhe7\">\n<div class=\"l9j0dhe7\">\n<div class=\"ni8dbmo4 stjgntxs pmk7jnqg\">\n<div class=\"stjgntxs ni8dbmo4\">\n<div class=\"do00u71z ni8dbmo4 stjgntxs l9j0dhe7\">\n<div class=\"pmk7jnqg kr520xx4\"><a href=\"https:\/\/qkll.gov.al\/wp-content\/uploads\/2021\/05\/191235136_312679576997517_6261536269474165226_n-1.jpg\"><img decoding=\"async\" class=\"alignleft size-thumbnail wp-image-7821\" src=\"https:\/\/qkll.gov.al\/wp-content\/uploads\/2021\/05\/191235136_312679576997517_6261536269474165226_n-1-150x150.jpg\" alt=\"\" width=\"150\" height=\"150\" \/><\/a> <a href=\"https:\/\/qkll.gov.al\/wp-content\/uploads\/2021\/05\/191507746_312679613664180_6641703447149045840_n.jpg\"><img decoding=\"async\" class=\"alignleft size-thumbnail wp-image-7822\" src=\"https:\/\/qkll.gov.al\/wp-content\/uploads\/2021\/05\/191507746_312679613664180_6641703447149045840_n-150x150.jpg\" alt=\"\" width=\"150\" height=\"150\" \/><\/a> <a href=\"https:\/\/qkll.gov.al\/wp-content\/uploads\/2021\/05\/191613728_312679653664176_6613146958124124368_n.jpg\"><img decoding=\"async\" class=\"alignleft size-thumbnail wp-image-7823\" src=\"https:\/\/qkll.gov.al\/wp-content\/uploads\/2021\/05\/191613728_312679653664176_6613146958124124368_n-150x150.jpg\" alt=\"\" width=\"150\" height=\"150\" \/><\/a><\/div>\n<\/div>\n<\/div>\n<\/div>\n<\/div>\n<\/div>\n<\/div>\n<\/div>\n","protected":false},"excerpt":{"rendered":"<p>Qendra Komb\u00ebtare e Librit dhe Leximit dhe Ambasada e Franc\u00ebs n\u00eb Shqip\u00ebri, lidh\u00ebn sot nj\u00eb marr\u00ebveshje bashk\u00ebpunimi p\u00ebr t&#8217;i dh\u00ebn\u00eb jet\u00eb projekteve t\u00eb p\u00ebrbashk\u00ebta n\u00eb fush\u00ebn e librit. Marr\u00ebveshja u n\u00ebnshkrua nga z. J\u00e9r\u00f4me Spinoza, K\u00ebshilltar p\u00ebr Marr\u00ebdh\u00ebniet Kulturore dhe znj. Alda Bardhyli, Drejtore e QKLL-s\u00eb. T\u00eb dyja pal\u00ebt do t\u00eb bashkojn\u00eb p\u00ebrpjekjet e tyre &hellip;<\/p>\n","protected":false},"author":1,"featured_media":7824,"comment_status":"closed","ping_status":"closed","sticky":false,"template":"","format":"standard","meta":{"footnotes":""},"categories":[31,46,39],"tags":[],"class_list":["post-7820","post","type-post","status-publish","format-standard","has-post-thumbnail","hentry","category-aktivitete","category-konsultime-publike-dhe-memorandume","category-te-rejat"],"_links":{"self":[{"href":"https:\/\/qkll.gov.al\/index.php?rest_route=\/wp\/v2\/posts\/7820","targetHints":{"allow":["GET"]}}],"collection":[{"href":"https:\/\/qkll.gov.al\/index.php?rest_route=\/wp\/v2\/posts"}],"about":[{"href":"https:\/\/qkll.gov.al\/index.php?rest_route=\/wp\/v2\/types\/post"}],"author":[{"embeddable":true,"href":"https:\/\/qkll.gov.al\/index.php?rest_route=\/wp\/v2\/users\/1"}],"replies":[{"embeddable":true,"href":"https:\/\/qkll.gov.al\/index.php?rest_route=%2Fwp%2Fv2%2Fcomments&post=7820"}],"version-history":[{"count":1,"href":"https:\/\/qkll.gov.al\/index.php?rest_route=\/wp\/v2\/posts\/7820\/revisions"}],"predecessor-version":[{"id":7825,"href":"https:\/\/qkll.gov.al\/index.php?rest_route=\/wp\/v2\/posts\/7820\/revisions\/7825"}],"wp:featuredmedia":[{"embeddable":true,"href":"https:\/\/qkll.gov.al\/index.php?rest_route=\/wp\/v2\/media\/7824"}],"wp:attachment":[{"href":"https:\/\/qkll.gov.al\/index.php?rest_route=%2Fwp%2Fv2%2Fmedia&parent=7820"}],"wp:term":[{"taxonomy":"category","embeddable":true,"href":"https:\/\/qkll.gov.al\/index.php?rest_route=%2Fwp%2Fv2%2Fcategories&post=7820"},{"taxonomy":"post_tag","embeddable":true,"href":"https:\/\/qkll.gov.al\/index.php?rest_route=%2Fwp%2Fv2%2Ftags&post=7820"}],"curies":[{"name":"wp","href":"https:\/\/api.w.org\/{rel}","templated":true}]}}