{"id":7569,"date":"2021-03-25T09:34:51","date_gmt":"2021-03-25T08:34:51","guid":{"rendered":"https:\/\/qkll.gov.al\/?p=7569"},"modified":"2021-05-21T18:49:57","modified_gmt":"2021-05-21T16:49:57","slug":"nenshkrimi-i-protokollit-te-bashkepunimit-midis-ashsh-se-dhe-qkll-se","status":"publish","type":"post","link":"https:\/\/qkll.gov.al\/?p=7569","title":{"rendered":"N\u00ebnshkrimi i Protokollit t\u00eb Bashk\u00ebpunimit midis ASHSH-s\u00eb dhe QKLL-s\u00eb"},"content":{"rendered":"<p>Qendra Komb\u00ebtare e Librit dhe Leximit dhe Akademia e Shkencave e Shqip\u00ebris\u00eb, Seksioni i Shkencave Shoq\u00ebrore e Albanologiike, n\u00ebnshkruan sot nj\u00eb Protokoll Bashk\u00ebpunimi midis dy institucioneve, duke i hapur k\u00ebsisoj rrug\u00ebn nj\u00eb bashk\u00ebpunimi n\u00eb veprimtarit\u00eb kulturore dhe letrare me interes midis tyre, nd\u00ebr t\u00eb tjera edhe konferenca shkencore kushtuar p\u00ebrvjetor\u00ebve t\u00eb tre prej shkrimtar\u00ebve m\u00eb t\u00eb r\u00ebnd\u00ebsish\u00ebm t\u00eb letrave shqipe, At Gjergj Fishta, Drit\u00ebro Agolli dhe Migjeni<\/p>\n<div class=\"kvgmc6g5 cxmmr5t8 oygrvhab hcukyx3x c1et5uql ii04i59q\">\n<div dir=\"auto\">Ky bashk\u00ebpunim ka n\u00eb themel tre veprimtari t\u00eb r\u00ebnd\u00ebsishme q\u00eb lidhen me dat\u00eblindjet jubilare t\u00eb tre shkrimtar\u00ebve t\u00eb m\u00ebdhenj t\u00eb let\u00ebrsis\u00eb shqipe; 150-vjetori i lindjes s\u00eb Gjergj Fisht\u00ebs, 90-vjetori i lindjes s\u00eb shkrimtarit Drit\u00ebro Agolli dhe 110-vjetori i lindjes s\u00eb Migjenit.<\/div>\n<div dir=\"auto\"><\/div>\n<\/div>\n<div class=\"o9v6fnle cxmmr5t8 oygrvhab hcukyx3x c1et5uql ii04i59q\">\n<div dir=\"auto\">Alda Bardhyli, drejtoresh\u00eb e Qendr\u00ebs Komb\u00ebtare t\u00eb Librit dhe Leximit t\u00eb Ministris\u00eb s\u00eb Kultur\u00ebs, u shpreh se bashk\u00ebpunimi me Seksionin e Shkencave Shoq\u00ebrore dhe Albanologjike t\u00eb Akademis\u00eb s\u00eb Shkencave t\u00eb Shqip\u00ebris\u00eb ka lindur si nevoj\u00eb e mb\u00ebshtetjes shkencore dhe eventeve me r\u00ebnd\u00ebsi komb\u00ebtare.<\/div>\n<div dir=\"auto\"><\/div>\n<\/div>\n<div class=\"o9v6fnle cxmmr5t8 oygrvhab hcukyx3x c1et5uql ii04i59q\">\n<div dir=\"auto\">Akad.P\u00ebllumb Xhufi, kryetar i SSHSHA i Akademis\u00eb s\u00eb Shkencave t\u00eb Shqip\u00ebris\u00eb, u shpreh se ky bashk\u00ebpunim q\u00eb nis duke kujtuar tre t\u00eb m\u00ebdhenjt\u00eb e let\u00ebrsis\u00eb shqipe; Frishta, Drit\u00ebro Agolli e Migjeni, do t\u00eb shtrihet n\u00eb nj\u00eb bashk\u00ebpumim t\u00eb m\u00ebtejsh\u00ebm me t\u00eb tjera veprimtari.<\/div>\n<\/div>\n<div dir=\"auto\"><a href=\"https:\/\/qkll.gov.al\/wp-content\/uploads\/2021\/04\/165648644_3737311219637360_8948130083254292521_n.jpg\"><img decoding=\"async\" class=\"alignleft size-thumbnail wp-image-7575\" src=\"https:\/\/qkll.gov.al\/wp-content\/uploads\/2021\/04\/165648644_3737311219637360_8948130083254292521_n-150x150.jpg\" alt=\"\" width=\"150\" height=\"150\" \/><\/a> <a href=\"https:\/\/qkll.gov.al\/wp-content\/uploads\/2021\/04\/165427295_3737311009637381_9126310417432234401_n.jpg\"><img decoding=\"async\" class=\"alignleft size-thumbnail wp-image-7574\" src=\"https:\/\/qkll.gov.al\/wp-content\/uploads\/2021\/04\/165427295_3737311009637381_9126310417432234401_n-150x150.jpg\" alt=\"\" width=\"150\" height=\"150\" \/><\/a> <a href=\"https:\/\/qkll.gov.al\/wp-content\/uploads\/2021\/04\/165021846_275228440742631_7699709311565776949_n-1.jpg\"><img decoding=\"async\" class=\"alignleft size-thumbnail wp-image-7572\" src=\"https:\/\/qkll.gov.al\/wp-content\/uploads\/2021\/04\/165021846_275228440742631_7699709311565776949_n-1-150x150.jpg\" alt=\"\" width=\"150\" height=\"150\" \/><\/a> <a href=\"https:\/\/qkll.gov.al\/wp-content\/uploads\/2021\/04\/164240372_275228397409302_4711530612516457753_n.jpg\"><img loading=\"lazy\" decoding=\"async\" class=\"alignleft size-thumbnail wp-image-7571\" src=\"https:\/\/qkll.gov.al\/wp-content\/uploads\/2021\/04\/164240372_275228397409302_4711530612516457753_n-150x150.jpg\" alt=\"\" width=\"150\" height=\"150\" \/><\/a><\/div>\n","protected":false},"excerpt":{"rendered":"<p>Qendra Komb\u00ebtare e Librit dhe Leximit dhe Akademia e Shkencave e Shqip\u00ebris\u00eb, Seksioni i Shkencave Shoq\u00ebrore e Albanologiike, n\u00ebnshkruan sot nj\u00eb Protokoll Bashk\u00ebpunimi midis dy institucioneve, duke i hapur k\u00ebsisoj rrug\u00ebn nj\u00eb bashk\u00ebpunimi n\u00eb veprimtarit\u00eb kulturore dhe letrare me interes midis tyre, nd\u00ebr t\u00eb tjera edhe konferenca shkencore kushtuar p\u00ebrvjetor\u00ebve t\u00eb tre prej shkrimtar\u00ebve m\u00eb &hellip;<\/p>\n","protected":false},"author":1,"featured_media":7570,"comment_status":"closed","ping_status":"closed","sticky":false,"template":"","format":"standard","meta":{"footnotes":""},"categories":[31,46,39],"tags":[],"class_list":["post-7569","post","type-post","status-publish","format-standard","has-post-thumbnail","hentry","category-aktivitete","category-konsultime-publike-dhe-memorandume","category-te-rejat"],"_links":{"self":[{"href":"https:\/\/qkll.gov.al\/index.php?rest_route=\/wp\/v2\/posts\/7569","targetHints":{"allow":["GET"]}}],"collection":[{"href":"https:\/\/qkll.gov.al\/index.php?rest_route=\/wp\/v2\/posts"}],"about":[{"href":"https:\/\/qkll.gov.al\/index.php?rest_route=\/wp\/v2\/types\/post"}],"author":[{"embeddable":true,"href":"https:\/\/qkll.gov.al\/index.php?rest_route=\/wp\/v2\/users\/1"}],"replies":[{"embeddable":true,"href":"https:\/\/qkll.gov.al\/index.php?rest_route=%2Fwp%2Fv2%2Fcomments&post=7569"}],"version-history":[{"count":1,"href":"https:\/\/qkll.gov.al\/index.php?rest_route=\/wp\/v2\/posts\/7569\/revisions"}],"predecessor-version":[{"id":7576,"href":"https:\/\/qkll.gov.al\/index.php?rest_route=\/wp\/v2\/posts\/7569\/revisions\/7576"}],"wp:featuredmedia":[{"embeddable":true,"href":"https:\/\/qkll.gov.al\/index.php?rest_route=\/wp\/v2\/media\/7570"}],"wp:attachment":[{"href":"https:\/\/qkll.gov.al\/index.php?rest_route=%2Fwp%2Fv2%2Fmedia&parent=7569"}],"wp:term":[{"taxonomy":"category","embeddable":true,"href":"https:\/\/qkll.gov.al\/index.php?rest_route=%2Fwp%2Fv2%2Fcategories&post=7569"},{"taxonomy":"post_tag","embeddable":true,"href":"https:\/\/qkll.gov.al\/index.php?rest_route=%2Fwp%2Fv2%2Ftags&post=7569"}],"curies":[{"name":"wp","href":"https:\/\/api.w.org\/{rel}","templated":true}]}}