{"id":7467,"date":"2021-03-04T11:23:19","date_gmt":"2021-03-04T10:23:19","guid":{"rendered":"https:\/\/qkll.gov.al\/?p=7467"},"modified":"2021-05-21T18:52:44","modified_gmt":"2021-05-21T16:52:44","slug":"celja-e-pranveres-frankofone-me-aktivitetin-let%d1%91rsia-franceze-dhe-frankofone-n%d1%91-shqip","status":"publish","type":"post","link":"https:\/\/qkll.gov.al\/?p=7467","title":{"rendered":"\u00c7elja e Pranver\u00ebs Frankofone me aktivitetin &#8220;Let\u0451rsia franceze dhe frankofone n\u0451 shqip\u201d"},"content":{"rendered":"<div dir=\"auto\">Qendra Komb\u0451tare e Librit dhe Leximit, n\u00eb bashk\u00ebpunim me Ambasad\u00ebn Franceze n\u00eb Shqip\u00ebri, \u00e7el\u00ebn sot Pranver\u0451n e Frankofonis\u0451, nj\u0451 muaj dedikuar kultur\u0451s franceze, me aktivitetin: &#8220;Let\u0451rsia franceze dhe frankofone n\u0451 shqip\u201d.<\/div>\n<div dir=\"auto\"><\/div>\n<div dir=\"auto\"><\/div>\n<div dir=\"auto\">N\u00eb k\u00ebt\u00eb aktivitet, t\u00eb realizuar n\u00ebp\u00ebrmjet platform\u00ebs ZOOM, mor\u00ebn pjes\u00eb: ministrja e Kultur\u00ebs, znj. Elva Margariti, ambasadorja franceze, znj. Elisabeth Barsacq, ambasadorja greke, znj. Sophia Philippidou dhe ambasadori zviceran, z. Adrian Maitre. T\u00eb pranish\u00ebm ishin gjithashtu: zv.rektorja Esmeralda Kromidha dhe prof. Ilia L\u00ebngu, si dhe shkrimtar\u00ebt Diana \u00c7uli, Mimoza Ahmeti, Ylljet Ali\u00e7ka dhe studiuesi Thoma Jan\u00e7e.<\/div>\n<div dir=\"auto\"><\/div>\n<div dir=\"auto\"><\/div>\n<div dir=\"auto\">Aktiviteti u moderua nga drejtoresha e Qendr\u00ebs Komb\u00ebtare t\u00eb Librit dhe Leximit, Alda Bardhyli.<\/div>\n<div dir=\"auto\"><\/div>\n<div dir=\"auto\"><\/div>\n<div dir=\"auto\">Ju mund t&#8217;i ndiqni m\u00eb tej programet e k\u00ebtij muaji t\u00eb bukur n\u00eb www.frankofoni.al<\/div>\n<div dir=\"auto\"><\/div>\n<div dir=\"auto\"><\/div>\n<div dir=\"auto\"><a href=\"https:\/\/qkll.gov.al\/wp-content\/uploads\/2021\/03\/157115849_263199391945536_2613488552445164336_n-1.jpg\"><img decoding=\"async\" class=\"alignleft wp-image-7469 size-thumbnail\" src=\"https:\/\/qkll.gov.al\/wp-content\/uploads\/2021\/03\/157115849_263199391945536_2613488552445164336_n-1-150x150.jpg\" alt=\"\" width=\"150\" height=\"150\" \/><\/a> <a href=\"https:\/\/qkll.gov.al\/wp-content\/uploads\/2021\/03\/157282174_263199321945543_3572623861332356957_n-1.jpg\"><img decoding=\"async\" class=\"alignleft wp-image-7470 size-thumbnail\" src=\"https:\/\/qkll.gov.al\/wp-content\/uploads\/2021\/03\/157282174_263199321945543_3572623861332356957_n-1-150x150.jpg\" alt=\"\" width=\"150\" height=\"150\" \/><\/a> <a href=\"https:\/\/qkll.gov.al\/wp-content\/uploads\/2021\/03\/157021502_263199358612206_5888374692791390547_n.jpg\"><img decoding=\"async\" class=\"alignleft wp-image-7468 size-thumbnail\" src=\"https:\/\/qkll.gov.al\/wp-content\/uploads\/2021\/03\/157021502_263199358612206_5888374692791390547_n-150x150.jpg\" alt=\"\" width=\"150\" height=\"150\" \/><\/a><\/div>\n<div dir=\"auto\"><\/div>\n","protected":false},"excerpt":{"rendered":"<p>Qendra Komb\u0451tare e Librit dhe Leximit, n\u00eb bashk\u00ebpunim me Ambasad\u00ebn Franceze n\u00eb Shqip\u00ebri, \u00e7el\u00ebn sot Pranver\u0451n e Frankofonis\u0451, nj\u0451 muaj dedikuar kultur\u0451s franceze, me aktivitetin: &#8220;Let\u0451rsia franceze dhe frankofone n\u0451 shqip\u201d. N\u00eb k\u00ebt\u00eb aktivitet, t\u00eb realizuar n\u00ebp\u00ebrmjet platform\u00ebs ZOOM, mor\u00ebn pjes\u00eb: ministrja e Kultur\u00ebs, znj. Elva Margariti, ambasadorja franceze, znj. Elisabeth Barsacq, ambasadorja greke, znj. &hellip;<\/p>\n","protected":false},"author":1,"featured_media":7470,"comment_status":"closed","ping_status":"closed","sticky":false,"template":"","format":"standard","meta":{"footnotes":""},"categories":[31,39],"tags":[],"class_list":["post-7467","post","type-post","status-publish","format-standard","has-post-thumbnail","hentry","category-aktivitete","category-te-rejat"],"_links":{"self":[{"href":"https:\/\/qkll.gov.al\/index.php?rest_route=\/wp\/v2\/posts\/7467","targetHints":{"allow":["GET"]}}],"collection":[{"href":"https:\/\/qkll.gov.al\/index.php?rest_route=\/wp\/v2\/posts"}],"about":[{"href":"https:\/\/qkll.gov.al\/index.php?rest_route=\/wp\/v2\/types\/post"}],"author":[{"embeddable":true,"href":"https:\/\/qkll.gov.al\/index.php?rest_route=\/wp\/v2\/users\/1"}],"replies":[{"embeddable":true,"href":"https:\/\/qkll.gov.al\/index.php?rest_route=%2Fwp%2Fv2%2Fcomments&post=7467"}],"version-history":[{"count":2,"href":"https:\/\/qkll.gov.al\/index.php?rest_route=\/wp\/v2\/posts\/7467\/revisions"}],"predecessor-version":[{"id":7472,"href":"https:\/\/qkll.gov.al\/index.php?rest_route=\/wp\/v2\/posts\/7467\/revisions\/7472"}],"wp:featuredmedia":[{"embeddable":true,"href":"https:\/\/qkll.gov.al\/index.php?rest_route=\/wp\/v2\/media\/7470"}],"wp:attachment":[{"href":"https:\/\/qkll.gov.al\/index.php?rest_route=%2Fwp%2Fv2%2Fmedia&parent=7467"}],"wp:term":[{"taxonomy":"category","embeddable":true,"href":"https:\/\/qkll.gov.al\/index.php?rest_route=%2Fwp%2Fv2%2Fcategories&post=7467"},{"taxonomy":"post_tag","embeddable":true,"href":"https:\/\/qkll.gov.al\/index.php?rest_route=%2Fwp%2Fv2%2Ftags&post=7467"}],"curies":[{"name":"wp","href":"https:\/\/api.w.org\/{rel}","templated":true}]}}