{"id":7244,"date":"2020-12-17T10:59:56","date_gmt":"2020-12-17T09:59:56","guid":{"rendered":"https:\/\/qkll.gov.al\/?p=7244"},"modified":"2021-05-21T18:55:20","modified_gmt":"2021-05-21T16:55:20","slug":"100-librat-qe-rrefejne-tiranen","status":"publish","type":"post","link":"https:\/\/qkll.gov.al\/?p=7244","title":{"rendered":"100 LIBRAT Q\u00cb RR\u00cbFEJN\u00cb TIRAN\u00cbN"},"content":{"rendered":"\t\t<div data-elementor-type=\"wp-post\" data-elementor-id=\"7244\" class=\"elementor elementor-7244\" data-elementor-post-type=\"post\">\n\t\t\t\t\t\t<section class=\"elementor-section elementor-top-section elementor-element elementor-element-76822ff5 elementor-section-boxed elementor-section-height-default elementor-section-height-default\" data-id=\"76822ff5\" data-element_type=\"section\">\n\t\t\t\t\t\t<div class=\"elementor-container elementor-column-gap-default\">\n\t\t\t\t\t<div class=\"elementor-column elementor-col-100 elementor-top-column elementor-element elementor-element-7ccda56f\" data-id=\"7ccda56f\" data-element_type=\"column\">\n\t\t\t<div class=\"elementor-widget-wrap elementor-element-populated\">\n\t\t\t\t\t\t<div class=\"elementor-element elementor-element-11650439 elementor-widget elementor-widget-text-editor\" data-id=\"11650439\" data-element_type=\"widget\" data-widget_type=\"text-editor.default\">\n\t\t\t\t<div class=\"elementor-widget-container\">\n\t\t\t\t\t\t\t\t\t<div class=\"o9v6fnle cxmmr5t8 oygrvhab hcukyx3x c1et5uql ii04i59q\">\n<div dir=\"auto\">Qendra Komb\u00ebtare e Librit dhe Leximit dhe Ministria e Kultur\u00ebs organizuan aktivitetin kushtuar let\u00ebrsis\u00eb dhe autor\u00ebve shqiptar\u00eb t\u00eb p\u00ebrkthyer n\u00eb gjuh\u00ebn italiane dhe ndikimit q\u00eb kan\u00eb k\u00ebta libra te lexuesi italian, duke p\u00ebrkuar n\u00eb simbolik\u00eb ky aktivitet gjithashtu me 100-vjetorin e Tiran\u00ebs kryeqytet dhe me 100-vjetorin e krijimit t\u00eb Bibliotek\u00ebs Komb\u00ebtare. Nj\u00eb vit m\u00eb par\u00eb, k\u00ebta libra treguan rrug\u00ebtimin ton\u00eb kulturor e historik n\u00eb Festivalin e Let\u00ebrsis\u00eb n\u00eb Mantova.<\/div><div dir=\"auto\"><br><\/div>\n<div dir=\"auto\">Tashm\u00eb studiuesit, lexuesit mund t&#8217;i gjejn\u00eb n\u00eb Bibliotek\u00ebn e QKLL-s\u00eb. Nga De Rada, shkrimtari i madh shqiptar Ismail Kadare, e deri te shkrimtar\u00ebt p\u00ebrfaq\u00ebsues t\u00eb brezit t\u00eb ri t\u00eb pas viteve \u201990, ky aktivitet shpalos mozaikun e letrave shqipe te lexuesit italian\u00eb.<\/div><div dir=\"auto\"><br><\/div>\n<\/div>\n<div class=\"o9v6fnle cxmmr5t8 oygrvhab hcukyx3x c1et5uql ii04i59q\">\n<div dir=\"auto\">T\u00eb pranish\u00ebm ishin znj. Elva Margariti, Ministre e Kultur\u00ebs, zv.Kryetarja e Bashkis\u00eb, znj. Anisa Ruseti, Drejtoresha e Qendr\u00ebs Komb\u00ebtare t\u00eb Librit dhe Leximit, znj. Alda Bardhyli, dhe Drejtoresha e Qendr\u00ebs s\u00eb Studimeve p\u00ebr Arb\u00ebresh\u00ebt, znj. Diana Kastrati.<\/div><div dir=\"auto\"><br><\/div>\n<div dir=\"auto\">T\u00eb pranish\u00ebm gjithashtu ishin edhe shkrimtaret Diana \u00c7uli dhe Vera Bekteshi, si edhe shkrimtari Ylljet Ali\u00e7ka dhe poeti e p\u00ebrkthyesi Julian Zhara.<\/div>\n<\/div>\n<div class=\"o9v6fnle cxmmr5t8 oygrvhab hcukyx3x c1et5uql ii04i59q\">\n<div dir=\"auto\">Fotot nga Endri Qenanaj<\/div>\n<\/div>\t\t\t\t\t\t\t\t<\/div>\n\t\t\t\t<\/div>\n\t\t\t\t\t<\/div>\n\t\t<\/div>\n\t\t\t\t\t<\/div>\n\t\t<\/section>\n\t\t\t\t<section class=\"elementor-section elementor-top-section elementor-element elementor-element-51c2d2d elementor-section-boxed elementor-section-height-default elementor-section-height-default\" data-id=\"51c2d2d\" data-element_type=\"section\">\n\t\t\t\t\t\t<div class=\"elementor-container elementor-column-gap-default\">\n\t\t\t\t\t<div class=\"elementor-column elementor-col-20 elementor-top-column elementor-element elementor-element-71b6e81\" data-id=\"71b6e81\" data-element_type=\"column\">\n\t\t\t<div class=\"elementor-widget-wrap elementor-element-populated\">\n\t\t\t\t\t\t<div class=\"elementor-element elementor-element-ab4777d elementor-widget elementor-widget-image\" data-id=\"ab4777d\" data-element_type=\"widget\" data-widget_type=\"image.default\">\n\t\t\t\t<div class=\"elementor-widget-container\">\n\t\t\t\t\t\t\t\t\t\t\t\t\t\t\t\t<a href=\"https:\/\/qkll.gov.al\/wp-content\/uploads\/2020\/12\/131892728_218548029744006_4767549396444323190_n.jpg\" data-elementor-open-lightbox=\"yes\" data-elementor-lightbox-title=\"131892728_218548029744006_4767549396444323190_n\" data-e-action-hash=\"#elementor-action%3Aaction%3Dlightbox%26settings%3DeyJpZCI6NzI1MCwidXJsIjoiaHR0cHM6XC9cL3FrbGwuZ292LmFsXC93cC1jb250ZW50XC91cGxvYWRzXC8yMDIwXC8xMlwvMTMxODkyNzI4XzIxODU0ODAyOTc0NDAwNl80NzY3NTQ5Mzk2NDQ0MzIzMTkwX24uanBnIn0%3D\">\n\t\t\t\t\t\t\t<img decoding=\"async\" width=\"150\" height=\"150\" src=\"https:\/\/qkll.gov.al\/wp-content\/uploads\/2020\/12\/131892728_218548029744006_4767549396444323190_n-150x150.jpg\" class=\"attachment-thumbnail size-thumbnail wp-image-7250\" alt=\"\" \/>\t\t\t\t\t\t\t\t<\/a>\n\t\t\t\t\t\t\t\t\t\t\t\t\t\t\t<\/div>\n\t\t\t\t<\/div>\n\t\t\t\t\t<\/div>\n\t\t<\/div>\n\t\t\t\t<div class=\"elementor-column elementor-col-20 elementor-top-column elementor-element elementor-element-6576968\" data-id=\"6576968\" data-element_type=\"column\">\n\t\t\t<div class=\"elementor-widget-wrap elementor-element-populated\">\n\t\t\t\t\t\t<div class=\"elementor-element elementor-element-6bc8fc2 elementor-widget elementor-widget-image\" data-id=\"6bc8fc2\" data-element_type=\"widget\" data-widget_type=\"image.default\">\n\t\t\t\t<div class=\"elementor-widget-container\">\n\t\t\t\t\t\t\t\t\t\t\t\t\t\t\t\t<a href=\"https:\/\/qkll.gov.al\/wp-content\/uploads\/2020\/12\/131573246_218547719744037_7325082983840168087_n.jpg\" data-elementor-open-lightbox=\"yes\" data-elementor-lightbox-title=\"131573246_218547719744037_7325082983840168087_n\" data-e-action-hash=\"#elementor-action%3Aaction%3Dlightbox%26settings%3DeyJpZCI6NzI0NiwidXJsIjoiaHR0cHM6XC9cL3FrbGwuZ292LmFsXC93cC1jb250ZW50XC91cGxvYWRzXC8yMDIwXC8xMlwvMTMxNTczMjQ2XzIxODU0NzcxOTc0NDAzN183MzI1MDgyOTgzODQwMTY4MDg3X24uanBnIn0%3D\">\n\t\t\t\t\t\t\t<img decoding=\"async\" width=\"150\" height=\"150\" src=\"https:\/\/qkll.gov.al\/wp-content\/uploads\/2020\/12\/131573246_218547719744037_7325082983840168087_n-150x150.jpg\" class=\"attachment-thumbnail size-thumbnail wp-image-7246\" alt=\"\" \/>\t\t\t\t\t\t\t\t<\/a>\n\t\t\t\t\t\t\t\t\t\t\t\t\t\t\t<\/div>\n\t\t\t\t<\/div>\n\t\t\t\t\t<\/div>\n\t\t<\/div>\n\t\t\t\t<div class=\"elementor-column elementor-col-20 elementor-top-column elementor-element elementor-element-5c41ee9\" data-id=\"5c41ee9\" data-element_type=\"column\">\n\t\t\t<div class=\"elementor-widget-wrap elementor-element-populated\">\n\t\t\t\t\t\t<div class=\"elementor-element elementor-element-e4c4c71 elementor-widget elementor-widget-image\" data-id=\"e4c4c71\" data-element_type=\"widget\" data-widget_type=\"image.default\">\n\t\t\t\t<div class=\"elementor-widget-container\">\n\t\t\t\t\t\t\t\t\t\t\t\t\t\t\t\t<a href=\"https:\/\/qkll.gov.al\/wp-content\/uploads\/2020\/12\/131589577_218547946410681_8107824293503311954_n.jpg\" data-elementor-open-lightbox=\"yes\" data-elementor-lightbox-title=\"131589577_218547946410681_8107824293503311954_n\" data-e-action-hash=\"#elementor-action%3Aaction%3Dlightbox%26settings%3DeyJpZCI6NzI0NywidXJsIjoiaHR0cHM6XC9cL3FrbGwuZ292LmFsXC93cC1jb250ZW50XC91cGxvYWRzXC8yMDIwXC8xMlwvMTMxNTg5NTc3XzIxODU0Nzk0NjQxMDY4MV84MTA3ODI0MjkzNTAzMzExOTU0X24uanBnIn0%3D\">\n\t\t\t\t\t\t\t<img decoding=\"async\" width=\"150\" height=\"150\" src=\"https:\/\/qkll.gov.al\/wp-content\/uploads\/2020\/12\/131589577_218547946410681_8107824293503311954_n-150x150.jpg\" class=\"attachment-thumbnail size-thumbnail wp-image-7247\" alt=\"\" \/>\t\t\t\t\t\t\t\t<\/a>\n\t\t\t\t\t\t\t\t\t\t\t\t\t\t\t<\/div>\n\t\t\t\t<\/div>\n\t\t\t\t\t<\/div>\n\t\t<\/div>\n\t\t\t\t<div class=\"elementor-column elementor-col-20 elementor-top-column elementor-element elementor-element-606e5ab\" data-id=\"606e5ab\" data-element_type=\"column\">\n\t\t\t<div class=\"elementor-widget-wrap elementor-element-populated\">\n\t\t\t\t\t\t<div class=\"elementor-element elementor-element-d20f1fb elementor-widget elementor-widget-image\" data-id=\"d20f1fb\" data-element_type=\"widget\" data-widget_type=\"image.default\">\n\t\t\t\t<div class=\"elementor-widget-container\">\n\t\t\t\t\t\t\t\t\t\t\t\t\t\t\t\t<a href=\"https:\/\/qkll.gov.al\/wp-content\/uploads\/2020\/12\/131930292_218547893077353_7828237067720793047_n.jpg\" data-elementor-open-lightbox=\"yes\" data-elementor-lightbox-title=\"131930292_218547893077353_7828237067720793047_n\" data-e-action-hash=\"#elementor-action%3Aaction%3Dlightbox%26settings%3DeyJpZCI6NzI1MiwidXJsIjoiaHR0cHM6XC9cL3FrbGwuZ292LmFsXC93cC1jb250ZW50XC91cGxvYWRzXC8yMDIwXC8xMlwvMTMxOTMwMjkyXzIxODU0Nzg5MzA3NzM1M183ODI4MjM3MDY3NzIwNzkzMDQ3X24uanBnIn0%3D\">\n\t\t\t\t\t\t\t<img loading=\"lazy\" decoding=\"async\" width=\"150\" height=\"150\" src=\"https:\/\/qkll.gov.al\/wp-content\/uploads\/2020\/12\/131930292_218547893077353_7828237067720793047_n-150x150.jpg\" class=\"attachment-thumbnail size-thumbnail wp-image-7252\" alt=\"\" \/>\t\t\t\t\t\t\t\t<\/a>\n\t\t\t\t\t\t\t\t\t\t\t\t\t\t\t<\/div>\n\t\t\t\t<\/div>\n\t\t\t\t\t<\/div>\n\t\t<\/div>\n\t\t\t\t<div class=\"elementor-column elementor-col-20 elementor-top-column elementor-element elementor-element-276cce3\" data-id=\"276cce3\" data-element_type=\"column\">\n\t\t\t<div class=\"elementor-widget-wrap elementor-element-populated\">\n\t\t\t\t\t\t<div class=\"elementor-element elementor-element-97ffabd elementor-widget elementor-widget-image\" data-id=\"97ffabd\" data-element_type=\"widget\" data-widget_type=\"image.default\">\n\t\t\t\t<div class=\"elementor-widget-container\">\n\t\t\t\t\t\t\t\t\t\t\t\t\t\t\t\t<a href=\"https:\/\/qkll.gov.al\/wp-content\/uploads\/2020\/12\/131757987_218547799744029_6190401793397444897_n.jpg\" data-elementor-open-lightbox=\"yes\" data-elementor-lightbox-title=\"131757987_218547799744029_6190401793397444897_n\" data-e-action-hash=\"#elementor-action%3Aaction%3Dlightbox%26settings%3DeyJpZCI6NzI0OCwidXJsIjoiaHR0cHM6XC9cL3FrbGwuZ292LmFsXC93cC1jb250ZW50XC91cGxvYWRzXC8yMDIwXC8xMlwvMTMxNzU3OTg3XzIxODU0Nzc5OTc0NDAyOV82MTkwNDAxNzkzMzk3NDQ0ODk3X24uanBnIn0%3D\">\n\t\t\t\t\t\t\t<img loading=\"lazy\" decoding=\"async\" width=\"150\" height=\"150\" src=\"https:\/\/qkll.gov.al\/wp-content\/uploads\/2020\/12\/131757987_218547799744029_6190401793397444897_n-150x150.jpg\" class=\"attachment-thumbnail size-thumbnail wp-image-7248\" alt=\"\" \/>\t\t\t\t\t\t\t\t<\/a>\n\t\t\t\t\t\t\t\t\t\t\t\t\t\t\t<\/div>\n\t\t\t\t<\/div>\n\t\t\t\t\t<\/div>\n\t\t<\/div>\n\t\t\t\t\t<\/div>\n\t\t<\/section>\n\t\t\t\t<\/div>\n\t\t","protected":false},"excerpt":{"rendered":"<p>Qendra Komb\u00ebtare e Librit dhe Leximit dhe Ministria e Kultur\u00ebs organizuan aktivitetin kushtuar let\u00ebrsis\u00eb dhe autor\u00ebve shqiptar\u00eb t\u00eb p\u00ebrkthyer n\u00eb gjuh\u00ebn italiane dhe ndikimit q\u00eb kan\u00eb k\u00ebta libra te lexuesi italian, duke p\u00ebrkuar n\u00eb simbolik\u00eb ky aktivitet gjithashtu me 100-vjetorin e Tiran\u00ebs kryeqytet dhe me 100-vjetorin e krijimit t\u00eb Bibliotek\u00ebs Komb\u00ebtare. Nj\u00eb vit m\u00eb par\u00eb, &hellip;<\/p>\n","protected":false},"author":1,"featured_media":7250,"comment_status":"closed","ping_status":"closed","sticky":false,"template":"","format":"standard","meta":{"footnotes":""},"categories":[31,39],"tags":[],"class_list":["post-7244","post","type-post","status-publish","format-standard","has-post-thumbnail","hentry","category-aktivitete","category-te-rejat"],"_links":{"self":[{"href":"https:\/\/qkll.gov.al\/index.php?rest_route=\/wp\/v2\/posts\/7244","targetHints":{"allow":["GET"]}}],"collection":[{"href":"https:\/\/qkll.gov.al\/index.php?rest_route=\/wp\/v2\/posts"}],"about":[{"href":"https:\/\/qkll.gov.al\/index.php?rest_route=\/wp\/v2\/types\/post"}],"author":[{"embeddable":true,"href":"https:\/\/qkll.gov.al\/index.php?rest_route=\/wp\/v2\/users\/1"}],"replies":[{"embeddable":true,"href":"https:\/\/qkll.gov.al\/index.php?rest_route=%2Fwp%2Fv2%2Fcomments&post=7244"}],"version-history":[{"count":4,"href":"https:\/\/qkll.gov.al\/index.php?rest_route=\/wp\/v2\/posts\/7244\/revisions"}],"predecessor-version":[{"id":7256,"href":"https:\/\/qkll.gov.al\/index.php?rest_route=\/wp\/v2\/posts\/7244\/revisions\/7256"}],"wp:featuredmedia":[{"embeddable":true,"href":"https:\/\/qkll.gov.al\/index.php?rest_route=\/wp\/v2\/media\/7250"}],"wp:attachment":[{"href":"https:\/\/qkll.gov.al\/index.php?rest_route=%2Fwp%2Fv2%2Fmedia&parent=7244"}],"wp:term":[{"taxonomy":"category","embeddable":true,"href":"https:\/\/qkll.gov.al\/index.php?rest_route=%2Fwp%2Fv2%2Fcategories&post=7244"},{"taxonomy":"post_tag","embeddable":true,"href":"https:\/\/qkll.gov.al\/index.php?rest_route=%2Fwp%2Fv2%2Ftags&post=7244"}],"curies":[{"name":"wp","href":"https:\/\/api.w.org\/{rel}","templated":true}]}}