{"id":7201,"date":"2020-12-04T10:44:37","date_gmt":"2020-12-04T09:44:37","guid":{"rendered":"https:\/\/qkll.gov.al\/?p=7201"},"modified":"2021-05-21T18:55:28","modified_gmt":"2021-05-21T16:55:28","slug":"memorandum-mirekuptimi-midis-qkll-se-dhe-muzeut-historik-kombetar","status":"publish","type":"post","link":"https:\/\/qkll.gov.al\/?p=7201","title":{"rendered":"Memorandum Mir\u00ebkuptimi midis QKLL-s\u00eb dhe Muzeut Historik Komb\u00ebtar"},"content":{"rendered":"\t\t<div data-elementor-type=\"wp-post\" data-elementor-id=\"7201\" class=\"elementor elementor-7201\" data-elementor-post-type=\"post\">\n\t\t\t\t\t\t<section class=\"elementor-section elementor-top-section elementor-element elementor-element-479e7d26 elementor-section-boxed elementor-section-height-default elementor-section-height-default\" data-id=\"479e7d26\" data-element_type=\"section\">\n\t\t\t\t\t\t<div class=\"elementor-container elementor-column-gap-default\">\n\t\t\t\t\t<div class=\"elementor-column elementor-col-100 elementor-top-column elementor-element elementor-element-5d833202\" data-id=\"5d833202\" data-element_type=\"column\">\n\t\t\t<div class=\"elementor-widget-wrap elementor-element-populated\">\n\t\t\t\t\t\t<div class=\"elementor-element elementor-element-748019cc elementor-widget elementor-widget-text-editor\" data-id=\"748019cc\" data-element_type=\"widget\" data-widget_type=\"text-editor.default\">\n\t\t\t\t<div class=\"elementor-widget-container\">\n\t\t\t\t\t\t\t\t\t<div class=\"kvgmc6g5 cxmmr5t8 oygrvhab hcukyx3x c1et5uql ii04i59q\">\n<div dir=\"auto\">Qendra Komb\u00ebtare e Librit dhe Leximit dhe Muzeu Historik Komb\u00ebtar n\u00ebnshkruan sot nj\u00eb Memorandum Mir\u00ebkuptimi midis dy Institucioneve t\u00eb tyre.<\/div>\n<div dir=\"auto\"><\/div>\n<div dir=\"auto\">Ky Memorandum Mir\u00ebkuptimi rregullon marr\u00ebdh\u00ebniet midis pal\u00ebve me q\u00ebllim zbatimin e projekteve t\u00eb p\u00ebrbashk\u00ebta. Projektet n\u00eb fjal\u00eb kan\u00eb si q\u00ebllim p\u00ebrkujtimin e ngjarjeve m\u00eb t\u00eb r\u00ebnd\u00ebsishme historike t\u00eb popullit shqiptar, nxitjen e kultur\u00ebs s\u00eb leximit dhe t\u00eb krijimtaris\u00eb, zgjerimin e audiencave letrare, promovimin e letrave shqipe brenda dhe jasht\u00eb vendit.<\/div>\n<\/div>\n<div class=\"o9v6fnle cxmmr5t8 oygrvhab hcukyx3x c1et5uql ii04i59q\">\n<div dir=\"auto\">Projektet q\u00eb do t\u00eb realizojm\u00eb synojn\u00eb n\u00eb botimin dhe promovimin e librave t\u00eb autor\u00ebve t\u00eb ndrysh\u00ebm n\u00eb mjediset e Muzeut Historik Komb\u00ebtar-Tiran\u00eb dhe n\u00eb Qendr\u00ebn Komb\u00ebtare t\u00eb Librit dhe Leximit duke promovuar personalitetet dhe ngjarjet e r\u00ebnd\u00ebsishme historike.<\/div>\n<\/div>\n<div class=\"o9v6fnle cxmmr5t8 oygrvhab hcukyx3x c1et5uql ii04i59q\">\n<div dir=\"auto\">*<\/div>\n<div dir=\"auto\">Muzeu Historik Komb\u00ebtar-Tiran\u00eb dhe Qendra Komb\u00ebtare e Librit dhe Leximit do t\u00eb realizojn\u00eb botime, konferenca shkencore, ekspozita, aktivitete dhe projekte t\u00eb p\u00ebrbashk\u00ebta, t\u00eb cilat do t\u2019i sh\u00ebrbejn\u00eb shk\u00ebmbimit t\u00eb eksperiencave t\u00eb nd\u00ebrsjellta nd\u00ebrmjet dy institucioneve. Muzeu Historik Komb\u00ebtar-Tiran\u00eb dhe Qendra Komb\u00ebtare e Librit dhe Leximit do t\u00eb ofrojn\u00eb p\u00ebrdorimin e ambjenteve t\u00eb tyre p\u00ebr konferenca dhe salla ekspozimi.<\/div>\n<\/div>\n<div class=\"o9v6fnle cxmmr5t8 oygrvhab hcukyx3x c1et5uql ii04i59q\">\n<div dir=\"auto\">*<\/div>\n<div dir=\"auto\">Me interes t\u00eb ve\u00e7ant\u00eb do t\u00eb jet\u00eb shk\u00ebmbimi i botimeve nd\u00ebrmjet Muzeut Historik Komb\u00ebtar-Tiran\u00eb dhe Qendr\u00ebs Komb\u00ebtare t\u00eb Librit dhe Leximit. Muzeu Historik Komb\u00ebtar-Tiran\u00eb do t\u00eb ofroj\u00eb serin\u00eb e revist\u00ebs Studime Muzeologjike, si dhe botime te tjera, nd\u00ebrsa Qendra Komb\u00ebtare e Librit dhe Leximit do t\u00eb ofroj\u00eb botimet e saj.<\/div>\n<\/div>\n<div class=\"o9v6fnle cxmmr5t8 oygrvhab hcukyx3x c1et5uql ii04i59q\">\n<div dir=\"auto\">*<\/div>\n<div dir=\"auto\">Muzeu Historik Komb\u00ebtar-Tiran\u00eb dhe Qendra Komb\u00ebtare e Librit dhe Leximit do t\u00eb aplikojn\u00eb n\u00eb projekte t\u00eb p\u00ebrbashk\u00ebta n\u00eb Bashkimin Europian.<\/div>\n<\/div>\n<div class=\"o9v6fnle cxmmr5t8 oygrvhab hcukyx3x c1et5uql ii04i59q\">\n<div dir=\"auto\">*<\/div>\n<div dir=\"auto\">Muzeu Historik Komb\u00ebtar-Tiran\u00eb dhe Qendra Komb\u00ebtare e Librit dhe Leximit do t\u00eb punojn\u00eb s\u00eb bashku p\u00ebr p\u00ebrkujtimin e datave dhe autor\u00ebve shqiptar\u00eb q\u00eb p\u00ebrfaq\u00ebsojn\u00eb trash\u00ebgimi historike e letrare n\u00eb vepr\u00ebn e tyre. Muzeu Historik Komb\u00ebtar-Tiran\u00eb do t\u00eb ndihmoj\u00eb n\u00eb hartimin e nj\u00eb konceptualizimi muzeor t\u00eb Let\u00ebrsis\u00eb Shqipe nd\u00ebrsa Qendra Komb\u00ebtare e Librit dhe Leximit do t\u00eb ofroj\u00eb dor\u00ebshkrime, memorie dhe material dokumentar t\u00eb shkrimtar\u00ebve shqiptar\u00eb t\u00eb mbledhur gjat\u00eb aktivitetit funksional t\u00eb saj.<\/div>\n<\/div>\n<div class=\"o9v6fnle cxmmr5t8 oygrvhab hcukyx3x c1et5uql ii04i59q\">\n<div dir=\"auto\">*<\/div>\n<div dir=\"auto\">Muzeu Historik Komb\u00ebtar-Tiran\u00eb dhe Qendra Komb\u00ebtare e Librit dhe Leximit do t\u00eb punojn\u00eb ngusht\u00eb p\u00ebr t\u00eb p\u00ebrkujtuar dhe mb\u00ebshtetur krijimtarin\u00eb e shkrimtar\u00ebve arb\u00ebresh\u00eb t\u00eb tradit\u00ebs si dhe t\u00eb diaspor\u00ebs s\u00eb re n\u00eb organizmin e konferencave t\u00eb p\u00ebrbashk\u00ebta dhe ekspozitave.<\/div>\n<\/div>\t\t\t\t\t\t\t\t<\/div>\n\t\t\t\t<\/div>\n\t\t\t\t\t<\/div>\n\t\t<\/div>\n\t\t\t\t\t<\/div>\n\t\t<\/section>\n\t\t\t\t<section class=\"elementor-section elementor-top-section elementor-element elementor-element-848bc7b elementor-section-boxed elementor-section-height-default elementor-section-height-default\" data-id=\"848bc7b\" data-element_type=\"section\">\n\t\t\t\t\t\t<div class=\"elementor-container elementor-column-gap-default\">\n\t\t\t\t\t<div class=\"elementor-column elementor-col-25 elementor-top-column elementor-element elementor-element-6150936\" data-id=\"6150936\" data-element_type=\"column\">\n\t\t\t<div class=\"elementor-widget-wrap elementor-element-populated\">\n\t\t\t\t\t\t<div class=\"elementor-element elementor-element-2a0e7df elementor-widget elementor-widget-image\" data-id=\"2a0e7df\" data-element_type=\"widget\" data-widget_type=\"image.default\">\n\t\t\t\t<div class=\"elementor-widget-container\">\n\t\t\t\t\t\t\t\t\t\t\t\t\t\t\t\t<a href=\"https:\/\/qkll.gov.al\/wp-content\/uploads\/2020\/12\/129216539_209771293955013_4813475259138280578_o.jpg\" data-elementor-open-lightbox=\"yes\" data-elementor-lightbox-title=\"129216539_209771293955013_4813475259138280578_o\" data-e-action-hash=\"#elementor-action%3Aaction%3Dlightbox%26settings%3DeyJpZCI6NzIwMywidXJsIjoiaHR0cHM6XC9cL3FrbGwuZ292LmFsXC93cC1jb250ZW50XC91cGxvYWRzXC8yMDIwXC8xMlwvMTI5MjE2NTM5XzIwOTc3MTI5Mzk1NTAxM180ODEzNDc1MjU5MTM4MjgwNTc4X28uanBnIn0%3D\">\n\t\t\t\t\t\t\t<img decoding=\"async\" width=\"150\" height=\"150\" src=\"https:\/\/qkll.gov.al\/wp-content\/uploads\/2020\/12\/129216539_209771293955013_4813475259138280578_o-150x150.jpg\" class=\"attachment-thumbnail size-thumbnail wp-image-7203\" alt=\"\" \/>\t\t\t\t\t\t\t\t<\/a>\n\t\t\t\t\t\t\t\t\t\t\t\t\t\t\t<\/div>\n\t\t\t\t<\/div>\n\t\t\t\t\t<\/div>\n\t\t<\/div>\n\t\t\t\t<div class=\"elementor-column elementor-col-25 elementor-top-column elementor-element elementor-element-5e61957\" data-id=\"5e61957\" data-element_type=\"column\">\n\t\t\t<div class=\"elementor-widget-wrap elementor-element-populated\">\n\t\t\t\t\t\t<div class=\"elementor-element elementor-element-076d49e elementor-widget elementor-widget-image\" data-id=\"076d49e\" data-element_type=\"widget\" data-widget_type=\"image.default\">\n\t\t\t\t<div class=\"elementor-widget-container\">\n\t\t\t\t\t\t\t\t\t\t\t\t\t\t\t\t<a href=\"https:\/\/qkll.gov.al\/wp-content\/uploads\/2020\/12\/129662331_209771333955009_804831394498268744_o.jpg\" data-elementor-open-lightbox=\"yes\" data-elementor-lightbox-title=\"129662331_209771333955009_804831394498268744_o\" data-e-action-hash=\"#elementor-action%3Aaction%3Dlightbox%26settings%3DeyJpZCI6NzIwNSwidXJsIjoiaHR0cHM6XC9cL3FrbGwuZ292LmFsXC93cC1jb250ZW50XC91cGxvYWRzXC8yMDIwXC8xMlwvMTI5NjYyMzMxXzIwOTc3MTMzMzk1NTAwOV84MDQ4MzEzOTQ0OTgyNjg3NDRfby5qcGcifQ%3D%3D\">\n\t\t\t\t\t\t\t<img decoding=\"async\" width=\"150\" height=\"150\" src=\"https:\/\/qkll.gov.al\/wp-content\/uploads\/2020\/12\/129662331_209771333955009_804831394498268744_o-150x150.jpg\" class=\"attachment-thumbnail size-thumbnail wp-image-7205\" alt=\"\" \/>\t\t\t\t\t\t\t\t<\/a>\n\t\t\t\t\t\t\t\t\t\t\t\t\t\t\t<\/div>\n\t\t\t\t<\/div>\n\t\t\t\t\t<\/div>\n\t\t<\/div>\n\t\t\t\t<div class=\"elementor-column elementor-col-25 elementor-top-column elementor-element elementor-element-2328b43\" data-id=\"2328b43\" data-element_type=\"column\">\n\t\t\t<div class=\"elementor-widget-wrap elementor-element-populated\">\n\t\t\t\t\t\t<div class=\"elementor-element elementor-element-00abf8a elementor-widget elementor-widget-image\" data-id=\"00abf8a\" data-element_type=\"widget\" data-widget_type=\"image.default\">\n\t\t\t\t<div class=\"elementor-widget-container\">\n\t\t\t\t\t\t\t\t\t\t\t\t\t\t\t\t<a href=\"https:\/\/qkll.gov.al\/wp-content\/uploads\/2020\/12\/129637721_209771437288332_2300229470250389484_o.jpg\" data-elementor-open-lightbox=\"yes\" data-elementor-lightbox-title=\"129637721_209771437288332_2300229470250389484_o\" data-e-action-hash=\"#elementor-action%3Aaction%3Dlightbox%26settings%3DeyJpZCI6NzIwNCwidXJsIjoiaHR0cHM6XC9cL3FrbGwuZ292LmFsXC93cC1jb250ZW50XC91cGxvYWRzXC8yMDIwXC8xMlwvMTI5NjM3NzIxXzIwOTc3MTQzNzI4ODMzMl8yMzAwMjI5NDcwMjUwMzg5NDg0X28uanBnIn0%3D\">\n\t\t\t\t\t\t\t<img decoding=\"async\" width=\"150\" height=\"150\" src=\"https:\/\/qkll.gov.al\/wp-content\/uploads\/2020\/12\/129637721_209771437288332_2300229470250389484_o-150x150.jpg\" class=\"attachment-thumbnail size-thumbnail wp-image-7204\" alt=\"\" \/>\t\t\t\t\t\t\t\t<\/a>\n\t\t\t\t\t\t\t\t\t\t\t\t\t\t\t<\/div>\n\t\t\t\t<\/div>\n\t\t\t\t\t<\/div>\n\t\t<\/div>\n\t\t\t\t<div class=\"elementor-column elementor-col-25 elementor-top-column elementor-element elementor-element-d6182f5\" data-id=\"d6182f5\" data-element_type=\"column\">\n\t\t\t<div class=\"elementor-widget-wrap elementor-element-populated\">\n\t\t\t\t\t\t<div class=\"elementor-element elementor-element-04bbcd2 elementor-widget elementor-widget-image\" data-id=\"04bbcd2\" data-element_type=\"widget\" data-widget_type=\"image.default\">\n\t\t\t\t<div class=\"elementor-widget-container\">\n\t\t\t\t\t\t\t\t\t\t\t\t\t\t\t\t<a href=\"https:\/\/qkll.gov.al\/wp-content\/uploads\/2020\/12\/128999623_209771373955005_5112599686460675692_o.jpg\" data-elementor-open-lightbox=\"yes\" data-elementor-lightbox-title=\"128999623_209771373955005_5112599686460675692_o\" data-e-action-hash=\"#elementor-action%3Aaction%3Dlightbox%26settings%3DeyJpZCI6NzIwMiwidXJsIjoiaHR0cHM6XC9cL3FrbGwuZ292LmFsXC93cC1jb250ZW50XC91cGxvYWRzXC8yMDIwXC8xMlwvMTI4OTk5NjIzXzIwOTc3MTM3Mzk1NTAwNV81MTEyNTk5Njg2NDYwNjc1NjkyX28uanBnIn0%3D\">\n\t\t\t\t\t\t\t<img loading=\"lazy\" decoding=\"async\" width=\"150\" height=\"150\" src=\"https:\/\/qkll.gov.al\/wp-content\/uploads\/2020\/12\/128999623_209771373955005_5112599686460675692_o-150x150.jpg\" class=\"attachment-thumbnail size-thumbnail wp-image-7202\" alt=\"\" \/>\t\t\t\t\t\t\t\t<\/a>\n\t\t\t\t\t\t\t\t\t\t\t\t\t\t\t<\/div>\n\t\t\t\t<\/div>\n\t\t\t\t\t<\/div>\n\t\t<\/div>\n\t\t\t\t\t<\/div>\n\t\t<\/section>\n\t\t\t\t<\/div>\n\t\t","protected":false},"excerpt":{"rendered":"<p>Qendra Komb\u00ebtare e Librit dhe Leximit dhe Muzeu Historik Komb\u00ebtar n\u00ebnshkruan sot nj\u00eb Memorandum Mir\u00ebkuptimi midis dy Institucioneve t\u00eb tyre. Ky Memorandum Mir\u00ebkuptimi rregullon marr\u00ebdh\u00ebniet midis pal\u00ebve me q\u00ebllim zbatimin e projekteve t\u00eb p\u00ebrbashk\u00ebta. Projektet n\u00eb fjal\u00eb kan\u00eb si q\u00ebllim p\u00ebrkujtimin e ngjarjeve m\u00eb t\u00eb r\u00ebnd\u00ebsishme historike t\u00eb popullit shqiptar, nxitjen e kultur\u00ebs s\u00eb leximit &hellip;<\/p>\n","protected":false},"author":1,"featured_media":7203,"comment_status":"closed","ping_status":"closed","sticky":false,"template":"","format":"standard","meta":{"footnotes":""},"categories":[31,46,39],"tags":[],"class_list":["post-7201","post","type-post","status-publish","format-standard","has-post-thumbnail","hentry","category-aktivitete","category-konsultime-publike-dhe-memorandume","category-te-rejat"],"_links":{"self":[{"href":"https:\/\/qkll.gov.al\/index.php?rest_route=\/wp\/v2\/posts\/7201","targetHints":{"allow":["GET"]}}],"collection":[{"href":"https:\/\/qkll.gov.al\/index.php?rest_route=\/wp\/v2\/posts"}],"about":[{"href":"https:\/\/qkll.gov.al\/index.php?rest_route=\/wp\/v2\/types\/post"}],"author":[{"embeddable":true,"href":"https:\/\/qkll.gov.al\/index.php?rest_route=\/wp\/v2\/users\/1"}],"replies":[{"embeddable":true,"href":"https:\/\/qkll.gov.al\/index.php?rest_route=%2Fwp%2Fv2%2Fcomments&post=7201"}],"version-history":[{"count":3,"href":"https:\/\/qkll.gov.al\/index.php?rest_route=\/wp\/v2\/posts\/7201\/revisions"}],"predecessor-version":[{"id":7208,"href":"https:\/\/qkll.gov.al\/index.php?rest_route=\/wp\/v2\/posts\/7201\/revisions\/7208"}],"wp:featuredmedia":[{"embeddable":true,"href":"https:\/\/qkll.gov.al\/index.php?rest_route=\/wp\/v2\/media\/7203"}],"wp:attachment":[{"href":"https:\/\/qkll.gov.al\/index.php?rest_route=%2Fwp%2Fv2%2Fmedia&parent=7201"}],"wp:term":[{"taxonomy":"category","embeddable":true,"href":"https:\/\/qkll.gov.al\/index.php?rest_route=%2Fwp%2Fv2%2Fcategories&post=7201"},{"taxonomy":"post_tag","embeddable":true,"href":"https:\/\/qkll.gov.al\/index.php?rest_route=%2Fwp%2Fv2%2Ftags&post=7201"}],"curies":[{"name":"wp","href":"https:\/\/api.w.org\/{rel}","templated":true}]}}