{"id":6950,"date":"2020-09-15T14:27:56","date_gmt":"2020-09-15T12:27:56","guid":{"rendered":"https:\/\/qkll.gov.al\/?p=6950"},"modified":"2021-04-12T11:48:39","modified_gmt":"2021-04-12T09:48:39","slug":"shpallen-fituesit-e-projektit-fondi-i-krijimtarise-letrare-per-te-rinj","status":"publish","type":"post","link":"https:\/\/qkll.gov.al\/?p=6950","title":{"rendered":"Shpallen fituesit e projektit \u201cFondi i krijimtaris\u00eb letrare p\u00ebr t\u00eb rinj\u201d"},"content":{"rendered":"\t\t<div data-elementor-type=\"wp-post\" data-elementor-id=\"6950\" class=\"elementor elementor-6950\" data-elementor-post-type=\"post\">\n\t\t\t\t\t\t<section class=\"elementor-section elementor-top-section elementor-element elementor-element-d115250 elementor-section-boxed elementor-section-height-default elementor-section-height-default\" data-id=\"d115250\" data-element_type=\"section\">\n\t\t\t\t\t\t<div class=\"elementor-container elementor-column-gap-default\">\n\t\t\t\t\t<div class=\"elementor-column elementor-col-100 elementor-top-column elementor-element elementor-element-c64f1ab\" data-id=\"c64f1ab\" data-element_type=\"column\">\n\t\t\t<div class=\"elementor-widget-wrap elementor-element-populated\">\n\t\t\t\t\t\t<div class=\"elementor-element elementor-element-2dc7cc7 elementor-widget elementor-widget-text-editor\" data-id=\"2dc7cc7\" data-element_type=\"widget\" data-widget_type=\"text-editor.default\">\n\t\t\t\t<div class=\"elementor-widget-container\">\n\t\t\t\t\t\t\t\t\t<p class=\"Body\" style=\"text-align: justify;\"><span style=\"font-size: 14.0pt; font-family: 'Courier New';\">Qendra Komb\u00ebtare e Librit dhe Leximit shpalli fituesit e projektit \u201cFondi i krijimtaris\u00eb letrare p\u00ebr t\u00eb rinj\u201d, n\u00eb nj\u00eb ceremoni ku ishte e pranishme edhe ministrja e Kultur\u00ebs, Elva Margariti.<\/span><\/p><p class=\"Body\" style=\"text-align: justify;\"><span style=\"font-size: 14.0pt; font-family: 'Courier New';\">10 autor\u00eb t\u00eb rinj aplikuan p\u00ebr mb\u00ebshtetje nga ky fond. Juria, e kryesuar nga prof. asoc. Adelina \u00c7erpja, n\u00eb p\u00ebrb\u00ebrje t\u00eb s\u00eb cil\u00ebs ishin zv.dekania e Fakultetit t\u00eb Filologjis\u00eb, Elsa Sk\u00ebnderi-Rakipllari dhe gazetarja e studiuesja Monika Stafa, shpalli fitues tre autor\u00eb si m\u00eb posht\u00eb:<\/span><\/p><p class=\"Body\" style=\"text-align: justify;\"><span style=\"font-size: 14.0pt; font-family: 'Courier New';\">Suad Arilla me romanin \u201cLibri i kujtimeve dhe harres\u00ebs\u201d;<\/span><\/p><p class=\"Body\" style=\"text-align: justify;\"><span style=\"font-size: 14.0pt; font-family: 'Courier New';\">Tobias Xhaxhiu me romanin \u201cMemento Mori\u201d;<\/span><\/p><p class=\"Body\" style=\"text-align: justify;\"><span style=\"font-size: 14.0pt; font-family: 'Courier New';\">Besart Kadia me romanin \u201cLoja e vjet\u00ebr\u201d.<\/span><\/p><p class=\"Body\" style=\"text-align: justify;\"><span style=\"font-size: 14.0pt; font-family: 'Courier New';\">\u00c7mimet iu dor\u00ebzuan fituesve nga shkrimtarja Flutura A\u00e7ka dhe Virion Gra\u00e7i.<\/span><\/p>\t\t\t\t\t\t\t\t<\/div>\n\t\t\t\t<\/div>\n\t\t\t\t\t<\/div>\n\t\t<\/div>\n\t\t\t\t\t<\/div>\n\t\t<\/section>\n\t\t\t\t<section class=\"elementor-section elementor-top-section elementor-element elementor-element-835b24d elementor-section-boxed elementor-section-height-default elementor-section-height-default\" data-id=\"835b24d\" data-element_type=\"section\">\n\t\t\t\t\t\t<div class=\"elementor-container elementor-column-gap-default\">\n\t\t\t\t\t<div class=\"elementor-column elementor-col-100 elementor-top-column elementor-element elementor-element-8549d65\" data-id=\"8549d65\" data-element_type=\"column\">\n\t\t\t<div class=\"elementor-widget-wrap elementor-element-populated\">\n\t\t\t\t\t\t<div class=\"elementor-element elementor-element-543c8ea elementor-widget elementor-widget-image-gallery\" data-id=\"543c8ea\" data-element_type=\"widget\" data-widget_type=\"image-gallery.default\">\n\t\t\t\t<div class=\"elementor-widget-container\">\n\t\t\t\t\t\t\t<div class=\"elementor-image-gallery\">\n\t\t\t\n\t\t<style type=\"text\/css\">\n\t\t\t#gallery-1 {\n\t\t\t\tmargin: auto;\n\t\t\t}\n\t\t\t#gallery-1 .gallery-item {\n\t\t\t\tfloat: left;\n\t\t\t\tmargin-top: 10px;\n\t\t\t\ttext-align: center;\n\t\t\t\twidth: 25%;\n\t\t\t}\n\t\t\t#gallery-1 img {\n\t\t\t\tborder: 2px solid #cfcfcf;\n\t\t\t}\n\t\t\t#gallery-1 .gallery-caption {\n\t\t\t\tmargin-left: 0;\n\t\t\t}\n\t\t\t\/* see gallery_shortcode() in wp-includes\/media.php *\/\n\t\t<\/style>\n\t\t<div id='gallery-1' class='gallery galleryid-6950 gallery-columns-4 gallery-size-thumbnail'><dl class='gallery-item'>\n\t\t\t<dt class='gallery-icon landscape'>\n\t\t\t\t<a data-elementor-open-lightbox=\"yes\" data-elementor-lightbox-slideshow=\"543c8ea\" data-elementor-lightbox-title=\"r2\" data-e-action-hash=\"#elementor-action%3Aaction%3Dlightbox%26settings%3DeyJpZCI6Njk1MiwidXJsIjoiaHR0cHM6XC9cL3FrbGwuZ292LmFsXC93cC1jb250ZW50XC91cGxvYWRzXC8yMDIwXC8wOVwvcjIuanBnIiwic2xpZGVzaG93IjoiNTQzYzhlYSJ9\" href='https:\/\/qkll.gov.al\/wp-content\/uploads\/2020\/09\/r2.jpg'><img decoding=\"async\" width=\"150\" height=\"150\" src=\"https:\/\/qkll.gov.al\/wp-content\/uploads\/2020\/09\/r2-150x150.jpg\" class=\"attachment-thumbnail size-thumbnail\" alt=\"\" \/><\/a>\n\t\t\t<\/dt><\/dl><dl class='gallery-item'>\n\t\t\t<dt class='gallery-icon landscape'>\n\t\t\t\t<a data-elementor-open-lightbox=\"yes\" data-elementor-lightbox-slideshow=\"543c8ea\" data-elementor-lightbox-title=\"r4\" data-e-action-hash=\"#elementor-action%3Aaction%3Dlightbox%26settings%3DeyJpZCI6Njk1MywidXJsIjoiaHR0cHM6XC9cL3FrbGwuZ292LmFsXC93cC1jb250ZW50XC91cGxvYWRzXC8yMDIwXC8wOVwvcjQuanBnIiwic2xpZGVzaG93IjoiNTQzYzhlYSJ9\" href='https:\/\/qkll.gov.al\/wp-content\/uploads\/2020\/09\/r4.jpg'><img decoding=\"async\" width=\"150\" height=\"150\" src=\"https:\/\/qkll.gov.al\/wp-content\/uploads\/2020\/09\/r4-150x150.jpg\" class=\"attachment-thumbnail size-thumbnail\" alt=\"\" \/><\/a>\n\t\t\t<\/dt><\/dl><dl class='gallery-item'>\n\t\t\t<dt class='gallery-icon landscape'>\n\t\t\t\t<a data-elementor-open-lightbox=\"yes\" data-elementor-lightbox-slideshow=\"543c8ea\" data-elementor-lightbox-title=\"r5\" data-e-action-hash=\"#elementor-action%3Aaction%3Dlightbox%26settings%3DeyJpZCI6Njk1NCwidXJsIjoiaHR0cHM6XC9cL3FrbGwuZ292LmFsXC93cC1jb250ZW50XC91cGxvYWRzXC8yMDIwXC8wOVwvcjUuanBnIiwic2xpZGVzaG93IjoiNTQzYzhlYSJ9\" href='https:\/\/qkll.gov.al\/wp-content\/uploads\/2020\/09\/r5.jpg'><img decoding=\"async\" width=\"150\" height=\"150\" src=\"https:\/\/qkll.gov.al\/wp-content\/uploads\/2020\/09\/r5-150x150.jpg\" class=\"attachment-thumbnail size-thumbnail\" alt=\"\" \/><\/a>\n\t\t\t<\/dt><\/dl><dl class='gallery-item'>\n\t\t\t<dt class='gallery-icon landscape'>\n\t\t\t\t<a data-elementor-open-lightbox=\"yes\" data-elementor-lightbox-slideshow=\"543c8ea\" data-elementor-lightbox-title=\"r6\" data-e-action-hash=\"#elementor-action%3Aaction%3Dlightbox%26settings%3DeyJpZCI6Njk1NSwidXJsIjoiaHR0cHM6XC9cL3FrbGwuZ292LmFsXC93cC1jb250ZW50XC91cGxvYWRzXC8yMDIwXC8wOVwvcjYuanBnIiwic2xpZGVzaG93IjoiNTQzYzhlYSJ9\" href='https:\/\/qkll.gov.al\/wp-content\/uploads\/2020\/09\/r6.jpg'><img loading=\"lazy\" decoding=\"async\" width=\"150\" height=\"150\" src=\"https:\/\/qkll.gov.al\/wp-content\/uploads\/2020\/09\/r6-150x150.jpg\" class=\"attachment-thumbnail size-thumbnail\" alt=\"\" \/><\/a>\n\t\t\t<\/dt><\/dl><br style=\"clear: both\" \/><dl class='gallery-item'>\n\t\t\t<dt class='gallery-icon landscape'>\n\t\t\t\t<a data-elementor-open-lightbox=\"yes\" data-elementor-lightbox-slideshow=\"543c8ea\" data-elementor-lightbox-title=\"r7\" data-e-action-hash=\"#elementor-action%3Aaction%3Dlightbox%26settings%3DeyJpZCI6Njk1NiwidXJsIjoiaHR0cHM6XC9cL3FrbGwuZ292LmFsXC93cC1jb250ZW50XC91cGxvYWRzXC8yMDIwXC8wOVwvcjcuanBnIiwic2xpZGVzaG93IjoiNTQzYzhlYSJ9\" href='https:\/\/qkll.gov.al\/wp-content\/uploads\/2020\/09\/r7.jpg'><img loading=\"lazy\" decoding=\"async\" width=\"150\" height=\"150\" src=\"https:\/\/qkll.gov.al\/wp-content\/uploads\/2020\/09\/r7-150x150.jpg\" class=\"attachment-thumbnail size-thumbnail\" alt=\"\" \/><\/a>\n\t\t\t<\/dt><\/dl><dl class='gallery-item'>\n\t\t\t<dt class='gallery-icon landscape'>\n\t\t\t\t<a data-elementor-open-lightbox=\"yes\" data-elementor-lightbox-slideshow=\"543c8ea\" data-elementor-lightbox-title=\"r8\" data-e-action-hash=\"#elementor-action%3Aaction%3Dlightbox%26settings%3DeyJpZCI6Njk1NywidXJsIjoiaHR0cHM6XC9cL3FrbGwuZ292LmFsXC93cC1jb250ZW50XC91cGxvYWRzXC8yMDIwXC8wOVwvcjguanBnIiwic2xpZGVzaG93IjoiNTQzYzhlYSJ9\" href='https:\/\/qkll.gov.al\/wp-content\/uploads\/2020\/09\/r8.jpg'><img loading=\"lazy\" decoding=\"async\" width=\"150\" height=\"150\" src=\"https:\/\/qkll.gov.al\/wp-content\/uploads\/2020\/09\/r8-150x150.jpg\" class=\"attachment-thumbnail size-thumbnail\" alt=\"\" \/><\/a>\n\t\t\t<\/dt><\/dl><dl class='gallery-item'>\n\t\t\t<dt class='gallery-icon landscape'>\n\t\t\t\t<a data-elementor-open-lightbox=\"yes\" data-elementor-lightbox-slideshow=\"543c8ea\" data-elementor-lightbox-title=\"r11\" data-e-action-hash=\"#elementor-action%3Aaction%3Dlightbox%26settings%3DeyJpZCI6Njk1OSwidXJsIjoiaHR0cHM6XC9cL3FrbGwuZ292LmFsXC93cC1jb250ZW50XC91cGxvYWRzXC8yMDIwXC8wOVwvcjExLmpwZyIsInNsaWRlc2hvdyI6IjU0M2M4ZWEifQ%3D%3D\" href='https:\/\/qkll.gov.al\/wp-content\/uploads\/2020\/09\/r11.jpg'><img loading=\"lazy\" decoding=\"async\" width=\"150\" height=\"150\" src=\"https:\/\/qkll.gov.al\/wp-content\/uploads\/2020\/09\/r11-150x150.jpg\" class=\"attachment-thumbnail size-thumbnail\" alt=\"\" \/><\/a>\n\t\t\t<\/dt><\/dl>\n\t\t\t<br style='clear: both' \/>\n\t\t<\/div>\n\t\t<\/div>\n\t\t\t\t\t\t<\/div>\n\t\t\t\t<\/div>\n\t\t\t\t\t<\/div>\n\t\t<\/div>\n\t\t\t\t\t<\/div>\n\t\t<\/section>\n\t\t\t\t<\/div>\n\t\t","protected":false},"excerpt":{"rendered":"<p>Qendra Komb\u00ebtare e Librit dhe Leximit shpalli fituesit e projektit \u201cFondi i krijimtaris\u00eb letrare p\u00ebr t\u00eb rinj\u201d, n\u00eb nj\u00eb ceremoni ku ishte e pranishme edhe ministrja e Kultur\u00ebs, Elva Margariti. 10 autor\u00eb t\u00eb rinj aplikuan p\u00ebr mb\u00ebshtetje nga ky fond. Juria, e kryesuar nga prof. asoc. Adelina \u00c7erpja, n\u00eb p\u00ebrb\u00ebrje t\u00eb s\u00eb cil\u00ebs ishin zv.dekania &hellip;<\/p>\n","protected":false},"author":5,"featured_media":6951,"comment_status":"closed","ping_status":"closed","sticky":false,"template":"","format":"standard","meta":{"footnotes":""},"categories":[31,58,39],"tags":[],"class_list":["post-6950","post","type-post","status-publish","format-standard","has-post-thumbnail","hentry","category-aktivitete","category-fondi-i-krijimtarise-letrare-per-te-rinj-2020","category-te-rejat"],"_links":{"self":[{"href":"https:\/\/qkll.gov.al\/index.php?rest_route=\/wp\/v2\/posts\/6950","targetHints":{"allow":["GET"]}}],"collection":[{"href":"https:\/\/qkll.gov.al\/index.php?rest_route=\/wp\/v2\/posts"}],"about":[{"href":"https:\/\/qkll.gov.al\/index.php?rest_route=\/wp\/v2\/types\/post"}],"author":[{"embeddable":true,"href":"https:\/\/qkll.gov.al\/index.php?rest_route=\/wp\/v2\/users\/5"}],"replies":[{"embeddable":true,"href":"https:\/\/qkll.gov.al\/index.php?rest_route=%2Fwp%2Fv2%2Fcomments&post=6950"}],"version-history":[{"count":4,"href":"https:\/\/qkll.gov.al\/index.php?rest_route=\/wp\/v2\/posts\/6950\/revisions"}],"predecessor-version":[{"id":6963,"href":"https:\/\/qkll.gov.al\/index.php?rest_route=\/wp\/v2\/posts\/6950\/revisions\/6963"}],"wp:featuredmedia":[{"embeddable":true,"href":"https:\/\/qkll.gov.al\/index.php?rest_route=\/wp\/v2\/media\/6951"}],"wp:attachment":[{"href":"https:\/\/qkll.gov.al\/index.php?rest_route=%2Fwp%2Fv2%2Fmedia&parent=6950"}],"wp:term":[{"taxonomy":"category","embeddable":true,"href":"https:\/\/qkll.gov.al\/index.php?rest_route=%2Fwp%2Fv2%2Fcategories&post=6950"},{"taxonomy":"post_tag","embeddable":true,"href":"https:\/\/qkll.gov.al\/index.php?rest_route=%2Fwp%2Fv2%2Ftags&post=6950"}],"curies":[{"name":"wp","href":"https:\/\/api.w.org\/{rel}","templated":true}]}}