{"id":6938,"date":"2020-09-14T11:30:46","date_gmt":"2020-09-14T09:30:46","guid":{"rendered":"https:\/\/qkll.gov.al\/?p=6938"},"modified":"2020-09-17T18:43:48","modified_gmt":"2020-09-17T16:43:48","slug":"qkll-kremton-113-vjetorin-e-lindjes-se-mitrush-kutelit","status":"publish","type":"post","link":"https:\/\/qkll.gov.al\/?p=6938","title":{"rendered":"QKLL kremton 113-vjetorin e lindjes s\u00eb Mitrush Kutelit"},"content":{"rendered":"\t\t<div data-elementor-type=\"wp-post\" data-elementor-id=\"6938\" class=\"elementor elementor-6938\" data-elementor-post-type=\"post\">\n\t\t\t\t\t\t<section class=\"elementor-section elementor-top-section elementor-element elementor-element-5215665 elementor-section-boxed elementor-section-height-default elementor-section-height-default\" data-id=\"5215665\" data-element_type=\"section\">\n\t\t\t\t\t\t<div class=\"elementor-container elementor-column-gap-default\">\n\t\t\t\t\t<div class=\"elementor-column elementor-col-100 elementor-top-column elementor-element elementor-element-3278971\" data-id=\"3278971\" data-element_type=\"column\">\n\t\t\t<div class=\"elementor-widget-wrap elementor-element-populated\">\n\t\t\t\t\t\t<div class=\"elementor-element elementor-element-623ede0 elementor-widget elementor-widget-text-editor\" data-id=\"623ede0\" data-element_type=\"widget\" data-widget_type=\"text-editor.default\">\n\t\t\t\t<div class=\"elementor-widget-container\">\n\t\t\t\t\t\t\t\t\t<p>Me rastin e 113\u2013vjetorit t\u00eb lindjes s\u00eb Mitrush Kutelit, nj\u00eb prej z\u00ebrave m\u00eb t\u00eb r\u00ebnd\u00ebsish\u00ebm t\u00eb proz\u00ebs shqipe, Qendra Komb\u00ebtare e Librit dhe Leximit organizoi nj\u00eb mbr\u00ebmje kushtuar vepr\u00ebs s\u00eb tij, n\u00eb bashk\u00ebpunim me Muzeun Historik Komb\u00ebtar.<\/p><p>T\u00eb pranish\u00ebm ishin studiues, profesor\u00eb, njoh\u00ebs t\u00eb mir\u00eb t\u00eb vepr\u00ebs s\u00eb tij, t\u00eb cil\u00ebt u ndal\u00ebn m\u00eb shum\u00eb n\u00eb r\u00ebnd\u00ebsin\u00eb e vepr\u00ebs kuteliane n\u00eb sfer\u00ebn kulturore shqiptare, por dhe kujtime mbi ndjesin\u00eb q\u00eb l\u00ebn\u00eb leximet e veprave t\u00eb tij. T\u00eb pranish\u00ebm n\u00eb aktivitet ishin dhe vajzat e shkrimtarit.<\/p><p>Gjat\u00eb aktivitetit u prezantua dhe libri m\u00eb i ri i shkrimtarit \u201cVargje t\u00eb p\u00ebrziera\u201d, nj\u00eb lib\u00ebr q\u00eb vet\u00eb Kuteli kishte nisur ta p\u00ebrgatiste vite m\u00eb par\u00eb, por p\u00ebr rrethana t\u00eb koh\u00ebs mbeti i pabotuar.<\/p>\t\t\t\t\t\t\t\t<\/div>\n\t\t\t\t<\/div>\n\t\t\t\t\t<\/div>\n\t\t<\/div>\n\t\t\t\t\t<\/div>\n\t\t<\/section>\n\t\t\t\t<section class=\"elementor-section elementor-top-section elementor-element elementor-element-5851741 elementor-section-boxed elementor-section-height-default elementor-section-height-default\" data-id=\"5851741\" data-element_type=\"section\">\n\t\t\t\t\t\t<div class=\"elementor-container elementor-column-gap-default\">\n\t\t\t\t\t<div class=\"elementor-column elementor-col-100 elementor-top-column elementor-element elementor-element-6bd71ea\" data-id=\"6bd71ea\" data-element_type=\"column\">\n\t\t\t<div class=\"elementor-widget-wrap elementor-element-populated\">\n\t\t\t\t\t\t<div class=\"elementor-element elementor-element-695876b elementor-widget elementor-widget-image-gallery\" data-id=\"695876b\" data-element_type=\"widget\" data-widget_type=\"image-gallery.default\">\n\t\t\t\t<div class=\"elementor-widget-container\">\n\t\t\t\t\t\t\t<div class=\"elementor-image-gallery\">\n\t\t\t\n\t\t<style type=\"text\/css\">\n\t\t\t#gallery-1 {\n\t\t\t\tmargin: auto;\n\t\t\t}\n\t\t\t#gallery-1 .gallery-item {\n\t\t\t\tfloat: left;\n\t\t\t\tmargin-top: 10px;\n\t\t\t\ttext-align: center;\n\t\t\t\twidth: 25%;\n\t\t\t}\n\t\t\t#gallery-1 img {\n\t\t\t\tborder: 2px solid #cfcfcf;\n\t\t\t}\n\t\t\t#gallery-1 .gallery-caption {\n\t\t\t\tmargin-left: 0;\n\t\t\t}\n\t\t\t\/* see gallery_shortcode() in wp-includes\/media.php *\/\n\t\t<\/style>\n\t\t<div id='gallery-1' class='gallery galleryid-6938 gallery-columns-4 gallery-size-thumbnail'><dl class='gallery-item'>\n\t\t\t<dt class='gallery-icon landscape'>\n\t\t\t\t<a data-elementor-open-lightbox=\"yes\" data-elementor-lightbox-slideshow=\"695876b\" data-elementor-lightbox-title=\"m1\" data-e-action-hash=\"#elementor-action%3Aaction%3Dlightbox%26settings%3DeyJpZCI6Njk0MCwidXJsIjoiaHR0cHM6XC9cL3FrbGwuZ292LmFsXC93cC1jb250ZW50XC91cGxvYWRzXC8yMDIwXC8wOVwvbTEuanBnIiwic2xpZGVzaG93IjoiNjk1ODc2YiJ9\" href='https:\/\/qkll.gov.al\/wp-content\/uploads\/2020\/09\/m1.jpg'><img decoding=\"async\" width=\"150\" height=\"150\" src=\"https:\/\/qkll.gov.al\/wp-content\/uploads\/2020\/09\/m1-150x150.jpg\" class=\"attachment-thumbnail size-thumbnail\" alt=\"\" \/><\/a>\n\t\t\t<\/dt><\/dl><dl class='gallery-item'>\n\t\t\t<dt class='gallery-icon landscape'>\n\t\t\t\t<a data-elementor-open-lightbox=\"yes\" data-elementor-lightbox-slideshow=\"695876b\" data-elementor-lightbox-title=\"m2\" data-e-action-hash=\"#elementor-action%3Aaction%3Dlightbox%26settings%3DeyJpZCI6Njk0MSwidXJsIjoiaHR0cHM6XC9cL3FrbGwuZ292LmFsXC93cC1jb250ZW50XC91cGxvYWRzXC8yMDIwXC8wOVwvbTIuanBnIiwic2xpZGVzaG93IjoiNjk1ODc2YiJ9\" href='https:\/\/qkll.gov.al\/wp-content\/uploads\/2020\/09\/m2.jpg'><img decoding=\"async\" width=\"150\" height=\"150\" src=\"https:\/\/qkll.gov.al\/wp-content\/uploads\/2020\/09\/m2-150x150.jpg\" class=\"attachment-thumbnail size-thumbnail\" alt=\"\" \/><\/a>\n\t\t\t<\/dt><\/dl><dl class='gallery-item'>\n\t\t\t<dt class='gallery-icon landscape'>\n\t\t\t\t<a data-elementor-open-lightbox=\"yes\" data-elementor-lightbox-slideshow=\"695876b\" data-elementor-lightbox-title=\"m3\" data-e-action-hash=\"#elementor-action%3Aaction%3Dlightbox%26settings%3DeyJpZCI6Njk0MiwidXJsIjoiaHR0cHM6XC9cL3FrbGwuZ292LmFsXC93cC1jb250ZW50XC91cGxvYWRzXC8yMDIwXC8wOVwvbTMuanBnIiwic2xpZGVzaG93IjoiNjk1ODc2YiJ9\" href='https:\/\/qkll.gov.al\/wp-content\/uploads\/2020\/09\/m3.jpg'><img decoding=\"async\" width=\"150\" height=\"150\" src=\"https:\/\/qkll.gov.al\/wp-content\/uploads\/2020\/09\/m3-150x150.jpg\" class=\"attachment-thumbnail size-thumbnail\" alt=\"\" \/><\/a>\n\t\t\t<\/dt><\/dl><dl class='gallery-item'>\n\t\t\t<dt class='gallery-icon landscape'>\n\t\t\t\t<a data-elementor-open-lightbox=\"yes\" data-elementor-lightbox-slideshow=\"695876b\" data-elementor-lightbox-title=\"m4\" data-e-action-hash=\"#elementor-action%3Aaction%3Dlightbox%26settings%3DeyJpZCI6Njk0MywidXJsIjoiaHR0cHM6XC9cL3FrbGwuZ292LmFsXC93cC1jb250ZW50XC91cGxvYWRzXC8yMDIwXC8wOVwvbTQuanBnIiwic2xpZGVzaG93IjoiNjk1ODc2YiJ9\" href='https:\/\/qkll.gov.al\/wp-content\/uploads\/2020\/09\/m4.jpg'><img loading=\"lazy\" decoding=\"async\" width=\"150\" height=\"150\" src=\"https:\/\/qkll.gov.al\/wp-content\/uploads\/2020\/09\/m4-150x150.jpg\" class=\"attachment-thumbnail size-thumbnail\" alt=\"\" \/><\/a>\n\t\t\t<\/dt><\/dl><br style=\"clear: both\" \/><dl class='gallery-item'>\n\t\t\t<dt class='gallery-icon landscape'>\n\t\t\t\t<a data-elementor-open-lightbox=\"yes\" data-elementor-lightbox-slideshow=\"695876b\" data-elementor-lightbox-title=\"m5\" data-e-action-hash=\"#elementor-action%3Aaction%3Dlightbox%26settings%3DeyJpZCI6Njk0NCwidXJsIjoiaHR0cHM6XC9cL3FrbGwuZ292LmFsXC93cC1jb250ZW50XC91cGxvYWRzXC8yMDIwXC8wOVwvbTUuanBnIiwic2xpZGVzaG93IjoiNjk1ODc2YiJ9\" href='https:\/\/qkll.gov.al\/wp-content\/uploads\/2020\/09\/m5.jpg'><img loading=\"lazy\" decoding=\"async\" width=\"150\" height=\"150\" src=\"https:\/\/qkll.gov.al\/wp-content\/uploads\/2020\/09\/m5-150x150.jpg\" class=\"attachment-thumbnail size-thumbnail\" alt=\"\" \/><\/a>\n\t\t\t<\/dt><\/dl><dl class='gallery-item'>\n\t\t\t<dt class='gallery-icon landscape'>\n\t\t\t\t<a data-elementor-open-lightbox=\"yes\" data-elementor-lightbox-slideshow=\"695876b\" data-elementor-lightbox-title=\"m6\" data-e-action-hash=\"#elementor-action%3Aaction%3Dlightbox%26settings%3DeyJpZCI6Njk0NSwidXJsIjoiaHR0cHM6XC9cL3FrbGwuZ292LmFsXC93cC1jb250ZW50XC91cGxvYWRzXC8yMDIwXC8wOVwvbTYuanBnIiwic2xpZGVzaG93IjoiNjk1ODc2YiJ9\" href='https:\/\/qkll.gov.al\/wp-content\/uploads\/2020\/09\/m6.jpg'><img loading=\"lazy\" decoding=\"async\" width=\"150\" height=\"150\" src=\"https:\/\/qkll.gov.al\/wp-content\/uploads\/2020\/09\/m6-150x150.jpg\" class=\"attachment-thumbnail size-thumbnail\" alt=\"\" \/><\/a>\n\t\t\t<\/dt><\/dl>\n\t\t\t<br style='clear: both' \/>\n\t\t<\/div>\n\t\t<\/div>\n\t\t\t\t\t\t<\/div>\n\t\t\t\t<\/div>\n\t\t\t\t\t<\/div>\n\t\t<\/div>\n\t\t\t\t\t<\/div>\n\t\t<\/section>\n\t\t\t\t<\/div>\n\t\t","protected":false},"excerpt":{"rendered":"<p>Me rastin e 113\u2013vjetorit t\u00eb lindjes s\u00eb Mitrush Kutelit, nj\u00eb prej z\u00ebrave m\u00eb t\u00eb r\u00ebnd\u00ebsish\u00ebm t\u00eb proz\u00ebs shqipe, Qendra Komb\u00ebtare e Librit dhe Leximit organizoi nj\u00eb mbr\u00ebmje kushtuar vepr\u00ebs s\u00eb tij, n\u00eb bashk\u00ebpunim me Muzeun Historik Komb\u00ebtar. T\u00eb pranish\u00ebm ishin studiues, profesor\u00eb, njoh\u00ebs t\u00eb mir\u00eb t\u00eb vepr\u00ebs s\u00eb tij, t\u00eb cil\u00ebt u ndal\u00ebn m\u00eb shum\u00eb &hellip;<\/p>\n","protected":false},"author":5,"featured_media":6939,"comment_status":"closed","ping_status":"closed","sticky":false,"template":"","format":"standard","meta":{"footnotes":""},"categories":[31,39],"tags":[],"class_list":["post-6938","post","type-post","status-publish","format-standard","has-post-thumbnail","hentry","category-aktivitete","category-te-rejat"],"_links":{"self":[{"href":"https:\/\/qkll.gov.al\/index.php?rest_route=\/wp\/v2\/posts\/6938","targetHints":{"allow":["GET"]}}],"collection":[{"href":"https:\/\/qkll.gov.al\/index.php?rest_route=\/wp\/v2\/posts"}],"about":[{"href":"https:\/\/qkll.gov.al\/index.php?rest_route=\/wp\/v2\/types\/post"}],"author":[{"embeddable":true,"href":"https:\/\/qkll.gov.al\/index.php?rest_route=\/wp\/v2\/users\/5"}],"replies":[{"embeddable":true,"href":"https:\/\/qkll.gov.al\/index.php?rest_route=%2Fwp%2Fv2%2Fcomments&post=6938"}],"version-history":[{"count":4,"href":"https:\/\/qkll.gov.al\/index.php?rest_route=\/wp\/v2\/posts\/6938\/revisions"}],"predecessor-version":[{"id":6949,"href":"https:\/\/qkll.gov.al\/index.php?rest_route=\/wp\/v2\/posts\/6938\/revisions\/6949"}],"wp:featuredmedia":[{"embeddable":true,"href":"https:\/\/qkll.gov.al\/index.php?rest_route=\/wp\/v2\/media\/6939"}],"wp:attachment":[{"href":"https:\/\/qkll.gov.al\/index.php?rest_route=%2Fwp%2Fv2%2Fmedia&parent=6938"}],"wp:term":[{"taxonomy":"category","embeddable":true,"href":"https:\/\/qkll.gov.al\/index.php?rest_route=%2Fwp%2Fv2%2Fcategories&post=6938"},{"taxonomy":"post_tag","embeddable":true,"href":"https:\/\/qkll.gov.al\/index.php?rest_route=%2Fwp%2Fv2%2Ftags&post=6938"}],"curies":[{"name":"wp","href":"https:\/\/api.w.org\/{rel}","templated":true}]}}