{"id":6780,"date":"2020-07-10T09:00:49","date_gmt":"2020-07-10T07:00:49","guid":{"rendered":"https:\/\/qkll.gov.al\/?p=6780"},"modified":"2021-04-12T11:52:02","modified_gmt":"2021-04-12T09:52:02","slug":"qkll-shpall-fondin-e-krijimtarise-letrare-per-te-rinj","status":"publish","type":"post","link":"https:\/\/qkll.gov.al\/?p=6780","title":{"rendered":"QKLL shpall fondin e krijimtaris\u00eb letrare p\u00ebr t\u00eb rinj"},"content":{"rendered":"\t\t<div data-elementor-type=\"wp-post\" data-elementor-id=\"6780\" class=\"elementor elementor-6780\" data-elementor-post-type=\"post\">\n\t\t\t\t\t\t<section class=\"elementor-section elementor-top-section elementor-element elementor-element-7015591 elementor-section-boxed elementor-section-height-default elementor-section-height-default\" data-id=\"7015591\" data-element_type=\"section\">\n\t\t\t\t\t\t<div class=\"elementor-container elementor-column-gap-default\">\n\t\t\t\t\t<div class=\"elementor-column elementor-col-100 elementor-top-column elementor-element elementor-element-25c1033\" data-id=\"25c1033\" data-element_type=\"column\">\n\t\t\t<div class=\"elementor-widget-wrap elementor-element-populated\">\n\t\t\t\t\t\t<div class=\"elementor-element elementor-element-e389dc2 elementor-widget elementor-widget-image\" data-id=\"e389dc2\" data-element_type=\"widget\" data-widget_type=\"image.default\">\n\t\t\t\t<div class=\"elementor-widget-container\">\n\t\t\t\t\t\t\t\t\t\t\t\t\t\t\t<img fetchpriority=\"high\" decoding=\"async\" width=\"750\" height=\"750\" src=\"https:\/\/qkll.gov.al\/wp-content\/uploads\/2020\/07\/thirrje-1024x1024.jpg\" class=\"attachment-large size-large wp-image-6785\" alt=\"\" srcset=\"https:\/\/qkll.gov.al\/wp-content\/uploads\/2020\/07\/thirrje-1024x1024.jpg 1024w, https:\/\/qkll.gov.al\/wp-content\/uploads\/2020\/07\/thirrje-300x300.jpg 300w, https:\/\/qkll.gov.al\/wp-content\/uploads\/2020\/07\/thirrje-150x150.jpg 150w, https:\/\/qkll.gov.al\/wp-content\/uploads\/2020\/07\/thirrje-768x768.jpg 768w, https:\/\/qkll.gov.al\/wp-content\/uploads\/2020\/07\/thirrje.jpg 1200w\" sizes=\"(max-width: 750px) 100vw, 750px\" \/>\t\t\t\t\t\t\t\t\t\t\t\t\t\t\t<\/div>\n\t\t\t\t<\/div>\n\t\t\t\t<div class=\"elementor-element elementor-element-b7010fc elementor-widget elementor-widget-text-editor\" data-id=\"b7010fc\" data-element_type=\"widget\" data-widget_type=\"text-editor.default\">\n\t\t\t\t<div class=\"elementor-widget-container\">\n\t\t\t\t\t\t\t\t\t<p>QKLL SHPALL FONDIN E KRIJIMTARIS\u00cb LETRARE P\u00cbR T\u00cb RINJ<\/p><p>Mb\u00ebshtetja e let\u00ebrsis\u00eb s\u00eb autor\u00ebve t\u00eb rinj do t\u00eb jet\u00eb n\u00eb fokus t\u00eb pun\u00ebs s\u00eb Qendr\u00ebs Komb\u00ebtare t\u00eb Librit dhe Leximit. N\u00eb zbatim t\u00eb k\u00ebsaj politike, QKLL-ja shpall t\u00eb hapur \u201cFondin e krijimtaris\u00eb letrare p\u00ebr t\u00eb rinj\u201d, p\u00ebr vitin 2020. Ky fond do t\u00eb nxis\u00eb dhe mb\u00ebshtes\u00eb financiarisht procesin krijues t\u00eb autor\u00ebve t\u00eb let\u00ebrsis\u00eb s\u00eb sotme shqipe.<br \/>QKLL-ja do t\u2019u jap\u00eb p\u00ebrpar\u00ebsi krijuesve t\u00eb rinj, duke marr\u00eb parasysh v\u00ebshtir\u00ebsit\u00eb q\u00eb ata hasin p\u00ebr t\u2019u evidentuar dhe promovuar n\u00eb fush\u00ebn e letrave. \u201cFondi i krijimtaris\u00eb letrare p\u00ebr t\u00eb rinj\u201d, do t\u00eb vijoj\u00eb t\u00eb shpallet edhe n\u00eb vitet e ardhshme nga Qendra Komb\u00ebtare e Librit dhe Leximit.<\/p><p>INFORMACION I P\u00cbRGJITHSH\u00cbM<\/p><ul><li>Thirrja \u00ebsht\u00eb e hapur p\u00ebr t\u00eb gjith\u00eb krijuesit e poezis\u00eb dhe proz\u00ebs nga mosha 18 deri n\u00eb 35 vje\u00e7.<\/li><li>Aplikimi kryhet nga botuesi, i pajisur me licenc\u00eb botimi, n\u00ebp\u00ebrmjet p\u00ebrfaq\u00ebsuesit ligjor.<\/li><li>Financimi p\u00ebr mb\u00ebshtetjen e procesit krijues t\u00eb vepr\u00ebs do t\u00eb mund\u00ebsohet nga QKLL-ja dhe i shkon drejtp\u00ebrdrejt autorit.<\/li><li>Aplikimi fillon m\u00eb dat\u00ebn 10 korrik dhe p\u00ebrfundon n\u00eb dat\u00ebn 28 gusht 2020, ora13:00.<\/li><\/ul><p>Ju lutemi, dor\u00ebzoni dokumentacionin p\u00ebrkat\u00ebs pran\u00eb Qendr\u00ebs Komb\u00ebtare t\u00eb Librit dhe Leximit, brenda dat\u00ebs 28 gusht 2020, ora 13:00, n\u00eb adres\u00ebn Rruga \u201cGjon Pali II\u201d, nr. 1010, Tiran\u00eb, Shqip\u00ebri, pran\u00eb hotel \u201cDomus\u201d, dhe n\u00eb post\u00ebn elektronike: info@qkll.gov.al<\/p><p>P\u00ebr informacione t\u00eb m\u00ebtejshme mund t\u00eb shkruani n\u00eb adres\u00ebn elektronike: info@qkll.gov.al<\/p><p><strong>Aplikoni:<\/strong><\/p><p><a href=\"\/wp-content\/uploads\/2020\/07\/deklarata-per-te-rinjte.doc\">Shkarko deklarat\u00ebn<\/a><\/p><p><a href=\"\/wp-content\/uploads\/2020\/08\/formulari-i-aplikimit-per-te-rinj.doc\">Shkarko formularin<\/a><\/p>\t\t\t\t\t\t\t\t<\/div>\n\t\t\t\t<\/div>\n\t\t\t\t\t<\/div>\n\t\t<\/div>\n\t\t\t\t\t<\/div>\n\t\t<\/section>\n\t\t\t\t<\/div>\n\t\t","protected":false},"excerpt":{"rendered":"<p>QKLL SHPALL FONDIN E KRIJIMTARIS\u00cb LETRARE P\u00cbR T\u00cb RINJ Mb\u00ebshtetja e let\u00ebrsis\u00eb s\u00eb autor\u00ebve t\u00eb rinj do t\u00eb jet\u00eb n\u00eb fokus t\u00eb pun\u00ebs s\u00eb Qendr\u00ebs Komb\u00ebtare t\u00eb Librit dhe Leximit. N\u00eb zbatim t\u00eb k\u00ebsaj politike, QKLL-ja shpall t\u00eb hapur \u201cFondin e krijimtaris\u00eb letrare p\u00ebr t\u00eb rinj\u201d, p\u00ebr vitin 2020. Ky fond do t\u00eb nxis\u00eb dhe &hellip;<\/p>\n","protected":false},"author":1,"featured_media":6785,"comment_status":"closed","ping_status":"closed","sticky":false,"template":"","format":"standard","meta":{"footnotes":""},"categories":[58,39,35],"tags":[],"class_list":["post-6780","post","type-post","status-publish","format-standard","has-post-thumbnail","hentry","category-fondi-i-krijimtarise-letrare-per-te-rinj-2020","category-te-rejat","category-thirrje"],"_links":{"self":[{"href":"https:\/\/qkll.gov.al\/index.php?rest_route=\/wp\/v2\/posts\/6780","targetHints":{"allow":["GET"]}}],"collection":[{"href":"https:\/\/qkll.gov.al\/index.php?rest_route=\/wp\/v2\/posts"}],"about":[{"href":"https:\/\/qkll.gov.al\/index.php?rest_route=\/wp\/v2\/types\/post"}],"author":[{"embeddable":true,"href":"https:\/\/qkll.gov.al\/index.php?rest_route=\/wp\/v2\/users\/1"}],"replies":[{"embeddable":true,"href":"https:\/\/qkll.gov.al\/index.php?rest_route=%2Fwp%2Fv2%2Fcomments&post=6780"}],"version-history":[{"count":9,"href":"https:\/\/qkll.gov.al\/index.php?rest_route=\/wp\/v2\/posts\/6780\/revisions"}],"predecessor-version":[{"id":6912,"href":"https:\/\/qkll.gov.al\/index.php?rest_route=\/wp\/v2\/posts\/6780\/revisions\/6912"}],"wp:featuredmedia":[{"embeddable":true,"href":"https:\/\/qkll.gov.al\/index.php?rest_route=\/wp\/v2\/media\/6785"}],"wp:attachment":[{"href":"https:\/\/qkll.gov.al\/index.php?rest_route=%2Fwp%2Fv2%2Fmedia&parent=6780"}],"wp:term":[{"taxonomy":"category","embeddable":true,"href":"https:\/\/qkll.gov.al\/index.php?rest_route=%2Fwp%2Fv2%2Fcategories&post=6780"},{"taxonomy":"post_tag","embeddable":true,"href":"https:\/\/qkll.gov.al\/index.php?rest_route=%2Fwp%2Fv2%2Ftags&post=6780"}],"curies":[{"name":"wp","href":"https:\/\/api.w.org\/{rel}","templated":true}]}}