{"id":6653,"date":"2020-06-09T12:30:46","date_gmt":"2020-06-09T10:30:46","guid":{"rendered":"https:\/\/qkll.gov.al\/?p=6653"},"modified":"2021-04-12T10:44:06","modified_gmt":"2021-04-12T08:44:06","slug":"hapet-thirrja-per-mbeshtetjen-e-krijimtarise-letrare-per-femije-per-vitin-2020","status":"publish","type":"post","link":"https:\/\/qkll.gov.al\/?p=6653","title":{"rendered":"Shpallet thirrja p\u00ebr \u201cMb\u00ebshtetjen e krijimtaris\u00eb letrare p\u00ebr f\u00ebmij\u00eb p\u00ebr vitin 2020&#8243;"},"content":{"rendered":"<p class=\"western\" lang=\"sq-AL\" align=\"justify\"><span style=\"color: #000000;\"><span style=\"font-family: Times New Roman, serif;\"><span style=\"font-size: medium;\">Kjo thirrje vjen n\u00eb zbatim t\u00eb politik\u00ebs s\u00eb Qendr\u00ebs Komb\u00ebtare t\u00eb Librit dhe Leximit n\u00eb mb\u00ebshtetje t\u00eb krijimtaris\u00eb s\u00eb autor\u00ebve shqiptar\u00eb p\u00ebr f\u00ebmij\u00eb, me q\u00ebllim nxitjen e shkrimit t\u00eb k\u00ebsaj let\u00ebrsie ku kemi nj\u00eb tradit\u00eb t\u00eb vyer.<\/span><\/span><\/span><\/p>\n<p class=\"western\" lang=\"sq-AL\" align=\"justify\"><span style=\"color: #000000;\"><span style=\"font-family: Times New Roman, serif;\"><span style=\"font-size: medium;\"><b>Informacion i p\u00ebrgjithsh\u00ebm<\/b><\/span><\/span><\/span><\/p>\n<p class=\"western\" lang=\"sq-AL\" align=\"justify\"><span style=\"color: #000000;\"><span style=\"font-family: Times New Roman, serif;\"><span style=\"font-size: medium;\">Thirrja p\u00ebr mb\u00ebshtetjen e krijimtaris\u00eb letrare p\u00ebr f\u00ebmij\u00eb do t\u00eb nxis\u00eb dhe mb\u00ebshtes\u00eb financiarisht procesin krijues t\u00eb autor\u00ebve t\u00eb let\u00ebrsis\u00eb s\u00eb sotme shqipe.<\/span><\/span><\/span><\/p>\n<p class=\"western\" lang=\"sq-AL\" align=\"justify\"><span style=\"color: #000000;\"><span style=\"font-family: Times New Roman, serif;\"><span style=\"font-size: medium;\">Qendra Komb\u00ebtare e Librit dhe Leximit ka p\u00ebrcaktuar si prioritet k\u00ebt\u00eb vit mb\u00ebshtetjen e procesit krijues t\u00eb autor\u00ebve p\u00ebr f\u00ebmij\u00eb, mbi mosh\u00ebn 18 vje\u00e7. Aplikimi kryhet nga botuesi, i pajisur me nj\u00eb licenc\u00eb botimi, n\u00ebp\u00ebrmjet p\u00ebrfaq\u00ebsuesit ligjor.<\/span><\/span><\/span><\/p>\n<p class=\"western\" lang=\"sq-AL\" align=\"justify\"><span style=\"color: #000000;\"><span style=\"font-family: Times New Roman, serif;\"><span style=\"font-size: medium;\">Financimi p\u00ebr mb\u00ebshtetjen e procesit krijues t\u00eb vepr\u00ebs do t\u00eb mund\u00ebsohet nga Qendra Komb\u00ebtare e Librit dhe Leximit dhe i shkon drejtp\u00ebrdrejt autorit.<\/span><\/span><\/span><\/p>\n<p class=\"western\" lang=\"sq-AL\" align=\"justify\"><span style=\"color: #000000;\">\u00a0<\/span><\/p>\n<p class=\"western\" lang=\"sq-AL\" align=\"justify\"><span style=\"color: #000000;\"><span style=\"font-family: Times New Roman, serif;\"><span style=\"font-size: medium;\"><b>Afatet e aplikimit<\/b><\/span><\/span><\/span><\/p>\n<p class=\"western\" lang=\"sq-AL\" align=\"justify\"><span style=\"color: #000000;\"><span style=\"font-family: Times New Roman, serif;\"><span style=\"font-size: medium;\">Aplikimi fillon m\u00eb dat\u00ebn 10 qershor 2020 dhe p\u00ebrfundon n\u00eb dat\u00ebn 15 korrik 2020.<br \/>\n<\/span><\/span><\/span><span style=\"color: #000000;\"><span style=\"font-family: Times New Roman, serif;\"><span style=\"font-size: medium;\">Shpallja e fituesve<\/span><\/span><\/span><span style=\"color: #000000;\"><span style=\"font-family: Times New Roman, serif;\"><span style=\"font-size: medium;\">\u00a0do t\u00eb b\u00ebhet m\u00eb 10 gusht.<br \/>\n<\/span><\/span><\/span><span style=\"color: #000000;\"><span style=\"font-family: Times New Roman, serif;\"><span style=\"font-size: medium;\">Vlera e financimit t\u00eb\u00a0<\/span><\/span><\/span><span style=\"color: #000000;\"><span style=\"font-family: Times New Roman, serif;\"><span style=\"font-size: medium;\">Qendr\u00ebs Komb\u00ebtare t\u00eb Librit dhe Leximit\u00a0<\/span><\/span><\/span><span style=\"color: #000000;\"><span style=\"font-family: Times New Roman, serif;\"><span style=\"font-size: medium;\">p\u00ebr k\u00ebt\u00eb<\/span><\/span><\/span><span style=\"color: #000000;\"><span style=\"font-family: Times New Roman, serif;\"><span style=\"font-size: medium;\">\u00a0thirrje \u00ebsht\u00eb 700.000 (shtat\u00ebqind mij\u00eb) lek\u00eb.<br \/>\n<\/span><\/span><\/span><span style=\"color: #000000;\"><span style=\"font-family: Times New Roman, serif;\"><span style=\"font-size: medium;\">Secili prej fituesve<\/span><\/span><\/span><span style=\"color: #000000;\"><span style=\"font-family: Times New Roman, serif;\"><span style=\"font-size: medium;\"><b>\u00a0<\/b><\/span><\/span><\/span><span style=\"color: #000000;\"><span style=\"font-family: Times New Roman, serif;\"><span style=\"font-size: medium;\">do t\u00eb paguhet n\u00eb vler\u00ebn <\/span><\/span><\/span><span style=\"font-family: Times New Roman, serif;\"><span style=\"font-size: medium;\">prej 160.000<\/span><\/span><span style=\"color: #000000;\"><span style=\"font-family: Times New Roman, serif;\"><span style=\"font-size: medium;\"> lek\u00eb.<\/span><\/span><\/span><\/p>\n<p class=\"western\" lang=\"sq-AL\" align=\"justify\"><span style=\"color: #000000;\"><span style=\"font-family: Times New Roman, serif;\"><span style=\"font-size: medium;\"><b>Aplikimi<\/b><\/span><\/span><\/span><\/p>\n<p class=\"western\" lang=\"sq-AL\" align=\"justify\"><span style=\"color: #000000;\"><span style=\"font-family: Times New Roman, serif;\"><span style=\"font-size: medium;\">Aplikuesit duhet t\u00eb paraqesin sa m\u00eb posht\u00eb:<\/span><\/span><\/span><\/p>\n<ul>\n<li class=\"western\" lang=\"sq-AL\"><span style=\"color: #000000;\"><span style=\"font-family: Times New Roman, serif;\"><span style=\"font-size: medium;\">Draft i projektit t\u00eb librit n\u00eb proces, 50 faqe p\u00ebr librin n\u00eb proz\u00eb dhe 10 poezi p\u00ebr librin me poezi;<\/span><\/span><\/span><\/li>\n<li class=\"western\" lang=\"sq-AL\"><span style=\"color: #000000;\"><span style=\"font-family: Times New Roman, serif;\"><span style=\"font-size: medium;\">Sinops p\u00ebr vepr\u00ebn n\u00eb proz\u00eb;<\/span><\/span><\/span><\/li>\n<li class=\"western\" lang=\"sq-AL\"><span style=\"color: #000000;\"><span style=\"font-family: Times New Roman, serif;\"><span style=\"font-size: medium;\">Kontrat\u00eb e lidhur mes autorit dhe botuesit;<\/span><\/span><\/span><\/li>\n<li class=\"western\" lang=\"sq-AL\"><span style=\"color: #000000;\"><span style=\"font-family: Times New Roman, serif;\"><span style=\"font-size: medium;\">Katalog botimesh (Sht\u00ebpia botuese);<\/span><\/span><\/span><\/li>\n<li class=\"western\" lang=\"sq-AL\"><span style=\"color: #000000;\"><span style=\"font-family: Times New Roman, serif;\"><span style=\"font-size: medium;\">Tirazhi i botimit;<\/span><\/span><\/span><\/li>\n<li class=\"western\" lang=\"sq-AL\"><span style=\"color: #000000;\"><span style=\"font-family: Times New Roman, serif;\"><span style=\"font-size: medium;\">\u00c7mimi p\u00ebr kopje;<\/span><\/span><\/span><\/li>\n<li class=\"western\" lang=\"sq-AL\"><span style=\"color: #000000;\"><span style=\"font-family: Times New Roman, serif;\"><span style=\"font-size: medium;\">Afati i parashikuar p\u00ebr botimin n\u00eb shqip.<\/span><\/span><\/span><\/li>\n<\/ul>\n<p class=\"western\" lang=\"sq-AL\" align=\"justify\"><span style=\"color: #000000;\">\u00a0<\/span><\/p>\n<p class=\"western\" lang=\"sq-AL\" align=\"justify\"><span style=\"color: #000000;\"><span style=\"font-family: Times New Roman, serif;\"><span style=\"font-size: medium;\"><b>T\u00eb dh\u00ebna t\u00eb tjera q\u00eb Autori duhet t\u00eb plot\u00ebsoj\u00eb dhe t\u00eb dor\u00ebzoj\u00eb:<\/b><\/span><\/span><\/span><\/p>\n<p class=\"western\" lang=\"sq-AL\" align=\"justify\"><span style=\"color: #000000;\"><span style=\"font-family: Times New Roman, serif;\"><span style=\"font-size: medium;\">Aplikuesi : \u00a0Em\u00ebr \/ Mbiem\u00ebr<\/span><\/span><\/span><\/p>\n<p class=\"western\" lang=\"sq-AL\" align=\"justify\"><span style=\"color: #000000;\"><span style=\"font-family: Times New Roman, serif;\"><span style=\"font-size: medium;\">Adresa e plot\u00eb:<\/span><\/span><\/span><\/p>\n<p class=\"western\" lang=\"sq-AL\" align=\"justify\"><span style=\"color: #000000;\"><span style=\"font-family: Times New Roman, serif;\"><span style=\"font-size: medium;\">Kontakti: Telefon __________________________ dhe e-mail _________________________<\/span><\/span><\/span><\/p>\n<p class=\"western\" lang=\"sq-AL\" align=\"justify\"><span style=\"color: #000000;\"><span style=\"font-family: Times New Roman, serif;\"><span style=\"font-size: medium;\">CV (e autorit)<\/span><\/span><\/span><\/p>\n<p class=\"western\" lang=\"sq-AL\" align=\"justify\"><span style=\"color: #000000;\">\u00a0<\/span><\/p>\n<p class=\"western\" lang=\"sq-AL\" align=\"justify\"><span style=\"color: #000000;\"><span style=\"font-family: Times New Roman, serif;\"><span style=\"font-size: medium;\"><b>Udh\u00ebzues p\u00ebr aplikuesin<\/b><\/span><\/span><\/span><\/p>\n<p class=\"western\" lang=\"sq-AL\" align=\"justify\"><span style=\"color: #000000;\"><span style=\"font-family: Times New Roman, serif;\"><span style=\"font-size: medium;\">Drafti i vepr\u00ebs n\u00eb proces do t\u00eb shqyrtohet nga nj\u00eb juri me ekspert\u00eb t\u00eb fush\u00ebs.<\/span><\/span><\/span><\/p>\n<p class=\"western\" lang=\"sq-AL\" align=\"justify\"><span style=\"color: #000000;\"><span style=\"font-family: Times New Roman, serif;\"><span style=\"font-size: medium;\">Autori angazhohet p\u00ebr p\u00ebrfundimin e vepr\u00ebs dhe botimin e saj brenda vitit kalendarik (2020), nga data e lidhjes s\u00eb kontrat\u00ebs.<\/span><\/span><\/span><\/p>\n<p class=\"western\" lang=\"sq-AL\" align=\"justify\"><span style=\"color: #000000;\">\u00a0<\/span><span style=\"color: #000000;\"><span style=\"font-family: Times New Roman, serif;\"><span style=\"font-size: medium;\"><b>Aplikimi b\u00ebhet n\u00eb adres\u00ebn elektronike\u00a0<\/b><\/span><\/span><\/span><a href=\"mailto:info@qkll.gov.al\" target=\"_blank\" rel=\"noopener noreferrer\"><span style=\"color: #0563c1;\"><span style=\"font-family: Times New Roman, serif;\"><span style=\"font-size: medium;\"><u><b>info@qkll.gov.al<\/b><\/u><\/span><\/span><\/span><\/a><span style=\"color: #000000;\"><span style=\"font-family: Times New Roman, serif;\"><span style=\"font-size: medium;\"><u><b>\u00a0<\/b><\/u><\/span><\/span><\/span><span style=\"color: #000000;\"><span style=\"font-family: Times New Roman, serif;\"><span style=\"font-size: medium;\"><b>dhe n\u00eb adres\u00ebn postare t\u00eb Qendr\u00ebs Komb\u00ebtare t\u00eb Librit dhe Leximit: <\/b><\/span><\/span><\/span><\/p>\n<p class=\"western\" lang=\"sq-AL\" align=\"justify\"><span style=\"color: #000000;\"><span style=\"font-family: Times New Roman, serif;\"><span style=\"font-size: medium;\"><b>Rruga \u201cPapa Gjon Pali II\u201d, 1010, pran\u00eb hotel \u201cDomus\u201d, Tiran\u00eb.<\/b><\/span><\/span><\/span><\/p>\n<p class=\"western\" lang=\"sq-AL\"><span style=\"color: #1d2228;\">\u00a0<\/span><\/p>\n<p class=\"western\" lang=\"sq-AL\">\n","protected":false},"excerpt":{"rendered":"<p>Kjo thirrje vjen n\u00eb zbatim t\u00eb politik\u00ebs s\u00eb Qendr\u00ebs Komb\u00ebtare t\u00eb Librit dhe Leximit n\u00eb mb\u00ebshtetje t\u00eb krijimtaris\u00eb s\u00eb autor\u00ebve shqiptar\u00eb p\u00ebr f\u00ebmij\u00eb, me q\u00ebllim nxitjen e shkrimit t\u00eb k\u00ebsaj let\u00ebrsie ku kemi nj\u00eb tradit\u00eb t\u00eb vyer. Informacion i p\u00ebrgjithsh\u00ebm Thirrja p\u00ebr mb\u00ebshtetjen e krijimtaris\u00eb letrare p\u00ebr f\u00ebmij\u00eb do t\u00eb nxis\u00eb dhe mb\u00ebshtes\u00eb financiarisht procesin &hellip;<\/p>\n","protected":false},"author":1,"featured_media":6688,"comment_status":"closed","ping_status":"closed","sticky":false,"template":"","format":"standard","meta":{"footnotes":""},"categories":[53,49],"tags":[],"class_list":["post-6653","post","type-post","status-publish","format-standard","has-post-thumbnail","hentry","category-fondi-i-mbeshtetjes-se-krijimtarise-letrare-per-femije-2020","category-projekte-2020"],"_links":{"self":[{"href":"https:\/\/qkll.gov.al\/index.php?rest_route=\/wp\/v2\/posts\/6653","targetHints":{"allow":["GET"]}}],"collection":[{"href":"https:\/\/qkll.gov.al\/index.php?rest_route=\/wp\/v2\/posts"}],"about":[{"href":"https:\/\/qkll.gov.al\/index.php?rest_route=\/wp\/v2\/types\/post"}],"author":[{"embeddable":true,"href":"https:\/\/qkll.gov.al\/index.php?rest_route=\/wp\/v2\/users\/1"}],"replies":[{"embeddable":true,"href":"https:\/\/qkll.gov.al\/index.php?rest_route=%2Fwp%2Fv2%2Fcomments&post=6653"}],"version-history":[{"count":6,"href":"https:\/\/qkll.gov.al\/index.php?rest_route=\/wp\/v2\/posts\/6653\/revisions"}],"predecessor-version":[{"id":6730,"href":"https:\/\/qkll.gov.al\/index.php?rest_route=\/wp\/v2\/posts\/6653\/revisions\/6730"}],"wp:featuredmedia":[{"embeddable":true,"href":"https:\/\/qkll.gov.al\/index.php?rest_route=\/wp\/v2\/media\/6688"}],"wp:attachment":[{"href":"https:\/\/qkll.gov.al\/index.php?rest_route=%2Fwp%2Fv2%2Fmedia&parent=6653"}],"wp:term":[{"taxonomy":"category","embeddable":true,"href":"https:\/\/qkll.gov.al\/index.php?rest_route=%2Fwp%2Fv2%2Fcategories&post=6653"},{"taxonomy":"post_tag","embeddable":true,"href":"https:\/\/qkll.gov.al\/index.php?rest_route=%2Fwp%2Fv2%2Ftags&post=6653"}],"curies":[{"name":"wp","href":"https:\/\/api.w.org\/{rel}","templated":true}]}}