{"id":6505,"date":"2020-03-06T19:18:01","date_gmt":"2020-03-06T18:18:01","guid":{"rendered":"https:\/\/qkll.gov.al\/?p=6505"},"modified":"2020-06-02T10:03:07","modified_gmt":"2020-06-02T08:03:07","slug":"promovimi-i-librit-ndonjehere-qendrojne-pergjithmone-i-autorit-enkelejd-lamaj","status":"publish","type":"post","link":"https:\/\/qkll.gov.al\/?p=6505","title":{"rendered":"Promovimi i librit &#8220;Ndonj\u00ebher\u00eb Q\u00ebndrojn\u00eb P\u00ebrgjithmon\u00eb&#8221; i autorit Enkelejd Lamaj"},"content":{"rendered":"\t\t<div data-elementor-type=\"wp-post\" data-elementor-id=\"6505\" class=\"elementor elementor-6505\" data-elementor-post-type=\"post\">\n\t\t\t\t\t\t<section class=\"elementor-section elementor-top-section elementor-element elementor-element-4ab025a elementor-section-boxed elementor-section-height-default elementor-section-height-default\" data-id=\"4ab025a\" data-element_type=\"section\">\n\t\t\t\t\t\t<div class=\"elementor-container elementor-column-gap-default\">\n\t\t\t\t\t<div class=\"elementor-column elementor-col-100 elementor-top-column elementor-element elementor-element-618e9b8\" data-id=\"618e9b8\" data-element_type=\"column\">\n\t\t\t<div class=\"elementor-widget-wrap elementor-element-populated\">\n\t\t\t\t\t\t<div class=\"elementor-element elementor-element-1462a47 elementor-widget elementor-widget-text-editor\" data-id=\"1462a47\" data-element_type=\"widget\" data-widget_type=\"text-editor.default\">\n\t\t\t\t<div class=\"elementor-widget-container\">\n\t\t\t\t\t\t\t\t\t<p style=\"text-align: justify;\">N\u00eb vijim t\u00eb takimeve letrare q\u00eb Qendra Komb\u00ebtare e Librit dhe e Leximit organizon \u00e7do jav\u00eb, m\u00eb dt. 06 mars pran\u00eb Qendr\u00ebs Forum u prezantua libri me tregime \u201cNdonj\u00ebher\u00eb q\u00ebndrojn\u00eb p\u00ebrgjithmon\u00eb\u201d i autorit Enkelejd Lamaj. N\u00eb k\u00ebt\u00eb takim ishin t\u00eb pranish\u00ebm miq t\u00eb autorit, dashamir\u00ebs t\u00eb librit dhe personalitete t\u00eb fush\u00ebs s\u00eb letrave.<br \/>N\u00eb fjal\u00ebn e saj t\u00eb hapjes, drejtoresha e QKLL, Alda Bardhyli, pasi p\u00ebrsh\u00ebndeti t\u00eb pranishmit b\u00ebri nj\u00eb prezantim t\u00eb shkurt\u00ebr t\u00eb p\u00ebrmbledhjes \u201cNdonj\u00ebher\u00eb q\u00ebndrojn\u00eb p\u00ebrgjithmon\u00eb\u201d me tregime t\u00eb thrillerit, fantastikes dhe horrorit. M\u00eb pas fjal\u00ebn e mori shkrimtari Grigor Banushi, nj\u00eb tjet\u00ebr autor q\u00eb e l\u00ebvron zhanrin e thrillerit dhe horrorit. Ai u shpreh se jan\u00eb t\u00eb pakt\u00eb shkrimtar\u00ebt n\u00eb let\u00ebrsin\u00eb shqipe q\u00eb e l\u00ebvrojn\u00eb k\u00ebt\u00eb zhan\u00ebr. \u201cJam befasuar kur kam lexuar tregimet e Enkelejdit, nj\u00eb djal\u00eb i ri dhe shum\u00eb i talentuar,\u201d- vijoi m\u00eb tej ai.<br \/>P\u00ebr krijimtarin\u00eb e Lamajt foli edhe gazetarja e kultur\u00ebs Monika Stafa. Gjat\u00eb diskutimit Stafa i drejtoi edhe disa pyetje autorit, duke e b\u00ebr\u00eb bashk\u00ebbisedimin edhe m\u00eb interesant. \u201c \u2018Ndonj\u00ebher\u00eb q\u00ebndrojn\u00eb p\u00ebrgjithmon\u00eb\u2019, \u00ebsht\u00eb titull shum\u00eb i bukur, nd\u00ebrkoh\u00eb q\u00eb ti l\u00ebvron zhanrin e thrillerit, pse ky titull?\u201d- ishte nj\u00eb prej pyetjeve gjat\u00eb diskutimit me autorin Lamaj. \u201cUn\u00eb shkruaj si\u00e7 m\u00eb vjen, pa b\u00ebr\u00eb m\u00eb par\u00eb nj\u00eb skalet\u00eb nga fillimi deri n\u00eb fund, si\u00e7 b\u00ebjn\u00eb disa autor\u00eb, pra shkruaj pa e ditur se \u00e7far\u00eb do t\u00eb ndodh\u00eb\u201d- u p\u00ebrgjigj Lamaj.<\/p>\t\t\t\t\t\t\t\t<\/div>\n\t\t\t\t<\/div>\n\t\t\t\t\t<\/div>\n\t\t<\/div>\n\t\t\t\t\t<\/div>\n\t\t<\/section>\n\t\t\t\t<section class=\"elementor-section elementor-top-section elementor-element elementor-element-7ef6bca elementor-section-boxed elementor-section-height-default elementor-section-height-default\" data-id=\"7ef6bca\" data-element_type=\"section\">\n\t\t\t\t\t\t<div class=\"elementor-container elementor-column-gap-default\">\n\t\t\t\t\t<div class=\"elementor-column elementor-col-100 elementor-top-column elementor-element elementor-element-c7a2be8\" data-id=\"c7a2be8\" data-element_type=\"column\">\n\t\t\t<div class=\"elementor-widget-wrap elementor-element-populated\">\n\t\t\t\t\t\t<div class=\"elementor-element elementor-element-d2665ad elementor-widget elementor-widget-gallery\" data-id=\"d2665ad\" data-element_type=\"widget\" data-settings=\"{&quot;lazyload&quot;:&quot;yes&quot;,&quot;gallery_layout&quot;:&quot;grid&quot;,&quot;columns&quot;:4,&quot;columns_tablet&quot;:2,&quot;columns_mobile&quot;:1,&quot;gap&quot;:{&quot;unit&quot;:&quot;px&quot;,&quot;size&quot;:10,&quot;sizes&quot;:[]},&quot;gap_tablet&quot;:{&quot;unit&quot;:&quot;px&quot;,&quot;size&quot;:10,&quot;sizes&quot;:[]},&quot;gap_mobile&quot;:{&quot;unit&quot;:&quot;px&quot;,&quot;size&quot;:10,&quot;sizes&quot;:[]},&quot;link_to&quot;:&quot;file&quot;,&quot;aspect_ratio&quot;:&quot;3:2&quot;,&quot;overlay_background&quot;:&quot;yes&quot;,&quot;content_hover_animation&quot;:&quot;fade-in&quot;}\" data-widget_type=\"gallery.default\">\n\t\t\t\t<div class=\"elementor-widget-container\">\n\t\t\t\t\t\t\t<div class=\"elementor-gallery__container\">\n\t\t\t\t\t\t\t<a class=\"e-gallery-item elementor-gallery-item elementor-animated-content\" href=\"https:\/\/qkll.gov.al\/wp-content\/uploads\/2020\/05\/Enkelejd-Lamaj-Promovimi-1.jpg\" data-elementor-open-lightbox=\"yes\" data-elementor-lightbox-slideshow=\"d2665ad\" data-elementor-lightbox-title=\"Enkelejd Lamaj Promovimi 1\" data-e-action-hash=\"#elementor-action%3Aaction%3Dlightbox%26settings%3DeyJpZCI6NjU2NiwidXJsIjoiaHR0cHM6XC9cL3FrbGwuZ292LmFsXC93cC1jb250ZW50XC91cGxvYWRzXC8yMDIwXC8wNVwvRW5rZWxlamQtTGFtYWotUHJvbW92aW1pLTEuanBnIiwic2xpZGVzaG93IjoiZDI2NjVhZCJ9\">\n\t\t\t\t\t<div class=\"e-gallery-image elementor-gallery-item__image\" data-thumbnail=\"https:\/\/qkll.gov.al\/wp-content\/uploads\/2020\/05\/Enkelejd-Lamaj-Promovimi-1.jpg\" data-width=\"750\" data-height=\"750\" aria-label=\"\" role=\"img\" ><\/div>\n\t\t\t\t\t\t\t\t\t\t\t<div class=\"elementor-gallery-item__overlay\"><\/div>\n\t\t\t\t\t\t\t\t\t\t\t\t\t\t<\/a>\n\t\t\t\t\t\t\t<a class=\"e-gallery-item elementor-gallery-item elementor-animated-content\" href=\"https:\/\/qkll.gov.al\/wp-content\/uploads\/2020\/05\/Enkelejd-Lamaj-Promovimi-2.jpg\" data-elementor-open-lightbox=\"yes\" data-elementor-lightbox-slideshow=\"d2665ad\" data-elementor-lightbox-title=\"Enkelejd Lamaj Promovimi 2\" data-e-action-hash=\"#elementor-action%3Aaction%3Dlightbox%26settings%3DeyJpZCI6NjU2NywidXJsIjoiaHR0cHM6XC9cL3FrbGwuZ292LmFsXC93cC1jb250ZW50XC91cGxvYWRzXC8yMDIwXC8wNVwvRW5rZWxlamQtTGFtYWotUHJvbW92aW1pLTIuanBnIiwic2xpZGVzaG93IjoiZDI2NjVhZCJ9\">\n\t\t\t\t\t<div class=\"e-gallery-image elementor-gallery-item__image\" data-thumbnail=\"https:\/\/qkll.gov.al\/wp-content\/uploads\/2020\/05\/Enkelejd-Lamaj-Promovimi-2.jpg\" data-width=\"750\" data-height=\"750\" aria-label=\"\" role=\"img\" ><\/div>\n\t\t\t\t\t\t\t\t\t\t\t<div class=\"elementor-gallery-item__overlay\"><\/div>\n\t\t\t\t\t\t\t\t\t\t\t\t\t\t<\/a>\n\t\t\t\t\t\t\t<a class=\"e-gallery-item elementor-gallery-item elementor-animated-content\" href=\"https:\/\/qkll.gov.al\/wp-content\/uploads\/2020\/05\/Enkelejd-Lamaj-Promovimi-3.jpg\" data-elementor-open-lightbox=\"yes\" data-elementor-lightbox-slideshow=\"d2665ad\" data-elementor-lightbox-title=\"Enkelejd Lamaj Promovimi 3\" data-e-action-hash=\"#elementor-action%3Aaction%3Dlightbox%26settings%3DeyJpZCI6NjU2OCwidXJsIjoiaHR0cHM6XC9cL3FrbGwuZ292LmFsXC93cC1jb250ZW50XC91cGxvYWRzXC8yMDIwXC8wNVwvRW5rZWxlamQtTGFtYWotUHJvbW92aW1pLTMuanBnIiwic2xpZGVzaG93IjoiZDI2NjVhZCJ9\">\n\t\t\t\t\t<div class=\"e-gallery-image elementor-gallery-item__image\" data-thumbnail=\"https:\/\/qkll.gov.al\/wp-content\/uploads\/2020\/05\/Enkelejd-Lamaj-Promovimi-3.jpg\" data-width=\"749\" data-height=\"639\" aria-label=\"\" role=\"img\" ><\/div>\n\t\t\t\t\t\t\t\t\t\t\t<div class=\"elementor-gallery-item__overlay\"><\/div>\n\t\t\t\t\t\t\t\t\t\t\t\t\t\t<\/a>\n\t\t\t\t\t\t\t<a class=\"e-gallery-item elementor-gallery-item elementor-animated-content\" href=\"https:\/\/qkll.gov.al\/wp-content\/uploads\/2020\/05\/Enkelejd-Lamaj-Promovimi-4.jpg\" data-elementor-open-lightbox=\"yes\" data-elementor-lightbox-slideshow=\"d2665ad\" data-elementor-lightbox-title=\"Enkelejd Lamaj Promovimi 4\" data-e-action-hash=\"#elementor-action%3Aaction%3Dlightbox%26settings%3DeyJpZCI6NjU2OSwidXJsIjoiaHR0cHM6XC9cL3FrbGwuZ292LmFsXC93cC1jb250ZW50XC91cGxvYWRzXC8yMDIwXC8wNVwvRW5rZWxlamQtTGFtYWotUHJvbW92aW1pLTQuanBnIiwic2xpZGVzaG93IjoiZDI2NjVhZCJ9\">\n\t\t\t\t\t<div class=\"e-gallery-image elementor-gallery-item__image\" data-thumbnail=\"https:\/\/qkll.gov.al\/wp-content\/uploads\/2020\/05\/Enkelejd-Lamaj-Promovimi-4.jpg\" data-width=\"638\" data-height=\"638\" aria-label=\"\" role=\"img\" ><\/div>\n\t\t\t\t\t\t\t\t\t\t\t<div class=\"elementor-gallery-item__overlay\"><\/div>\n\t\t\t\t\t\t\t\t\t\t\t\t\t\t<\/a>\n\t\t\t\t\t\t\t<a class=\"e-gallery-item elementor-gallery-item elementor-animated-content\" href=\"https:\/\/qkll.gov.al\/wp-content\/uploads\/2020\/05\/Enkelejd-Lamaj-Promovimi-5.jpg\" data-elementor-open-lightbox=\"yes\" data-elementor-lightbox-slideshow=\"d2665ad\" data-elementor-lightbox-title=\"Enkelejd Lamaj Promovimi 5\" data-e-action-hash=\"#elementor-action%3Aaction%3Dlightbox%26settings%3DeyJpZCI6NjU3MCwidXJsIjoiaHR0cHM6XC9cL3FrbGwuZ292LmFsXC93cC1jb250ZW50XC91cGxvYWRzXC8yMDIwXC8wNVwvRW5rZWxlamQtTGFtYWotUHJvbW92aW1pLTUuanBnIiwic2xpZGVzaG93IjoiZDI2NjVhZCJ9\">\n\t\t\t\t\t<div class=\"e-gallery-image elementor-gallery-item__image\" data-thumbnail=\"https:\/\/qkll.gov.al\/wp-content\/uploads\/2020\/05\/Enkelejd-Lamaj-Promovimi-5.jpg\" data-width=\"750\" data-height=\"750\" aria-label=\"\" role=\"img\" ><\/div>\n\t\t\t\t\t\t\t\t\t\t\t<div class=\"elementor-gallery-item__overlay\"><\/div>\n\t\t\t\t\t\t\t\t\t\t\t\t\t\t<\/a>\n\t\t\t\t\t<\/div>\n\t\t\t\t\t<\/div>\n\t\t\t\t<\/div>\n\t\t\t\t\t<\/div>\n\t\t<\/div>\n\t\t\t\t\t<\/div>\n\t\t<\/section>\n\t\t\t\t<\/div>\n\t\t","protected":false},"excerpt":{"rendered":"<p>N\u00eb vijim t\u00eb takimeve letrare q\u00eb Qendra Komb\u00ebtare e Librit dhe e Leximit organizon \u00e7do jav\u00eb, m\u00eb dt. 06 mars pran\u00eb Qendr\u00ebs Forum u prezantua libri me tregime \u201cNdonj\u00ebher\u00eb q\u00ebndrojn\u00eb p\u00ebrgjithmon\u00eb\u201d i autorit Enkelejd Lamaj. N\u00eb k\u00ebt\u00eb takim ishin t\u00eb pranish\u00ebm miq t\u00eb autorit, dashamir\u00ebs t\u00eb librit dhe personalitete t\u00eb fush\u00ebs s\u00eb letrave.N\u00eb fjal\u00ebn e &hellip;<\/p>\n","protected":false},"author":1,"featured_media":6487,"comment_status":"closed","ping_status":"closed","sticky":false,"template":"","format":"standard","meta":{"footnotes":""},"categories":[31],"tags":[],"class_list":["post-6505","post","type-post","status-publish","format-standard","has-post-thumbnail","hentry","category-aktivitete"],"_links":{"self":[{"href":"https:\/\/qkll.gov.al\/index.php?rest_route=\/wp\/v2\/posts\/6505","targetHints":{"allow":["GET"]}}],"collection":[{"href":"https:\/\/qkll.gov.al\/index.php?rest_route=\/wp\/v2\/posts"}],"about":[{"href":"https:\/\/qkll.gov.al\/index.php?rest_route=\/wp\/v2\/types\/post"}],"author":[{"embeddable":true,"href":"https:\/\/qkll.gov.al\/index.php?rest_route=\/wp\/v2\/users\/1"}],"replies":[{"embeddable":true,"href":"https:\/\/qkll.gov.al\/index.php?rest_route=%2Fwp%2Fv2%2Fcomments&post=6505"}],"version-history":[{"count":5,"href":"https:\/\/qkll.gov.al\/index.php?rest_route=\/wp\/v2\/posts\/6505\/revisions"}],"predecessor-version":[{"id":6650,"href":"https:\/\/qkll.gov.al\/index.php?rest_route=\/wp\/v2\/posts\/6505\/revisions\/6650"}],"wp:featuredmedia":[{"embeddable":true,"href":"https:\/\/qkll.gov.al\/index.php?rest_route=\/wp\/v2\/media\/6487"}],"wp:attachment":[{"href":"https:\/\/qkll.gov.al\/index.php?rest_route=%2Fwp%2Fv2%2Fmedia&parent=6505"}],"wp:term":[{"taxonomy":"category","embeddable":true,"href":"https:\/\/qkll.gov.al\/index.php?rest_route=%2Fwp%2Fv2%2Fcategories&post=6505"},{"taxonomy":"post_tag","embeddable":true,"href":"https:\/\/qkll.gov.al\/index.php?rest_route=%2Fwp%2Fv2%2Ftags&post=6505"}],"curies":[{"name":"wp","href":"https:\/\/api.w.org\/{rel}","templated":true}]}}