{"id":6471,"date":"2020-03-22T15:47:07","date_gmt":"2020-03-22T14:47:07","guid":{"rendered":"https:\/\/qkll.gov.al\/?p=6471"},"modified":"2020-05-17T21:27:21","modified_gmt":"2020-05-17T19:27:21","slug":"grate-intelektuale-u-bashkohen-mjekeve","status":"publish","type":"post","link":"https:\/\/qkll.gov.al\/?p=6471","title":{"rendered":"Grat\u00eb intelektuale u bashkohen mjek\u00ebve"},"content":{"rendered":"<p>Qendra Komb\u00ebtare e Librit dhe Leximit b\u00ebri bashk\u00eb gra shkrimtare, studiuese, botuese, profesore n\u00eb nj\u00eb mesazh drejtuar mjek\u00ebve.<\/p>\n<p>T\u00eb dashur e t\u00eb nderuar mjek\u00eb, infermier\u00eb e punonj\u00ebs t\u00eb sistemit ton\u00eb sh\u00ebndet\u00ebsor, Ju shprehim respekt e mir\u00ebnjohjeje t\u00eb thell\u00eb!<\/p>\n<p>Jemi krenar\u00eb p\u00ebr ju, q\u00eb punoni sot n\u00eb k\u00ebt\u00eb front t\u00eb v\u00ebshtir\u00eb, n\u00eb vij\u00eb t\u00eb par\u00eb t\u00eb luft\u00ebs kund\u00ebr koronavirusit !<\/p>\n<p>Jan\u00eb dit\u00eb t\u00eb v\u00ebshtira, me shum\u00eb t\u00eb panjohura e n\u00eb gar\u00eb me koh\u00ebn, por ju, me profesionaliz\u00ebm t\u00eb jasht\u00ebzakonsh\u00ebm, keni v\u00ebn\u00eb gjith\u00eb energjit\u00eb dhe shpirtin tuaj t\u00eb madh p\u00ebr t\u00eb shp\u00ebtuar vendin nga ky rrezik. Me p\u00ebrkushtim t\u00eb rrall\u00eb, duke mjekuar t\u00eb s\u00ebmur\u00ebt e duke qen\u00eb pran\u00eb tyre pa pushim, ju po shp\u00ebtoni Shqip\u00ebrin\u00eb, n\u00eb k\u00ebt\u00eb betej\u00eb, e cila si asnj\u00ebher\u00eb m\u00eb par\u00eb, nuk k\u00ebrkon arm\u00eb p\u00ebr t\u00eb mposhtur armikun, por dashuri, p\u00ebrgjegjshm\u00ebri, ndjenj\u00eb detyre, p\u00ebrkushtim, vet\u00eb-sakrifikim p\u00ebr tjetrin dhe komunitetin.<\/p>\n<p>Shpesh, p\u00ebrpara se t\u00eb na binte kjo fatkeq\u00ebsi, kushdo prej nesh, i k\u00ebnaqej jet\u00ebs son\u00eb t\u00eb \u201cvog\u00ebl\u201d, duke ndjer\u00eb nd\u00ebrkoh\u00eb, se n\u00eb em\u00ebr t\u00eb liris\u00eb s\u00eb individit, po humbte solidariteti p\u00ebr nj\u00ebri- tjetrin, po humbte altruizmi, po humbte p\u00ebrfshirja n\u00eb shqet\u00ebsimet e komunitetit, por, me gjith\u00eb k\u00ebt\u00eb q\u00eb po ndodh prej dit\u00ebsh, ju po na provoni t\u00eb kund\u00ebrt\u00ebn.<br \/>\nJu na d\u00ebshmuat se jo t\u00eb gjitha ato q\u00eb kemi th\u00ebn\u00eb jan\u00eb t\u00eb v\u00ebrteta. Jeni profesionist\u00eb t\u00eb shk\u00eblqyer e po kaq solidar\u00eb e altruist\u00eb. Nj\u00eb tjet\u00ebr krenari q\u00eb ndjejm\u00eb k\u00ebto dit\u00eb t\u00eb v\u00ebshtira, \u00ebsht\u00eb pik\u00ebrisht ky profesioniz\u00ebm i lart\u00eb mes jush, q\u00eb e vini n\u00eb sh\u00ebrbim t\u00eb shoq\u00ebris\u00eb, si e kini v\u00ebn\u00eb gjithnj\u00eb, n\u00eb heshtje, me devotshm\u00ebri, pa buj\u00eb.<\/p>\n<p>Gjat\u00eb k\u00ebsaj periudhe t\u00eb pazakont\u00eb, p\u00ebrve\u00e7 tjerash, ju keni qen\u00eb n\u00eb \u00e7do familje shqiptare, ju jeni modeli i njeriut dhe qytetarit p\u00ebr f\u00ebmij\u00ebt tan\u00eb p\u00ebrtej \u00e7do leksioni e ore m\u00ebsimore; ju krijuat modele sjelljesh pozitive, q\u00eb lidhen me vlerat humane, si\u00e7 \u00ebsht\u00eb forcimi i solidaritetit, po edhe respekti p\u00ebr mendimin shkencor e p\u00ebr pun\u00ebn profesionale; dhe ne si shoq\u00ebri kemi shum\u00eb nevoj\u00eb edhe p\u00ebr k\u00ebto.<br \/>\nJu po na tregoni \u00e7do dit\u00eb e \u00e7do nat\u00eb se Shqip\u00ebria nuk i ka humbur shpresat, se nuk i ka humbur bijat dhe bijt\u00eb e saj.<br \/>\nN\u00eb shenj\u00eb mir\u00ebnjohjeje e p\u00ebrunj\u00ebsie!<\/p>\n<p>-Mynever Shuteriqi<br \/>\n-Fatmira Aliaj<br \/>\n-Floresha Dado<br \/>\n-Helena Kadare<br \/>\n-Flutura Acka<br \/>\n-Diana \u00c7uli<br \/>\n-Lili Sula<br \/>\n-Vera Bekteshi<br \/>\n-Pranvera Bogdani<br \/>\n-Arlinda Dudaj<br \/>\n-Mimoza Ahmeti<br \/>\n-Natasha Lako<br \/>\n-Monika Stafa<br \/>\n-Diana Kastrati<br \/>\n-Mira Meksi<br \/>\n-Meri Lalaj<br \/>\n-Alda Bardhyli<br \/>\n-Mimoza Kore<br \/>\n-Rita Petro<\/p>\n","protected":false},"excerpt":{"rendered":"<p>Qendra Komb\u00ebtare e Librit dhe Leximit b\u00ebri bashk\u00eb gra shkrimtare, studiuese, botuese, profesore n\u00eb nj\u00eb mesazh drejtuar mjek\u00ebve. T\u00eb dashur e t\u00eb nderuar mjek\u00eb, infermier\u00eb e punonj\u00ebs t\u00eb sistemit ton\u00eb sh\u00ebndet\u00ebsor, Ju shprehim respekt e mir\u00ebnjohjeje t\u00eb thell\u00eb! Jemi krenar\u00eb p\u00ebr ju, q\u00eb punoni sot n\u00eb k\u00ebt\u00eb front t\u00eb v\u00ebshtir\u00eb, n\u00eb vij\u00eb t\u00eb par\u00eb t\u00eb &hellip;<\/p>\n","protected":false},"author":1,"featured_media":6445,"comment_status":"closed","ping_status":"closed","sticky":false,"template":"","format":"standard","meta":{"footnotes":""},"categories":[1,39],"tags":[],"class_list":["post-6471","post","type-post","status-publish","format-standard","has-post-thumbnail","hentry","category-i-pakategorizuar","category-te-rejat"],"_links":{"self":[{"href":"https:\/\/qkll.gov.al\/index.php?rest_route=\/wp\/v2\/posts\/6471","targetHints":{"allow":["GET"]}}],"collection":[{"href":"https:\/\/qkll.gov.al\/index.php?rest_route=\/wp\/v2\/posts"}],"about":[{"href":"https:\/\/qkll.gov.al\/index.php?rest_route=\/wp\/v2\/types\/post"}],"author":[{"embeddable":true,"href":"https:\/\/qkll.gov.al\/index.php?rest_route=\/wp\/v2\/users\/1"}],"replies":[{"embeddable":true,"href":"https:\/\/qkll.gov.al\/index.php?rest_route=%2Fwp%2Fv2%2Fcomments&post=6471"}],"version-history":[{"count":3,"href":"https:\/\/qkll.gov.al\/index.php?rest_route=\/wp\/v2\/posts\/6471\/revisions"}],"predecessor-version":[{"id":6609,"href":"https:\/\/qkll.gov.al\/index.php?rest_route=\/wp\/v2\/posts\/6471\/revisions\/6609"}],"wp:featuredmedia":[{"embeddable":true,"href":"https:\/\/qkll.gov.al\/index.php?rest_route=\/wp\/v2\/media\/6445"}],"wp:attachment":[{"href":"https:\/\/qkll.gov.al\/index.php?rest_route=%2Fwp%2Fv2%2Fmedia&parent=6471"}],"wp:term":[{"taxonomy":"category","embeddable":true,"href":"https:\/\/qkll.gov.al\/index.php?rest_route=%2Fwp%2Fv2%2Fcategories&post=6471"},{"taxonomy":"post_tag","embeddable":true,"href":"https:\/\/qkll.gov.al\/index.php?rest_route=%2Fwp%2Fv2%2Ftags&post=6471"}],"curies":[{"name":"wp","href":"https:\/\/api.w.org\/{rel}","templated":true}]}}