{"id":11235,"date":"2025-03-20T15:25:59","date_gmt":"2025-03-20T14:25:59","guid":{"rendered":"https:\/\/qkll.gov.al\/?p=11235"},"modified":"2025-03-27T14:23:50","modified_gmt":"2025-03-27T13:23:50","slug":"aktivitet-per-poezine-e-fatmir-musait","status":"publish","type":"post","link":"https:\/\/qkll.gov.al\/?p=11235","title":{"rendered":"Aktivitet p\u00ebr poezin\u00eb e Fatmir Musait"},"content":{"rendered":"<p>Pjesmarr\u00ebsit e shumt\u00eb n\u00eb k\u00ebt\u00eb aktivitet ngrit\u00ebn lart\u00eb figur\u00ebn e poetit dhe ciklet e tij poetike.<\/p>\n<p>Sipas poetit Aleksand\u00ebr \u00c7ipa, poezia e Musait \u00ebsht\u00eb e angazhuar, qytetare dhe me liriz\u00ebm t\u00eb spikatur.<\/p>\n<p>Prezantuesja Silvana Bra\u00e7e n\u00ebnvizoi tematikat e larmishme t\u00eb poezis\u00eb s\u00eb k\u00ebtij autori, vargun e rrjedhsh\u00ebm e rimat e ndryshme.<\/p>\n<p>Shkrimtari Namik Dokle theksoi humorin e holl\u00eb, p\u00ebrsiatjet e bukura dhe gjuh\u00ebn lakonike t\u00eb p\u00ebrdorur nga Fatmir Musait n\u00eb vargjet e tij. Ai e shpreh se n\u00eb vargje Fatmiri tallet me t\u00eb keqen.<\/p>\n<p>T\u00eb pranishmit e shumt\u00eb kujtuan vargjet e hershme t\u00eb poetit, q\u00eb n\u00eb vitet &#8217;70, t\u00eb cilat jan\u00eb pasuruar n\u00eb figura e gjuh\u00ebn e p\u00ebrpunuar.<\/p>\n<p>Vet\u00eb Musai, i quajtur edhe rebel nga miqt\u00eb, kujtoi se ka krijuar n\u00eb jet\u00ebn e tij 2525 poezi, nj\u00eb num\u00ebr tej hamendjes edhe t\u00eb vet\u00eb atij. Falenderoi t\u00eb gjith\u00eb p\u00ebr vler\u00ebsimet e dh\u00ebna rreth vargut t\u00eb tij, q\u00eb mish\u00ebron k\u00ebdo personazh, apo \u00e7far\u00ebdo ngjarje dhe p\u00ebrjetim.<\/p>\n<p><img fetchpriority=\"high\" decoding=\"async\" class=\"alignnone size-medium wp-image-11249\" src=\"https:\/\/qkll.gov.al\/wp-content\/uploads\/2025\/03\/fatmir-300x225.jpg\" alt=\"\" width=\"300\" height=\"225\" srcset=\"https:\/\/qkll.gov.al\/wp-content\/uploads\/2025\/03\/fatmir-300x225.jpg 300w, https:\/\/qkll.gov.al\/wp-content\/uploads\/2025\/03\/fatmir.jpg 720w\" sizes=\"(max-width: 300px) 100vw, 300px\" \/><\/p>\n<div style=\"width: 478px;\" class=\"wp-video\"><!--[if lt IE 9]><script>document.createElement('video');<\/script><![endif]-->\n<video class=\"wp-video-shortcode\" id=\"video-11235-1\" width=\"478\" height=\"850\" preload=\"metadata\" controls=\"controls\"><source type=\"video\/mp4\" src=\"https:\/\/qkll.gov.al\/wp-content\/uploads\/2025\/03\/WhatsApp-Video-2025-03-20-at-12.13.02-PM.mp4?_=1\" \/><a href=\"https:\/\/qkll.gov.al\/wp-content\/uploads\/2025\/03\/WhatsApp-Video-2025-03-20-at-12.13.02-PM.mp4\">https:\/\/qkll.gov.al\/wp-content\/uploads\/2025\/03\/WhatsApp-Video-2025-03-20-at-12.13.02-PM.mp4<\/a><\/video><\/div>\n","protected":false},"excerpt":{"rendered":"<p>Pjesmarr\u00ebsit e shumt\u00eb n\u00eb k\u00ebt\u00eb aktivitet ngrit\u00ebn lart\u00eb figur\u00ebn e poetit dhe ciklet e tij poetike. Sipas poetit Aleksand\u00ebr \u00c7ipa, poezia e Musait \u00ebsht\u00eb e angazhuar, qytetare dhe me liriz\u00ebm t\u00eb spikatur. Prezantuesja Silvana Bra\u00e7e n\u00ebnvizoi tematikat e larmishme t\u00eb poezis\u00eb s\u00eb k\u00ebtij autori, vargun e rrjedhsh\u00ebm e rimat e ndryshme. Shkrimtari Namik Dokle theksoi &hellip;<\/p>\n","protected":false},"author":8,"featured_media":11237,"comment_status":"closed","ping_status":"closed","sticky":false,"template":"","format":"standard","meta":{"footnotes":""},"categories":[31,39],"tags":[],"class_list":["post-11235","post","type-post","status-publish","format-standard","has-post-thumbnail","hentry","category-aktivitete","category-te-rejat"],"_links":{"self":[{"href":"https:\/\/qkll.gov.al\/index.php?rest_route=\/wp\/v2\/posts\/11235","targetHints":{"allow":["GET"]}}],"collection":[{"href":"https:\/\/qkll.gov.al\/index.php?rest_route=\/wp\/v2\/posts"}],"about":[{"href":"https:\/\/qkll.gov.al\/index.php?rest_route=\/wp\/v2\/types\/post"}],"author":[{"embeddable":true,"href":"https:\/\/qkll.gov.al\/index.php?rest_route=\/wp\/v2\/users\/8"}],"replies":[{"embeddable":true,"href":"https:\/\/qkll.gov.al\/index.php?rest_route=%2Fwp%2Fv2%2Fcomments&post=11235"}],"version-history":[{"count":2,"href":"https:\/\/qkll.gov.al\/index.php?rest_route=\/wp\/v2\/posts\/11235\/revisions"}],"predecessor-version":[{"id":11250,"href":"https:\/\/qkll.gov.al\/index.php?rest_route=\/wp\/v2\/posts\/11235\/revisions\/11250"}],"wp:featuredmedia":[{"embeddable":true,"href":"https:\/\/qkll.gov.al\/index.php?rest_route=\/wp\/v2\/media\/11237"}],"wp:attachment":[{"href":"https:\/\/qkll.gov.al\/index.php?rest_route=%2Fwp%2Fv2%2Fmedia&parent=11235"}],"wp:term":[{"taxonomy":"category","embeddable":true,"href":"https:\/\/qkll.gov.al\/index.php?rest_route=%2Fwp%2Fv2%2Fcategories&post=11235"},{"taxonomy":"post_tag","embeddable":true,"href":"https:\/\/qkll.gov.al\/index.php?rest_route=%2Fwp%2Fv2%2Ftags&post=11235"}],"curies":[{"name":"wp","href":"https:\/\/api.w.org\/{rel}","templated":true}]}}