{"id":11228,"date":"2025-03-12T10:41:58","date_gmt":"2025-03-12T09:41:58","guid":{"rendered":"https:\/\/qkll.gov.al\/?p=11228"},"modified":"2025-03-12T10:41:58","modified_gmt":"2025-03-12T09:41:58","slug":"nata-e-leximit-zerat-e-grave","status":"publish","type":"post","link":"https:\/\/qkll.gov.al\/?p=11228","title":{"rendered":"Nata e leximit &#8220;Z\u00ebrat e grave\u201d"},"content":{"rendered":"<p style=\"text-align: center;\"><strong>Nata e leximit &#8220;Z\u00ebrat e grave\u201d<\/strong><\/p>\n<p style=\"text-align: center;\"><em>Histori frym\u00ebzuese dhe trash\u00ebgimi p\u00ebr t\u00eb festuar<\/em><\/p>\n<p>Dit\u00ebn e h\u00ebn\u00eb u mbajt n\u00eb Qendr\u00ebn Komb\u00ebtare t\u00eb Librit dhe Leximit nj\u00eb mbr\u00ebmje letrare e cila u quajt edhe nat\u00eb leximi, mes grave e vajzave frankofone. N\u00ebn drejtimin e dekanes s\u00eb Fakultetit te Gjuh\u00ebve t\u00eb Huaja, Esmeralda Kromidha u morr\u00ebn si shembuj letrar\u00eb t\u00eb k\u00ebsaj mbr\u00ebmjeje 3 vepra t\u00eb mir\u00ebnjohura t\u00eb let\u00ebrsis\u00eb bashk\u00ebkohore frankofone<\/p>\n<p>Zonja Kromidha vler\u00ebsoi se, k\u00ebto romane, edhe pse vijn\u00eb nga kontekste t\u00eb ndryshme kulturore, ilustrojn\u00eb realitete universale: k\u00ebrkimin p\u00ebr fuqizim, luft\u00ebn kund\u00ebr padrejt\u00ebsis\u00eb dhe q\u00ebndrueshm\u00ebrin\u00eb e grave. Ato ofrojn\u00eb nj\u00eb reflektim p\u00ebrkat\u00ebs p\u00ebr 8 Marsin, Dit\u00ebn Nd\u00ebrkomb\u00ebtare t\u00eb t\u00eb Drejtave t\u00eb Grave, nd\u00ebrsa theksojn\u00eb larmin\u00eb e z\u00ebrave fr\u00ebngjishtfol\u00ebs.<\/p>\n<p>Romani \u201cSi nes\u00ebr\u201d nga Fa\u00efza Gu\u00e8ne,botuar n\u00eb vitin 2004,\u00ebsht\u00eb nj\u00eb roman emblematik i let\u00ebrsis\u00eb bashk\u00ebkohore urbane. N\u00ebp\u00ebrmjet z\u00ebrit t\u00eb gjall\u00eb dhe t\u00eb paprekur t\u00eb Doria, nj\u00eb adoleshente me origjin\u00eb marokene q\u00eb jeton n\u00eb periferit\u00eb pariziene, Fa\u00efza Gu\u00e8ne trajton temat universale si p\u00ebrjashtimi social, identiteti kulturor dhe sfidat q\u00eb lidhen me adoleshenc\u00ebn. Romani, i imprintuar me humor dhe q\u00ebndrueshm\u00ebri, zb\u00ebrthen stereotipet q\u00eb lidhen me t\u00eb rinjt\u00eb nga emigracioni, nd\u00ebrsa ofron nj\u00eb v\u00ebshtrim tender mbi realitetet e jet\u00ebs s\u00eb p\u00ebrditshme.<\/p>\n<p>Nd\u00ebrkaq romani \u201cT\u00eb paduruarit\u201d i Djaili Amadou Amal, Fituese e \u00e7mimit Goncourt des Lyc\u00e9ens 2020,zhytet n\u00eb zem\u00ebr t\u00eb realiteteve t\u00eb grave kamerunase q\u00eb p\u00ebrballen me dhun\u00eb n\u00eb familje dhe martesa t\u00eb detyruara. P\u00ebrmes z\u00ebrave t\u00eb tre grave \u2013 Ramla, Hindu dhe Safira \u2013 autori nxjerr n\u00eb pah padrejt\u00ebsin\u00eb e patriarkatit dhe vuajtjet e heshtura t\u00eb grave n\u00eb nj\u00eb kontekst ku traditat mbizot\u00ebrojn\u00eb mbi t\u00eb drejtat individuale. Ky roman pikant fton reflektim mbi pabarazin\u00eb gjinore dhe gjendjen fem\u00ebrore n\u00eb disa shoq\u00ebri bashk\u00ebkohore.<\/p>\n<p>Libri i tret\u00eb \u201cEleganca e Iriqit\u201d e autores Muriel Barbery, \u00ebsht\u00eb nj\u00eb sukses p\u00ebr grat\u00eb nga p\u00ebrsosm\u00ebria. Sukses i padiskutuesh\u00ebm dhe i q\u00ebndruesh\u00ebm i autores, por edhe nj\u00eb fest\u00eb e bukuris\u00eb s\u00eb brendshme t\u00eb dy mendjeve t\u00eb bukura Ren\u00e9e dhe Paloma, dy z\u00ebra femrash q\u00eb p\u00ebrb\u00ebjn\u00eb nj\u00eb kanun. Puna eshte nje lavde e inteligjences dhe rafinimit te nje gruaje te thjeshte por edhe nje himn i vertete per jeten dhe bukurine.<\/p>\n<p><img fetchpriority=\"high\" decoding=\"async\" class=\"alignnone size-medium wp-image-11230\" src=\"https:\/\/qkll.gov.al\/wp-content\/uploads\/2025\/03\/frankfoni2-300x225.jpg\" alt=\"\" width=\"300\" height=\"225\" srcset=\"https:\/\/qkll.gov.al\/wp-content\/uploads\/2025\/03\/frankfoni2-300x225.jpg 300w, https:\/\/qkll.gov.al\/wp-content\/uploads\/2025\/03\/frankfoni2-1024x768.jpg 1024w, https:\/\/qkll.gov.al\/wp-content\/uploads\/2025\/03\/frankfoni2-768x576.jpg 768w, https:\/\/qkll.gov.al\/wp-content\/uploads\/2025\/03\/frankfoni2.jpg 1280w\" sizes=\"(max-width: 300px) 100vw, 300px\" \/><\/p>\n<p><img decoding=\"async\" class=\"alignnone size-medium wp-image-11229\" src=\"https:\/\/qkll.gov.al\/wp-content\/uploads\/2025\/03\/frankfoni1-300x225.jpg\" alt=\"\" width=\"300\" height=\"225\" srcset=\"https:\/\/qkll.gov.al\/wp-content\/uploads\/2025\/03\/frankfoni1-300x225.jpg 300w, https:\/\/qkll.gov.al\/wp-content\/uploads\/2025\/03\/frankfoni1-1024x768.jpg 1024w, https:\/\/qkll.gov.al\/wp-content\/uploads\/2025\/03\/frankfoni1-768x576.jpg 768w, https:\/\/qkll.gov.al\/wp-content\/uploads\/2025\/03\/frankfoni1.jpg 1280w\" sizes=\"(max-width: 300px) 100vw, 300px\" \/><\/p>\n<p><img decoding=\"async\" class=\"alignnone size-medium wp-image-11231\" src=\"https:\/\/qkll.gov.al\/wp-content\/uploads\/2025\/03\/frankfoni3-300x225.jpg\" alt=\"\" width=\"300\" height=\"225\" srcset=\"https:\/\/qkll.gov.al\/wp-content\/uploads\/2025\/03\/frankfoni3-300x225.jpg 300w, https:\/\/qkll.gov.al\/wp-content\/uploads\/2025\/03\/frankfoni3-1024x768.jpg 1024w, https:\/\/qkll.gov.al\/wp-content\/uploads\/2025\/03\/frankfoni3-768x576.jpg 768w, https:\/\/qkll.gov.al\/wp-content\/uploads\/2025\/03\/frankfoni3-1536x1152.jpg 1536w, https:\/\/qkll.gov.al\/wp-content\/uploads\/2025\/03\/frankfoni3.jpg 1600w\" sizes=\"(max-width: 300px) 100vw, 300px\" \/><\/p>\n<p>&nbsp;<\/p>\n","protected":false},"excerpt":{"rendered":"<p>Nata e leximit &#8220;Z\u00ebrat e grave\u201d Histori frym\u00ebzuese dhe trash\u00ebgimi p\u00ebr t\u00eb festuar Dit\u00ebn e h\u00ebn\u00eb u mbajt n\u00eb Qendr\u00ebn Komb\u00ebtare t\u00eb Librit dhe Leximit nj\u00eb mbr\u00ebmje letrare e cila u quajt edhe nat\u00eb leximi, mes grave e vajzave frankofone. N\u00ebn drejtimin e dekanes s\u00eb Fakultetit te Gjuh\u00ebve t\u00eb Huaja, Esmeralda Kromidha u morr\u00ebn si &hellip;<\/p>\n","protected":false},"author":8,"featured_media":11232,"comment_status":"closed","ping_status":"closed","sticky":false,"template":"","format":"standard","meta":{"footnotes":""},"categories":[31,39],"tags":[],"class_list":["post-11228","post","type-post","status-publish","format-standard","has-post-thumbnail","hentry","category-aktivitete","category-te-rejat"],"_links":{"self":[{"href":"https:\/\/qkll.gov.al\/index.php?rest_route=\/wp\/v2\/posts\/11228","targetHints":{"allow":["GET"]}}],"collection":[{"href":"https:\/\/qkll.gov.al\/index.php?rest_route=\/wp\/v2\/posts"}],"about":[{"href":"https:\/\/qkll.gov.al\/index.php?rest_route=\/wp\/v2\/types\/post"}],"author":[{"embeddable":true,"href":"https:\/\/qkll.gov.al\/index.php?rest_route=\/wp\/v2\/users\/8"}],"replies":[{"embeddable":true,"href":"https:\/\/qkll.gov.al\/index.php?rest_route=%2Fwp%2Fv2%2Fcomments&post=11228"}],"version-history":[{"count":1,"href":"https:\/\/qkll.gov.al\/index.php?rest_route=\/wp\/v2\/posts\/11228\/revisions"}],"predecessor-version":[{"id":11233,"href":"https:\/\/qkll.gov.al\/index.php?rest_route=\/wp\/v2\/posts\/11228\/revisions\/11233"}],"wp:featuredmedia":[{"embeddable":true,"href":"https:\/\/qkll.gov.al\/index.php?rest_route=\/wp\/v2\/media\/11232"}],"wp:attachment":[{"href":"https:\/\/qkll.gov.al\/index.php?rest_route=%2Fwp%2Fv2%2Fmedia&parent=11228"}],"wp:term":[{"taxonomy":"category","embeddable":true,"href":"https:\/\/qkll.gov.al\/index.php?rest_route=%2Fwp%2Fv2%2Fcategories&post=11228"},{"taxonomy":"post_tag","embeddable":true,"href":"https:\/\/qkll.gov.al\/index.php?rest_route=%2Fwp%2Fv2%2Ftags&post=11228"}],"curies":[{"name":"wp","href":"https:\/\/api.w.org\/{rel}","templated":true}]}}