{"id":11174,"date":"2025-02-21T13:42:26","date_gmt":"2025-02-21T12:42:26","guid":{"rendered":"https:\/\/qkll.gov.al\/?p=11174"},"modified":"2025-02-21T13:42:26","modified_gmt":"2025-02-21T12:42:26","slug":"shqipja-perballe-sfidave-te-globalizmit","status":"publish","type":"post","link":"https:\/\/qkll.gov.al\/?p=11174","title":{"rendered":"Shqipja p\u00ebrball\u00eb sfidave t\u00eb globalizmit"},"content":{"rendered":"<p>Qendra Komb\u00ebtare e Librit dhe Leximit organizoi nj\u00eb simpozium n\u00eb Dit\u00ebn Nd\u00ebrkomb\u00ebtare t\u00eb Gjuh\u00ebs Amtare, me pjesmarrjen e shum\u00eb gjuh\u00ebtar\u00ebve, pedagog\u00ebve e studiuesve t\u00eb njohur.<\/p>\n<p>Profesoresh\u00eb Mimoza Kore, Karagjozi referoi mbi autoktonin\u00eb e popullit shqiptar n\u00eb trojet aktuale dhe faktet gjuh\u00ebsore q\u00eb e mb\u00ebshtesin at\u00eb, nd\u00ebrsa profesoresh\u00eb Anila Omari, Xhufi mbajti referatin &#8220;Sa e vjet\u00ebr \u00ebsht\u00eb shqipja dhe si ka ndryshuar ajo&#8221;.<\/p>\n<p>Shqipja \u00ebsht\u00eb nj\u00eb gjuh\u00eb rreth 6 mij\u00eb vje\u00e7are, e shk\u00ebputur nga blloku indoevropian q\u00eb ka ndryshuar t\u00eb m\u00ebdha nd\u00ebr vite, u tha nga gjuh\u00ebtar\u00ebt. Nga studiuesit, u tha se, duhet pun\u00eb p\u00ebr t\u00eb ruajtur autoktonin\u00eb e shqipes dhe p\u00ebrgjigjen ndaj teorive sllave, q\u00eb e c\u00ebnojn\u00eb at\u00eb.<\/p>\n<p>N\u00eb aktivitet u fol edhe p\u00ebr &#8220;p\u00ebrkujdesjen e organizuar shtet\u00ebrore e shoq\u00ebrore, ndaj shqipes&#8221; nga Prof. Dr. Emil Lafe, i cili dha k\u00ebshilla p\u00ebr disiplinimin e gjuh\u00ebs dhe ruajtjen e dinjitetit t\u00eb saj, p\u00ebrmes pasurimit t\u00eb leksikut dhe njehsimit t\u00eb terminologjis\u00eb.<\/p>\n<p>&#8220;Nd\u00ebrgjegj\u00ebsimi p\u00ebr vlerat e shqipes&#8221; titullohej referati i Prof.Dr. Xhevat Lloshit, q\u00eb spjegoi lidhjet mes nd\u00ebrgjegjes dhe gjuh\u00ebs. Sipas tij, ne b\u00ebhemi njer\u00ebz vet\u00ebm prej t\u00eb folurit dhe nd\u00ebrgjegjes, ndaj jemi shqiptar, se flasim shqip.<\/p>\n<p>Prof. Dr. Mimoza Gjokutaj foli rreth sfidave t\u00eb gjuh\u00ebs amtare, n\u00eb lidhje me globalizmin, apo teknologjin\u00eb, p\u00ebrball\u00eb realitetit shum\u00ebgjuh\u00ebsh, p\u00ebr t&#8217;a gjall\u00ebruar at\u00eb.<\/p>\n<p>Profesoresh\u00eb Linda Meniku u p\u00ebrq\u00ebndrua tek shqipja e diaspor\u00ebs p\u00ebrball\u00eb realitetit t\u00eb shum\u00eb gjuh\u00ebsis\u00eb. Studimet jan\u00eb t\u00eb mang\u00ebta, edhe statistikisht, nd\u00ebrsa shtohet nevoja e m\u00ebsimit t\u00eb shqipes ngado n\u00eb Bot\u00eb, sipas mendimit. P<\/p>\n<p>rofesoresh\u00eb Anila Mullahi theksoi r\u00ebnd\u00ebsin\u00eb e let\u00ebrsis\u00eb p\u00ebr zhvillimin e gjuh\u00ebs, p\u00ebr m\u00ebsimin e saj. P\u00ebr t\u00eb, shkrimtar\u00ebt e ruajn\u00eb dhe pasurojn\u00eb gjuh\u00ebn amtare, ndaj tekstet e tyre duhen studiuar m\u00eb thell\u00ebsisht n\u00eb tekstet m\u00ebsimore.<\/p>\n<p><img fetchpriority=\"high\" decoding=\"async\" class=\"alignnone size-medium wp-image-11175\" src=\"https:\/\/qkll.gov.al\/wp-content\/uploads\/2025\/02\/alda-1-300x200.jpeg\" alt=\"\" width=\"300\" height=\"200\" srcset=\"https:\/\/qkll.gov.al\/wp-content\/uploads\/2025\/02\/alda-1-300x200.jpeg 300w, https:\/\/qkll.gov.al\/wp-content\/uploads\/2025\/02\/alda-1-1024x682.jpeg 1024w, https:\/\/qkll.gov.al\/wp-content\/uploads\/2025\/02\/alda-1-768x512.jpeg 768w, https:\/\/qkll.gov.al\/wp-content\/uploads\/2025\/02\/alda-1-1536x1023.jpeg 1536w, https:\/\/qkll.gov.al\/wp-content\/uploads\/2025\/02\/alda-1.jpeg 1600w\" sizes=\"(max-width: 300px) 100vw, 300px\" \/><\/p>\n","protected":false},"excerpt":{"rendered":"<p>Qendra Komb\u00ebtare e Librit dhe Leximit organizoi nj\u00eb simpozium n\u00eb Dit\u00ebn Nd\u00ebrkomb\u00ebtare t\u00eb Gjuh\u00ebs Amtare, me pjesmarrjen e shum\u00eb gjuh\u00ebtar\u00ebve, pedagog\u00ebve e studiuesve t\u00eb njohur. Profesoresh\u00eb Mimoza Kore, Karagjozi referoi mbi autoktonin\u00eb e popullit shqiptar n\u00eb trojet aktuale dhe faktet gjuh\u00ebsore q\u00eb e mb\u00ebshtesin at\u00eb, nd\u00ebrsa profesoresh\u00eb Anila Omari, Xhufi mbajti referatin &#8220;Sa e vjet\u00ebr &hellip;<\/p>\n","protected":false},"author":8,"featured_media":11177,"comment_status":"closed","ping_status":"closed","sticky":false,"template":"","format":"standard","meta":{"footnotes":""},"categories":[31,39],"tags":[],"class_list":["post-11174","post","type-post","status-publish","format-standard","has-post-thumbnail","hentry","category-aktivitete","category-te-rejat"],"_links":{"self":[{"href":"https:\/\/qkll.gov.al\/index.php?rest_route=\/wp\/v2\/posts\/11174","targetHints":{"allow":["GET"]}}],"collection":[{"href":"https:\/\/qkll.gov.al\/index.php?rest_route=\/wp\/v2\/posts"}],"about":[{"href":"https:\/\/qkll.gov.al\/index.php?rest_route=\/wp\/v2\/types\/post"}],"author":[{"embeddable":true,"href":"https:\/\/qkll.gov.al\/index.php?rest_route=\/wp\/v2\/users\/8"}],"replies":[{"embeddable":true,"href":"https:\/\/qkll.gov.al\/index.php?rest_route=%2Fwp%2Fv2%2Fcomments&post=11174"}],"version-history":[{"count":1,"href":"https:\/\/qkll.gov.al\/index.php?rest_route=\/wp\/v2\/posts\/11174\/revisions"}],"predecessor-version":[{"id":11178,"href":"https:\/\/qkll.gov.al\/index.php?rest_route=\/wp\/v2\/posts\/11174\/revisions\/11178"}],"wp:featuredmedia":[{"embeddable":true,"href":"https:\/\/qkll.gov.al\/index.php?rest_route=\/wp\/v2\/media\/11177"}],"wp:attachment":[{"href":"https:\/\/qkll.gov.al\/index.php?rest_route=%2Fwp%2Fv2%2Fmedia&parent=11174"}],"wp:term":[{"taxonomy":"category","embeddable":true,"href":"https:\/\/qkll.gov.al\/index.php?rest_route=%2Fwp%2Fv2%2Fcategories&post=11174"},{"taxonomy":"post_tag","embeddable":true,"href":"https:\/\/qkll.gov.al\/index.php?rest_route=%2Fwp%2Fv2%2Ftags&post=11174"}],"curies":[{"name":"wp","href":"https:\/\/api.w.org\/{rel}","templated":true}]}}