{"id":10946,"date":"2024-10-24T13:14:03","date_gmt":"2024-10-24T11:14:03","guid":{"rendered":"https:\/\/qkll.gov.al\/?p=10946"},"modified":"2024-11-04T13:16:37","modified_gmt":"2024-11-04T12:16:37","slug":"ndahen-cmimet-at-gjergj-fishta-ne-lezhe","status":"publish","type":"post","link":"https:\/\/qkll.gov.al\/?p=10946","title":{"rendered":"Ndahen \u00c7mimet \u201cAt Gjergj Fishta\u201d n\u00eb Lezh\u00eb"},"content":{"rendered":"<p>P\u00ebr t\u00eb kat\u00ebrtin vit radhazi Bashkia Lezh\u00eb n\u00eb bashk\u00ebpunim me Qendr\u00ebn Komb\u00ebtare t\u00eb Librit dhe Leximit, organizon aktivitetin \u201c\u00c7mimet At Gjergj Fishta\u201d.<\/p>\n<p>Ky aktivitet organizohet n\u00eb kuad\u00ebr t\u00eb 153 vjetorit t\u00eb lindjes s\u00eb Homerit shqiptar, poetit ton\u00eb komb\u00ebtar At Gjergj Fisht\u00ebs.<\/p>\n<p>Juria e p\u00ebrber\u00eb nga: Mar\u00e7el Hila, Shpresa Kapisyzi, Frano Kulli n\u00eb mes 34 veprave qe ishin n\u00eb konkurim shpalli fituesit:<\/p>\n<ul>\n<li>\u201c\u00c7mimi At Gjergj Fishta\u201d p\u00ebr v\u00ebllim poetik &#8211; Stefan \u00c7apaliku me vepren \u201cCamera Obscura\u201d<\/li>\n<li>\u201c\u00c7mimi At Gjergj Fishta\u201d p\u00ebr proz\u00eb &#8211; Marash Mirashi me romanin \u201cBrir\u00ebt\u201d<\/li>\n<li>\u201c\u00c7mimi At Gjergj Fishta\u201d p\u00ebr studime letrare- Fatmir To\u00e7i me vepren \u201cArb\u00ebresh\u00ebt, shqiptar\u00ebt e Italis\u00eb\u201d<\/li>\n<li>\u201c\u00c7mimi At Gjergj Fishta\u201d p\u00ebr p\u00ebrkthimin m\u00eb t\u00eb mir\u00eb &#8211; Rudolf Marku me p\u00ebrkthimin e vepres \u201cPoezi\u201d nga Safo<\/li>\n<\/ul>\n<p>U nderuan me \u00e7mime karriere :<\/p>\n<ul>\n<li>Life Hasa me v\u00ebllimin poetik \u201cDit\u00ebt e mia\u201d<\/li>\n<li>Nikoll\u00eb Nje\u00e7i me v\u00ebllimin poetik \u201cLulet e vona\u201d<\/li>\n<li>Ardi Mu\u00e7llari me romanin \u201cRr\u00ebfimi i djalit t\u00eb prap\u00eb \u201c<\/li>\n<\/ul>\n<p>\u00cbsht\u00eb vleresuar me \u00e7mim nderi:<\/p>\n<ul>\n<li>Dr.Liza Brunga me vepren: \u201cKishat e Zadrimes deri n\u00eb prag t\u00eb Kuvendit t\u00ea Arb\u00ebrit\u201d<\/li>\n<\/ul>\n<p>\u00cbsht\u00eb vleresuar me \u00e7mimin Post Mortum: Don Jak Zekaj<\/p>\n<p><img fetchpriority=\"high\" decoding=\"async\" class=\"alignnone size-medium wp-image-10947\" src=\"https:\/\/qkll.gov.al\/wp-content\/uploads\/2024\/11\/f1-300x200.jpg\" alt=\"\" width=\"300\" height=\"200\" srcset=\"https:\/\/qkll.gov.al\/wp-content\/uploads\/2024\/11\/f1-300x200.jpg 300w, https:\/\/qkll.gov.al\/wp-content\/uploads\/2024\/11\/f1-768x512.jpg 768w, https:\/\/qkll.gov.al\/wp-content\/uploads\/2024\/11\/f1.jpg 960w\" sizes=\"(max-width: 300px) 100vw, 300px\" \/> <img decoding=\"async\" class=\"alignnone size-medium wp-image-10948\" src=\"https:\/\/qkll.gov.al\/wp-content\/uploads\/2024\/11\/f2-300x200.jpg\" alt=\"\" width=\"300\" height=\"200\" srcset=\"https:\/\/qkll.gov.al\/wp-content\/uploads\/2024\/11\/f2-300x200.jpg 300w, https:\/\/qkll.gov.al\/wp-content\/uploads\/2024\/11\/f2-768x512.jpg 768w, https:\/\/qkll.gov.al\/wp-content\/uploads\/2024\/11\/f2.jpg 857w\" sizes=\"(max-width: 300px) 100vw, 300px\" \/> <img decoding=\"async\" class=\"alignnone size-medium wp-image-10949\" src=\"https:\/\/qkll.gov.al\/wp-content\/uploads\/2024\/11\/f3-300x200.jpg\" alt=\"\" width=\"300\" height=\"200\" srcset=\"https:\/\/qkll.gov.al\/wp-content\/uploads\/2024\/11\/f3-300x200.jpg 300w, https:\/\/qkll.gov.al\/wp-content\/uploads\/2024\/11\/f3-768x512.jpg 768w, https:\/\/qkll.gov.al\/wp-content\/uploads\/2024\/11\/f3.jpg 857w\" sizes=\"(max-width: 300px) 100vw, 300px\" \/> <img loading=\"lazy\" decoding=\"async\" class=\"alignnone size-medium wp-image-10950\" src=\"https:\/\/qkll.gov.al\/wp-content\/uploads\/2024\/11\/f4-300x200.jpg\" alt=\"\" width=\"300\" height=\"200\" srcset=\"https:\/\/qkll.gov.al\/wp-content\/uploads\/2024\/11\/f4-300x200.jpg 300w, https:\/\/qkll.gov.al\/wp-content\/uploads\/2024\/11\/f4-768x512.jpg 768w, https:\/\/qkll.gov.al\/wp-content\/uploads\/2024\/11\/f4.jpg 857w\" sizes=\"(max-width: 300px) 100vw, 300px\" \/> <img loading=\"lazy\" decoding=\"async\" class=\"alignnone size-medium wp-image-10951\" src=\"https:\/\/qkll.gov.al\/wp-content\/uploads\/2024\/11\/f5-300x200.jpg\" alt=\"\" width=\"300\" height=\"200\" srcset=\"https:\/\/qkll.gov.al\/wp-content\/uploads\/2024\/11\/f5-300x200.jpg 300w, https:\/\/qkll.gov.al\/wp-content\/uploads\/2024\/11\/f5-768x512.jpg 768w, https:\/\/qkll.gov.al\/wp-content\/uploads\/2024\/11\/f5.jpg 857w\" sizes=\"(max-width: 300px) 100vw, 300px\" \/><\/p>\n","protected":false},"excerpt":{"rendered":"<p>P\u00ebr t\u00eb kat\u00ebrtin vit radhazi Bashkia Lezh\u00eb n\u00eb bashk\u00ebpunim me Qendr\u00ebn Komb\u00ebtare t\u00eb Librit dhe Leximit, organizon aktivitetin \u201c\u00c7mimet At Gjergj Fishta\u201d. Ky aktivitet organizohet n\u00eb kuad\u00ebr t\u00eb 153 vjetorit t\u00eb lindjes s\u00eb Homerit shqiptar, poetit ton\u00eb komb\u00ebtar At Gjergj Fisht\u00ebs. Juria e p\u00ebrber\u00eb nga: Mar\u00e7el Hila, Shpresa Kapisyzi, Frano Kulli n\u00eb mes 34 veprave &hellip;<\/p>\n","protected":false},"author":8,"featured_media":10947,"comment_status":"closed","ping_status":"closed","sticky":false,"template":"","format":"standard","meta":{"footnotes":""},"categories":[31,39],"tags":[],"class_list":["post-10946","post","type-post","status-publish","format-standard","has-post-thumbnail","hentry","category-aktivitete","category-te-rejat"],"_links":{"self":[{"href":"https:\/\/qkll.gov.al\/index.php?rest_route=\/wp\/v2\/posts\/10946","targetHints":{"allow":["GET"]}}],"collection":[{"href":"https:\/\/qkll.gov.al\/index.php?rest_route=\/wp\/v2\/posts"}],"about":[{"href":"https:\/\/qkll.gov.al\/index.php?rest_route=\/wp\/v2\/types\/post"}],"author":[{"embeddable":true,"href":"https:\/\/qkll.gov.al\/index.php?rest_route=\/wp\/v2\/users\/8"}],"replies":[{"embeddable":true,"href":"https:\/\/qkll.gov.al\/index.php?rest_route=%2Fwp%2Fv2%2Fcomments&post=10946"}],"version-history":[{"count":1,"href":"https:\/\/qkll.gov.al\/index.php?rest_route=\/wp\/v2\/posts\/10946\/revisions"}],"predecessor-version":[{"id":10952,"href":"https:\/\/qkll.gov.al\/index.php?rest_route=\/wp\/v2\/posts\/10946\/revisions\/10952"}],"wp:featuredmedia":[{"embeddable":true,"href":"https:\/\/qkll.gov.al\/index.php?rest_route=\/wp\/v2\/media\/10947"}],"wp:attachment":[{"href":"https:\/\/qkll.gov.al\/index.php?rest_route=%2Fwp%2Fv2%2Fmedia&parent=10946"}],"wp:term":[{"taxonomy":"category","embeddable":true,"href":"https:\/\/qkll.gov.al\/index.php?rest_route=%2Fwp%2Fv2%2Fcategories&post=10946"},{"taxonomy":"post_tag","embeddable":true,"href":"https:\/\/qkll.gov.al\/index.php?rest_route=%2Fwp%2Fv2%2Ftags&post=10946"}],"curies":[{"name":"wp","href":"https:\/\/api.w.org\/{rel}","templated":true}]}}