{"id":10831,"date":"2024-10-09T11:19:28","date_gmt":"2024-10-09T09:19:28","guid":{"rendered":"https:\/\/qkll.gov.al\/?p=10831"},"modified":"2024-10-21T11:21:36","modified_gmt":"2024-10-21T09:21:36","slug":"tetori-i-librit-forum-ide-me-ben-blushin","status":"publish","type":"post","link":"https:\/\/qkll.gov.al\/?p=10831","title":{"rendered":"Tetori i Librit, Forum-ide me Ben Blushin"},"content":{"rendered":"<p>Shkrimtari Ben Blushi ishte i ftuar n\u00eb Forumet-Ide t\u00eb organizuara nga Qendra Komb\u00ebtare e Librit dhe Leximit n\u00eb kuad\u00ebr t\u00eb tetorit t\u00eb librit.<\/p>\n<p>Romani i tij \u201cKomploti\u201d, kultura n\u00eb kontekste t\u00eb reja kohore, gjuha shqipe, Lufta n\u00eb Ukrain\u00eb, konflikti n\u00eb Lindjen e Mesme, Europa dhe Shqip\u00ebria e 2044, emigracioni,\u00a0 ishin pjes\u00eb e nj\u00eb diskutimi plot vlera.<\/p>\n<p><img fetchpriority=\"high\" decoding=\"async\" class=\"alignnone size-medium wp-image-10833\" src=\"https:\/\/qkll.gov.al\/wp-content\/uploads\/2024\/10\/b2-300x200.jpg\" alt=\"\" width=\"300\" height=\"200\" srcset=\"https:\/\/qkll.gov.al\/wp-content\/uploads\/2024\/10\/b2-300x200.jpg 300w, https:\/\/qkll.gov.al\/wp-content\/uploads\/2024\/10\/b2-768x511.jpg 768w, https:\/\/qkll.gov.al\/wp-content\/uploads\/2024\/10\/b2.jpg 853w\" sizes=\"(max-width: 300px) 100vw, 300px\" \/> <img decoding=\"async\" class=\"alignnone size-medium wp-image-10834\" src=\"https:\/\/qkll.gov.al\/wp-content\/uploads\/2024\/10\/b3-300x200.jpg\" alt=\"\" width=\"300\" height=\"200\" srcset=\"https:\/\/qkll.gov.al\/wp-content\/uploads\/2024\/10\/b3-300x200.jpg 300w, https:\/\/qkll.gov.al\/wp-content\/uploads\/2024\/10\/b3-768x511.jpg 768w, https:\/\/qkll.gov.al\/wp-content\/uploads\/2024\/10\/b3.jpg 853w\" sizes=\"(max-width: 300px) 100vw, 300px\" \/> <img decoding=\"async\" class=\"alignnone size-medium wp-image-10835\" src=\"https:\/\/qkll.gov.al\/wp-content\/uploads\/2024\/10\/b4-300x200.jpg\" alt=\"\" width=\"300\" height=\"200\" srcset=\"https:\/\/qkll.gov.al\/wp-content\/uploads\/2024\/10\/b4-300x200.jpg 300w, https:\/\/qkll.gov.al\/wp-content\/uploads\/2024\/10\/b4-768x511.jpg 768w, https:\/\/qkll.gov.al\/wp-content\/uploads\/2024\/10\/b4.jpg 853w\" sizes=\"(max-width: 300px) 100vw, 300px\" \/> <img loading=\"lazy\" decoding=\"async\" class=\"alignnone size-medium wp-image-10836\" src=\"https:\/\/qkll.gov.al\/wp-content\/uploads\/2024\/10\/b5-300x200.jpg\" alt=\"\" width=\"300\" height=\"200\" srcset=\"https:\/\/qkll.gov.al\/wp-content\/uploads\/2024\/10\/b5-300x200.jpg 300w, https:\/\/qkll.gov.al\/wp-content\/uploads\/2024\/10\/b5-768x511.jpg 768w, https:\/\/qkll.gov.al\/wp-content\/uploads\/2024\/10\/b5.jpg 853w\" sizes=\"(max-width: 300px) 100vw, 300px\" \/> <img loading=\"lazy\" decoding=\"async\" class=\"alignnone size-medium wp-image-10837\" src=\"https:\/\/qkll.gov.al\/wp-content\/uploads\/2024\/10\/b6-300x200.jpg\" alt=\"\" width=\"300\" height=\"200\" srcset=\"https:\/\/qkll.gov.al\/wp-content\/uploads\/2024\/10\/b6-300x200.jpg 300w, https:\/\/qkll.gov.al\/wp-content\/uploads\/2024\/10\/b6-768x511.jpg 768w, https:\/\/qkll.gov.al\/wp-content\/uploads\/2024\/10\/b6.jpg 853w\" sizes=\"(max-width: 300px) 100vw, 300px\" \/><\/p>\n","protected":false},"excerpt":{"rendered":"<p>Shkrimtari Ben Blushi ishte i ftuar n\u00eb Forumet-Ide t\u00eb organizuara nga Qendra Komb\u00ebtare e Librit dhe Leximit n\u00eb kuad\u00ebr t\u00eb tetorit t\u00eb librit. Romani i tij \u201cKomploti\u201d, kultura n\u00eb kontekste t\u00eb reja kohore, gjuha shqipe, Lufta n\u00eb Ukrain\u00eb, konflikti n\u00eb Lindjen e Mesme, Europa dhe Shqip\u00ebria e 2044, emigracioni,\u00a0 ishin pjes\u00eb e nj\u00eb diskutimi plot &hellip;<\/p>\n","protected":false},"author":8,"featured_media":10836,"comment_status":"closed","ping_status":"closed","sticky":false,"template":"","format":"standard","meta":{"footnotes":""},"categories":[31,39],"tags":[],"class_list":["post-10831","post","type-post","status-publish","format-standard","has-post-thumbnail","hentry","category-aktivitete","category-te-rejat"],"_links":{"self":[{"href":"https:\/\/qkll.gov.al\/index.php?rest_route=\/wp\/v2\/posts\/10831","targetHints":{"allow":["GET"]}}],"collection":[{"href":"https:\/\/qkll.gov.al\/index.php?rest_route=\/wp\/v2\/posts"}],"about":[{"href":"https:\/\/qkll.gov.al\/index.php?rest_route=\/wp\/v2\/types\/post"}],"author":[{"embeddable":true,"href":"https:\/\/qkll.gov.al\/index.php?rest_route=\/wp\/v2\/users\/8"}],"replies":[{"embeddable":true,"href":"https:\/\/qkll.gov.al\/index.php?rest_route=%2Fwp%2Fv2%2Fcomments&post=10831"}],"version-history":[{"count":1,"href":"https:\/\/qkll.gov.al\/index.php?rest_route=\/wp\/v2\/posts\/10831\/revisions"}],"predecessor-version":[{"id":10838,"href":"https:\/\/qkll.gov.al\/index.php?rest_route=\/wp\/v2\/posts\/10831\/revisions\/10838"}],"wp:featuredmedia":[{"embeddable":true,"href":"https:\/\/qkll.gov.al\/index.php?rest_route=\/wp\/v2\/media\/10836"}],"wp:attachment":[{"href":"https:\/\/qkll.gov.al\/index.php?rest_route=%2Fwp%2Fv2%2Fmedia&parent=10831"}],"wp:term":[{"taxonomy":"category","embeddable":true,"href":"https:\/\/qkll.gov.al\/index.php?rest_route=%2Fwp%2Fv2%2Fcategories&post=10831"},{"taxonomy":"post_tag","embeddable":true,"href":"https:\/\/qkll.gov.al\/index.php?rest_route=%2Fwp%2Fv2%2Ftags&post=10831"}],"curies":[{"name":"wp","href":"https:\/\/api.w.org\/{rel}","templated":true}]}}