{"id":10786,"date":"2024-07-11T10:34:02","date_gmt":"2024-07-11T08:34:02","guid":{"rendered":"https:\/\/qkll.gov.al\/?p=10786"},"modified":"2024-07-17T10:43:46","modified_gmt":"2024-07-17T08:43:46","slug":"varg-festival-ne-qytetin-e-pogradecit","status":"publish","type":"post","link":"https:\/\/qkll.gov.al\/?p=10786","title":{"rendered":"\u201cVarg Festival\u201d n\u00eb qytetin e Pogradecit"},"content":{"rendered":"<p>Rikthehet n\u00eb edicionin e dyt\u00eb Varg Festival, nj\u00eb festival poezie i iniciuar nga Qendra Komb\u00ebtare e Librit dhe Leximit nj\u00eb vit m\u00eb par\u00eb p\u00ebr t\u00eb rikthyer v\u00ebmendjen te vargu dhe autor\u00ebt shqiptar\u00eb.<\/p>\n<p>Varg festival hapi siparin n\u00eb qytetin e Pogradecit p\u00ebr t\u00eb vazhduar nj\u00eb maraton\u00eb aktivitetesh letrare edhe n\u00eb qytete t\u00eb tjera turistike t\u00eb vendit.<\/p>\n<p>Takimi i par\u00eb u mbajt m\u00eb 10 korrik n\u00eb or\u00ebn 19.00 n\u00eb Lulishten e Tr\u00ebndafilave n\u00eb Pogradec me t\u00eb ftuar n\u00eb panel autor\u00eb t\u00eb rinj t\u00eb qytetit dhe jo vet\u00ebm. Nj\u00eb takim dedikuar shkrimit dhe leximit t\u00eb poezis\u00eb.<\/p>\n<p><img fetchpriority=\"high\" decoding=\"async\" class=\"alignnone size-medium wp-image-10787\" src=\"https:\/\/qkll.gov.al\/wp-content\/uploads\/2024\/07\/f4-300x225.jpg\" alt=\"\" width=\"300\" height=\"225\" srcset=\"https:\/\/qkll.gov.al\/wp-content\/uploads\/2024\/07\/f4-300x225.jpg 300w, https:\/\/qkll.gov.al\/wp-content\/uploads\/2024\/07\/f4-1024x768.jpg 1024w, https:\/\/qkll.gov.al\/wp-content\/uploads\/2024\/07\/f4-768x576.jpg 768w, https:\/\/qkll.gov.al\/wp-content\/uploads\/2024\/07\/f4.jpg 1440w\" sizes=\"(max-width: 300px) 100vw, 300px\" \/> <img decoding=\"async\" class=\"alignnone size-medium wp-image-10788\" src=\"https:\/\/qkll.gov.al\/wp-content\/uploads\/2024\/07\/f5-300x225.jpg\" alt=\"\" width=\"300\" height=\"225\" srcset=\"https:\/\/qkll.gov.al\/wp-content\/uploads\/2024\/07\/f5-300x225.jpg 300w, https:\/\/qkll.gov.al\/wp-content\/uploads\/2024\/07\/f5-1024x768.jpg 1024w, https:\/\/qkll.gov.al\/wp-content\/uploads\/2024\/07\/f5-768x576.jpg 768w, https:\/\/qkll.gov.al\/wp-content\/uploads\/2024\/07\/f5.jpg 1440w\" sizes=\"(max-width: 300px) 100vw, 300px\" \/> <img decoding=\"async\" class=\"alignnone size-medium wp-image-10789\" src=\"https:\/\/qkll.gov.al\/wp-content\/uploads\/2024\/07\/f6-300x225.jpg\" alt=\"\" width=\"300\" height=\"225\" srcset=\"https:\/\/qkll.gov.al\/wp-content\/uploads\/2024\/07\/f6-300x225.jpg 300w, https:\/\/qkll.gov.al\/wp-content\/uploads\/2024\/07\/f6-1024x768.jpg 1024w, https:\/\/qkll.gov.al\/wp-content\/uploads\/2024\/07\/f6-768x576.jpg 768w, https:\/\/qkll.gov.al\/wp-content\/uploads\/2024\/07\/f6.jpg 1440w\" sizes=\"(max-width: 300px) 100vw, 300px\" \/><\/p>\n<p>&nbsp;<\/p>\n","protected":false},"excerpt":{"rendered":"<p>Rikthehet n\u00eb edicionin e dyt\u00eb Varg Festival, nj\u00eb festival poezie i iniciuar nga Qendra Komb\u00ebtare e Librit dhe Leximit nj\u00eb vit m\u00eb par\u00eb p\u00ebr t\u00eb rikthyer v\u00ebmendjen te vargu dhe autor\u00ebt shqiptar\u00eb. Varg festival hapi siparin n\u00eb qytetin e Pogradecit p\u00ebr t\u00eb vazhduar nj\u00eb maraton\u00eb aktivitetesh letrare edhe n\u00eb qytete t\u00eb tjera turistike t\u00eb vendit. &hellip;<\/p>\n","protected":false},"author":8,"featured_media":10788,"comment_status":"closed","ping_status":"closed","sticky":false,"template":"","format":"standard","meta":{"footnotes":""},"categories":[31,39],"tags":[],"class_list":["post-10786","post","type-post","status-publish","format-standard","has-post-thumbnail","hentry","category-aktivitete","category-te-rejat"],"_links":{"self":[{"href":"https:\/\/qkll.gov.al\/index.php?rest_route=\/wp\/v2\/posts\/10786","targetHints":{"allow":["GET"]}}],"collection":[{"href":"https:\/\/qkll.gov.al\/index.php?rest_route=\/wp\/v2\/posts"}],"about":[{"href":"https:\/\/qkll.gov.al\/index.php?rest_route=\/wp\/v2\/types\/post"}],"author":[{"embeddable":true,"href":"https:\/\/qkll.gov.al\/index.php?rest_route=\/wp\/v2\/users\/8"}],"replies":[{"embeddable":true,"href":"https:\/\/qkll.gov.al\/index.php?rest_route=%2Fwp%2Fv2%2Fcomments&post=10786"}],"version-history":[{"count":1,"href":"https:\/\/qkll.gov.al\/index.php?rest_route=\/wp\/v2\/posts\/10786\/revisions"}],"predecessor-version":[{"id":10790,"href":"https:\/\/qkll.gov.al\/index.php?rest_route=\/wp\/v2\/posts\/10786\/revisions\/10790"}],"wp:featuredmedia":[{"embeddable":true,"href":"https:\/\/qkll.gov.al\/index.php?rest_route=\/wp\/v2\/media\/10788"}],"wp:attachment":[{"href":"https:\/\/qkll.gov.al\/index.php?rest_route=%2Fwp%2Fv2%2Fmedia&parent=10786"}],"wp:term":[{"taxonomy":"category","embeddable":true,"href":"https:\/\/qkll.gov.al\/index.php?rest_route=%2Fwp%2Fv2%2Fcategories&post=10786"},{"taxonomy":"post_tag","embeddable":true,"href":"https:\/\/qkll.gov.al\/index.php?rest_route=%2Fwp%2Fv2%2Ftags&post=10786"}],"curies":[{"name":"wp","href":"https:\/\/api.w.org\/{rel}","templated":true}]}}