{"id":10409,"date":"2023-07-20T12:42:17","date_gmt":"2023-07-20T10:42:17","guid":{"rendered":"https:\/\/qkll.gov.al\/?p=10409"},"modified":"2023-07-20T12:42:17","modified_gmt":"2023-07-20T10:42:17","slug":"varg-festival-ne-durres-2","status":"publish","type":"post","link":"https:\/\/qkll.gov.al\/?p=10409","title":{"rendered":"Varg Festival n\u00eb Durr\u00ebs"},"content":{"rendered":"<div dir=\"auto\"><a class=\"x1i10hfl xjbqb8w x6umtig x1b1mbwd xaqea5y xav7gou x9f619 x1ypdohk xt0psk2 xe8uvvx xdj266r x11i5rnm xat24cr x1mh8g0r xexx8yu x4uap5 x18d9i69 xkhd6sd x16tdsg8 x1hl2dhg xggy1nq x1a2a7pz xt0b8zv x1qq9wsj xo1l8bm\" tabindex=\"0\" role=\"link\" href=\"https:\/\/www.facebook.com\/hashtag\/vargfestival?__eep__=6&amp;__cft__[0]=AZU7aiMOLMoGpApJza4Wsq4iXho-D2vL8Mks53TFwNxBB_XKjdm454FpYsUoJCK8klROAdJyfJYPSfxfmniCv60a476irplhfZFRf5flImZALWCNIGh-sCUZE6W039PNPtARLz8MGqYNAVW4MRrTzC_uN15nTuVtaGsHZfGD2eLxD2qZOvlGHO9taAgY8pYA5I8&amp;__tn__=*NK-R\">Varg Festival<\/a> hapi siparin\u00a0 n\u00eb Torr\u00ebn Veneciane, n\u00eb Durr\u00ebs, n\u00ebn pranin\u00eb e Ministres s\u00eb Kultur\u00ebs Elva Margariti, Kryetares s\u00eb Bashkis\u00eb s\u00eb Durr\u00ebsit Emiriana Sako, me nj\u00eb mbr\u00ebmje me autor\u00eb nga Kosova<span class=\"x3nfvp2 x1j61x8r x1fcty0u xdj266r xhhsvwb xat24cr xgzva0m xxymvpz xlup9mm x1kky2od\"><img decoding=\"async\" src=\"https:\/\/static.xx.fbcdn.net\/images\/emoji.php\/v9\/tce\/1\/16\/1f1fd_1f1f0.png\" alt=\"\ud83c\uddfd\ud83c\uddf0\" width=\"16\" height=\"16\" \/><\/span><\/div>\n<div dir=\"auto\">Ag Apolloni, Sibel Halimi dhe Arb\u00ebr Selmani, erdh\u00ebn n\u00eb nj\u00eb bised\u00eb mbi let\u00ebrsin\u00eb bashk\u00ebkohore shqipe, tradit\u00ebn, kujtes\u00ebn apo val\u00ebt e feminizmit.<\/div>\n<p>&nbsp;<\/p>\n<p><img fetchpriority=\"high\" decoding=\"async\" class=\"alignnone size-medium wp-image-10405\" src=\"https:\/\/qkll.gov.al\/wp-content\/uploads\/2023\/07\/fotovarg3-300x200.jpg\" alt=\"\" width=\"300\" height=\"200\" srcset=\"https:\/\/qkll.gov.al\/wp-content\/uploads\/2023\/07\/fotovarg3-300x200.jpg 300w, https:\/\/qkll.gov.al\/wp-content\/uploads\/2023\/07\/fotovarg3-768x512.jpg 768w, https:\/\/qkll.gov.al\/wp-content\/uploads\/2023\/07\/fotovarg3.jpg 1024w\" sizes=\"(max-width: 300px) 100vw, 300px\" \/><img decoding=\"async\" class=\"alignnone size-medium wp-image-10401\" src=\"https:\/\/qkll.gov.al\/wp-content\/uploads\/2023\/07\/foto-vargdurres1-300x200.jpg\" alt=\"\" width=\"300\" height=\"200\" srcset=\"https:\/\/qkll.gov.al\/wp-content\/uploads\/2023\/07\/foto-vargdurres1-300x200.jpg 300w, https:\/\/qkll.gov.al\/wp-content\/uploads\/2023\/07\/foto-vargdurres1-768x512.jpg 768w, https:\/\/qkll.gov.al\/wp-content\/uploads\/2023\/07\/foto-vargdurres1.jpg 1024w\" sizes=\"(max-width: 300px) 100vw, 300px\" \/><img loading=\"lazy\" decoding=\"async\" class=\"alignnone size-medium wp-image-10404\" src=\"https:\/\/qkll.gov.al\/wp-content\/uploads\/2023\/07\/fotovarg5-300x200.jpg\" alt=\"\" width=\"300\" height=\"200\" srcset=\"https:\/\/qkll.gov.al\/wp-content\/uploads\/2023\/07\/fotovarg5-300x200.jpg 300w, https:\/\/qkll.gov.al\/wp-content\/uploads\/2023\/07\/fotovarg5-768x512.jpg 768w, https:\/\/qkll.gov.al\/wp-content\/uploads\/2023\/07\/fotovarg5.jpg 1024w\" sizes=\"(max-width: 300px) 100vw, 300px\" \/><img loading=\"lazy\" decoding=\"async\" class=\"alignnone size-medium wp-image-10403\" src=\"https:\/\/qkll.gov.al\/wp-content\/uploads\/2023\/07\/fotovarg6-300x200.jpg\" alt=\"\" width=\"300\" height=\"200\" srcset=\"https:\/\/qkll.gov.al\/wp-content\/uploads\/2023\/07\/fotovarg6-300x200.jpg 300w, https:\/\/qkll.gov.al\/wp-content\/uploads\/2023\/07\/fotovarg6-768x512.jpg 768w, https:\/\/qkll.gov.al\/wp-content\/uploads\/2023\/07\/fotovarg6.jpg 1024w\" sizes=\"(max-width: 300px) 100vw, 300px\" \/><img loading=\"lazy\" decoding=\"async\" class=\"alignnone size-medium wp-image-10402\" src=\"https:\/\/qkll.gov.al\/wp-content\/uploads\/2023\/07\/fotovarg7-300x200.jpg\" alt=\"\" width=\"300\" height=\"200\" srcset=\"https:\/\/qkll.gov.al\/wp-content\/uploads\/2023\/07\/fotovarg7-300x200.jpg 300w, https:\/\/qkll.gov.al\/wp-content\/uploads\/2023\/07\/fotovarg7-768x512.jpg 768w, https:\/\/qkll.gov.al\/wp-content\/uploads\/2023\/07\/fotovarg7.jpg 1024w\" sizes=\"(max-width: 300px) 100vw, 300px\" \/><img loading=\"lazy\" decoding=\"async\" class=\"alignnone size-medium wp-image-10410\" src=\"https:\/\/qkll.gov.al\/wp-content\/uploads\/2023\/07\/vargfoto-300x200.jpg\" alt=\"\" width=\"300\" height=\"200\" srcset=\"https:\/\/qkll.gov.al\/wp-content\/uploads\/2023\/07\/vargfoto-300x200.jpg 300w, https:\/\/qkll.gov.al\/wp-content\/uploads\/2023\/07\/vargfoto-768x512.jpg 768w, https:\/\/qkll.gov.al\/wp-content\/uploads\/2023\/07\/vargfoto.jpg 1024w\" sizes=\"(max-width: 300px) 100vw, 300px\" \/><\/p>\n","protected":false},"excerpt":{"rendered":"<p>Varg Festival hapi siparin\u00a0 n\u00eb Torr\u00ebn Veneciane, n\u00eb Durr\u00ebs, n\u00ebn pranin\u00eb e Ministres s\u00eb Kultur\u00ebs Elva Margariti, Kryetares s\u00eb Bashkis\u00eb s\u00eb Durr\u00ebsit Emiriana Sako, me nj\u00eb mbr\u00ebmje me autor\u00eb nga Kosova Ag Apolloni, Sibel Halimi dhe Arb\u00ebr Selmani, erdh\u00ebn n\u00eb nj\u00eb bised\u00eb mbi let\u00ebrsin\u00eb bashk\u00ebkohore shqipe, tradit\u00ebn, kujtes\u00ebn apo val\u00ebt e feminizmit. &nbsp;<\/p>\n","protected":false},"author":1,"featured_media":10410,"comment_status":"closed","ping_status":"closed","sticky":false,"template":"","format":"standard","meta":{"footnotes":""},"categories":[31,39],"tags":[],"class_list":["post-10409","post","type-post","status-publish","format-standard","has-post-thumbnail","hentry","category-aktivitete","category-te-rejat"],"_links":{"self":[{"href":"https:\/\/qkll.gov.al\/index.php?rest_route=\/wp\/v2\/posts\/10409","targetHints":{"allow":["GET"]}}],"collection":[{"href":"https:\/\/qkll.gov.al\/index.php?rest_route=\/wp\/v2\/posts"}],"about":[{"href":"https:\/\/qkll.gov.al\/index.php?rest_route=\/wp\/v2\/types\/post"}],"author":[{"embeddable":true,"href":"https:\/\/qkll.gov.al\/index.php?rest_route=\/wp\/v2\/users\/1"}],"replies":[{"embeddable":true,"href":"https:\/\/qkll.gov.al\/index.php?rest_route=%2Fwp%2Fv2%2Fcomments&post=10409"}],"version-history":[{"count":1,"href":"https:\/\/qkll.gov.al\/index.php?rest_route=\/wp\/v2\/posts\/10409\/revisions"}],"predecessor-version":[{"id":10411,"href":"https:\/\/qkll.gov.al\/index.php?rest_route=\/wp\/v2\/posts\/10409\/revisions\/10411"}],"wp:featuredmedia":[{"embeddable":true,"href":"https:\/\/qkll.gov.al\/index.php?rest_route=\/wp\/v2\/media\/10410"}],"wp:attachment":[{"href":"https:\/\/qkll.gov.al\/index.php?rest_route=%2Fwp%2Fv2%2Fmedia&parent=10409"}],"wp:term":[{"taxonomy":"category","embeddable":true,"href":"https:\/\/qkll.gov.al\/index.php?rest_route=%2Fwp%2Fv2%2Fcategories&post=10409"},{"taxonomy":"post_tag","embeddable":true,"href":"https:\/\/qkll.gov.al\/index.php?rest_route=%2Fwp%2Fv2%2Ftags&post=10409"}],"curies":[{"name":"wp","href":"https:\/\/api.w.org\/{rel}","templated":true}]}}