{"id":10342,"date":"2023-07-07T10:10:28","date_gmt":"2023-07-07T08:10:28","guid":{"rendered":"https:\/\/qkll.gov.al\/?p=10342"},"modified":"2023-07-07T10:42:29","modified_gmt":"2023-07-07T08:42:29","slug":"ceremonia-e-shpalljes-se-fondit-te-krijimtarise-letrare-per-femije","status":"publish","type":"post","link":"https:\/\/qkll.gov.al\/?p=10342","title":{"rendered":"Ceremonia e shpalljes s\u00eb &#8220;Fondit t\u00eb krijimtaris\u00eb letrare p\u00ebr f\u00ebmij\u00eb&#8221;"},"content":{"rendered":"\t\t<div data-elementor-type=\"wp-post\" data-elementor-id=\"10342\" class=\"elementor elementor-10342\" data-elementor-post-type=\"post\">\n\t\t\t\t\t\t<section class=\"elementor-section elementor-top-section elementor-element elementor-element-f233c2f elementor-section-boxed elementor-section-height-default elementor-section-height-default\" data-id=\"f233c2f\" data-element_type=\"section\">\n\t\t\t\t\t\t<div class=\"elementor-container elementor-column-gap-default\">\n\t\t\t\t\t<div class=\"elementor-column elementor-col-100 elementor-top-column elementor-element elementor-element-5ec7d3c1\" data-id=\"5ec7d3c1\" data-element_type=\"column\">\n\t\t\t<div class=\"elementor-widget-wrap elementor-element-populated\">\n\t\t\t\t\t\t<div class=\"elementor-element elementor-element-7bb1a594 elementor-widget elementor-widget-text-editor\" data-id=\"7bb1a594\" data-element_type=\"widget\" data-widget_type=\"text-editor.default\">\n\t\t\t\t<div class=\"elementor-widget-container\">\n\t\t\t\t\t\t\t\t\t<div class=\"xdj266r x11i5rnm xat24cr x1mh8g0r x1vvkbs x126k92a\">\n<div dir=\"auto\">U ndan\u00eb pran\u00eb QKLL-s\u00eb\u00a0vler\u00ebsimet p\u00ebr 3 veprat e reja t\u00eb let\u00ebrsis\u00eb p\u00ebr f\u00ebmij\u00eb q\u00eb do t\u00eb mb\u00ebshteten nga QKLL.<\/div>\n<div dir=\"auto\">10 dor\u00ebshkrime u dor\u00ebzuan n\u00eb k\u00ebt\u00eb Fond, i cili u gjykua nga nj\u00eb juri e kryesuar nga shkrimtari Fatmir Gjestila dhe an\u00ebtar\u00eb Anisa Ymeri dhe Majlinda Nana.<\/div>\n<div dir=\"auto\">3 vepra do t\u00eb jen\u00eb n\u00eb duart e lexuesit t\u00eb vog\u00ebl brenda vitit 2023, si m\u00eb posht\u00eb:<\/div>\n<\/div>\n<div class=\"x11i5rnm xat24cr x1mh8g0r x1vvkbs xtlvy1s x126k92a\">\n<div dir=\"auto\"><span class=\"x3nfvp2 x1j61x8r x1fcty0u xdj266r xhhsvwb xat24cr xgzva0m xxymvpz xlup9mm x1kky2od\"><img decoding=\"async\" src=\"https:\/\/static.xx.fbcdn.net\/images\/emoji.php\/v9\/t49\/1\/16\/1f4da.png\" alt=\"\ud83d\udcda\" width=\"16\" height=\"16\" \/><\/span>Teuta Dhimarko Kasoruho<\/div>\n<\/div>\n<div class=\"x11i5rnm xat24cr x1mh8g0r x1vvkbs xtlvy1s x126k92a\">\n<div dir=\"auto\">Me librin \u201cAventura e Bebit\u201d, p\u00ebr nj\u00eb gjetje t\u00eb k\u00ebrkuar dhe mjaft interesante ku n\u00ebp\u00ebrmjet nj\u00eb rr\u00ebfimi dhe nj\u00eb dialogu t\u00eb zhd\u00ebrvjellt\u00eb, t\u00eb ngroht\u00eb, t\u00eb shpejt\u00eb e t\u00eb kursyer, p\u00ebrcillet tek f\u00ebmij\u00ebt e mosh\u00ebs fillestare shkollore.<\/div>\n<\/div>\n<div class=\"x11i5rnm xat24cr x1mh8g0r x1vvkbs xtlvy1s x126k92a\">\n<div dir=\"auto\"><span class=\"x3nfvp2 x1j61x8r x1fcty0u xdj266r xhhsvwb xat24cr xgzva0m xxymvpz xlup9mm x1kky2od\"><img decoding=\"async\" src=\"https:\/\/static.xx.fbcdn.net\/images\/emoji.php\/v9\/t49\/1\/16\/1f4da.png\" alt=\"\ud83d\udcda\" width=\"16\" height=\"16\" \/><\/span>Rovena Rrozhani<\/div>\n<\/div>\n<div class=\"x11i5rnm xat24cr x1mh8g0r x1vvkbs xtlvy1s x126k92a\">\n<div dir=\"auto\">Me librin \u201cArinjt\u00eb duan t\u00eb fluturojn\u00eb\u201d, shkruar n\u00eb p\u00ebrshtatshm\u00ebri me mosh\u00ebn e f\u00ebmij\u00ebve, p\u00ebrmes nj\u00eb rr\u00ebfimi t\u00eb zhd\u00ebrvjell\u00ebt, p\u00ebrjetimit t\u00eb personazheve dhe nj\u00eb informacioni t\u00eb t\u00ebrthort\u00eb, duk\u00eb p\u00ebr\u00e7uar mesazhe t\u00eb qarta si thirrje p\u00ebr mbrojtjen e kafsh\u00ebve dhe t\u00eb mjedisit t\u00eb tyre natyror.<\/div>\n<\/div>\n<div class=\"x11i5rnm xat24cr x1mh8g0r x1vvkbs xtlvy1s x126k92a\">\n<div dir=\"auto\"><span class=\"x3nfvp2 x1j61x8r x1fcty0u xdj266r xhhsvwb xat24cr xgzva0m xxymvpz xlup9mm x1kky2od\"><img decoding=\"async\" src=\"https:\/\/static.xx.fbcdn.net\/images\/emoji.php\/v9\/t49\/1\/16\/1f4da.png\" alt=\"\ud83d\udcda\" width=\"16\" height=\"16\" \/><\/span><\/div>\n<div dir=\"auto\">Xhahid Bushati<\/div>\n<\/div>\n<div class=\"x11i5rnm xat24cr x1mh8g0r x1vvkbs xtlvy1s x126k92a\">\n<div dir=\"auto\">Me librin \u201cAlfabeti i Blet\u00ebs\u201d, p\u00ebr vargun dhe figuracionin e thjesht\u00eb, gazmor e lod\u00ebrtar p\u00ebr mosh\u00ebn e f\u00ebmij\u00ebve t\u00eb arsimit fillestar, ku poemthat e k\u00ebtij libri p\u00ebrcjellin k\u00ebndsh\u00ebm dashurin\u00eb p\u00ebr natyr\u00ebn, si nj\u00eb thirrje p\u00ebr t\u00eb qen\u00eb m\u00eb shum\u00eb pran\u00eb saj.<\/div>\n<\/div>\t\t\t\t\t\t\t\t<\/div>\n\t\t\t\t<\/div>\n\t\t\t\t\t<\/div>\n\t\t<\/div>\n\t\t\t\t\t<\/div>\n\t\t<\/section>\n\t\t\t\t<\/div>\n\t\t","protected":false},"excerpt":{"rendered":"<p>U ndan\u00eb pran\u00eb QKLL-s\u00eb\u00a0vler\u00ebsimet p\u00ebr 3 veprat e reja t\u00eb let\u00ebrsis\u00eb p\u00ebr f\u00ebmij\u00eb q\u00eb do t\u00eb mb\u00ebshteten nga QKLL. 10 dor\u00ebshkrime u dor\u00ebzuan n\u00eb k\u00ebt\u00eb Fond, i cili u gjykua nga nj\u00eb juri e kryesuar nga shkrimtari Fatmir Gjestila dhe an\u00ebtar\u00eb Anisa Ymeri dhe Majlinda Nana. 3 vepra do t\u00eb jen\u00eb n\u00eb duart e lexuesit &hellip;<\/p>\n","protected":false},"author":1,"featured_media":10343,"comment_status":"closed","ping_status":"closed","sticky":false,"template":"","format":"standard","meta":{"footnotes":""},"categories":[31,39],"tags":[],"class_list":["post-10342","post","type-post","status-publish","format-standard","has-post-thumbnail","hentry","category-aktivitete","category-te-rejat"],"_links":{"self":[{"href":"https:\/\/qkll.gov.al\/index.php?rest_route=\/wp\/v2\/posts\/10342","targetHints":{"allow":["GET"]}}],"collection":[{"href":"https:\/\/qkll.gov.al\/index.php?rest_route=\/wp\/v2\/posts"}],"about":[{"href":"https:\/\/qkll.gov.al\/index.php?rest_route=\/wp\/v2\/types\/post"}],"author":[{"embeddable":true,"href":"https:\/\/qkll.gov.al\/index.php?rest_route=\/wp\/v2\/users\/1"}],"replies":[{"embeddable":true,"href":"https:\/\/qkll.gov.al\/index.php?rest_route=%2Fwp%2Fv2%2Fcomments&post=10342"}],"version-history":[{"count":4,"href":"https:\/\/qkll.gov.al\/index.php?rest_route=\/wp\/v2\/posts\/10342\/revisions"}],"predecessor-version":[{"id":10365,"href":"https:\/\/qkll.gov.al\/index.php?rest_route=\/wp\/v2\/posts\/10342\/revisions\/10365"}],"wp:featuredmedia":[{"embeddable":true,"href":"https:\/\/qkll.gov.al\/index.php?rest_route=\/wp\/v2\/media\/10343"}],"wp:attachment":[{"href":"https:\/\/qkll.gov.al\/index.php?rest_route=%2Fwp%2Fv2%2Fmedia&parent=10342"}],"wp:term":[{"taxonomy":"category","embeddable":true,"href":"https:\/\/qkll.gov.al\/index.php?rest_route=%2Fwp%2Fv2%2Fcategories&post=10342"},{"taxonomy":"post_tag","embeddable":true,"href":"https:\/\/qkll.gov.al\/index.php?rest_route=%2Fwp%2Fv2%2Ftags&post=10342"}],"curies":[{"name":"wp","href":"https:\/\/api.w.org\/{rel}","templated":true}]}}