{"id":10130,"date":"2023-04-06T15:22:27","date_gmt":"2023-04-06T13:22:27","guid":{"rendered":"https:\/\/qkll.gov.al\/?p=10130"},"modified":"2023-04-19T10:51:05","modified_gmt":"2023-04-19T08:51:05","slug":"nenshkrimi-i-marreveshjes-se-bashkepunimit-midis-qkll-se-dhe-qendres-kombetare-te-kinematografise","status":"publish","type":"post","link":"https:\/\/qkll.gov.al\/?p=10130","title":{"rendered":"N\u00ebnshkrimi i Marr\u00ebveshjes s\u00eb Bashk\u00ebpunimit midis  QKLL-s\u00eb dhe Qendr\u00ebs Komb\u00ebtare t\u00eb Kinematografis\u00eb"},"content":{"rendered":"<div class=\"x11i5rnm xat24cr x1mh8g0r x1vvkbs xdj266r x126k92a\">\n<div dir=\"auto\">Qendra Komb\u00ebtare e Librit dhe Leximit dhe Qendra Komb\u00ebtare e Kinematografis\u00eb n\u00ebnshkruan sot nj\u00eb marr\u00ebveshje bashk\u00ebpunimi, e cila synon t\u00eb rikthej\u00eb v\u00ebmendjen te vlerat m\u00eb t\u00eb mira t\u00eb let\u00ebrsis\u00eb shqipe, si l\u00ebnda e par\u00eb n\u00eb shkrimin e nj\u00eb skenari.<\/div>\n<div dir=\"auto\"><\/div>\n<div dir=\"auto\">Marr\u00ebveshja u n\u00ebnshkrua nga z. Eduart Makri, Kryetar i QKK-s\u00eb dhe znj. Alda Bardhyli, drejtore e QKLL-s\u00eb n\u00eb prani t\u00eb njer\u00ebzve t\u00eb kultur\u00ebs.<\/div>\n<div dir=\"auto\"><\/div>\n<div dir=\"auto\">P\u00ebrmes k\u00ebsaj marr\u00ebveshjeje pal\u00ebt angazhohen nd\u00ebr t\u00eb tjera n\u00eb:<\/div>\n<div dir=\"auto\"><\/div>\n<\/div>\n<div class=\"x11i5rnm xat24cr x1mh8g0r x1vvkbs xtlvy1s x126k92a\">\n<div dir=\"auto\">Pal\u00ebt marrin p\u00ebrsip\u00ebr t\u00eb bashk\u00ebpunojn\u00eb p\u00ebr realizimin e nj\u00eb konkursi p\u00ebr skenar\u00eb p\u00ebr filma artistik\u00eb t\u00eb paraqitur nga autor\u00eb shkrimtar\u00eb. N\u00eb funksion t\u00eb k\u00ebtij projekti, do t\u00eb hartohet struktura organizative, e cila do t\u00eb merret me hartimin e procedurave t\u00eb nevojshme, t\u00eb cilat do t\u00eb miratohen nga Ministria e Kultur\u00ebs.<\/div>\n<div dir=\"auto\"><\/div>\n<\/div>\n<div class=\"x11i5rnm xat24cr x1mh8g0r x1vvkbs xtlvy1s x126k92a\">\n<div dir=\"auto\">Pal\u00ebt do t\u00eb organizojn\u00eb aktivitete t\u00eb p\u00ebrbashk\u00ebta, si konferenca, promovime libri, premiera filmash me skenar\u00eb bazuar n\u00eb romane dhe novela shqiptare, t\u00eb cilat do t\u00eb shoq\u00ebrohen me analiza me kritik\u00eb t\u00eb fush\u00ebs, si dhe me pjes\u00ebmarrjen e shkollave, p\u00ebr t\u00eb zhvilluar kultur\u00ebn e frekuentimit t\u00eb kinemave.<\/div>\n<\/div>\n<div dir=\"auto\"><a href=\"https:\/\/qkll.gov.al\/wp-content\/uploads\/2023\/04\/340101773_236696278891638_2195440717551688436_n-1.jpg\"><img decoding=\"async\" class=\"alignleft size-thumbnail wp-image-10131\" src=\"https:\/\/qkll.gov.al\/wp-content\/uploads\/2023\/04\/340101773_236696278891638_2195440717551688436_n-1-150x150.jpg\" alt=\"\" width=\"150\" height=\"150\" \/><\/a><a href=\"https:\/\/qkll.gov.al\/wp-content\/uploads\/2023\/04\/340152429_541315091240756_5716959445208263990_n-1.jpg\"><img decoding=\"async\" class=\"alignleft size-thumbnail wp-image-10133\" src=\"https:\/\/qkll.gov.al\/wp-content\/uploads\/2023\/04\/340152429_541315091240756_5716959445208263990_n-1-150x150.jpg\" alt=\"\" width=\"150\" height=\"150\" \/><\/a> <a href=\"https:\/\/qkll.gov.al\/wp-content\/uploads\/2023\/04\/340258340_235710628980268_430435320136824663_n.jpg\"><img decoding=\"async\" class=\"alignleft size-thumbnail wp-image-10134\" src=\"https:\/\/qkll.gov.al\/wp-content\/uploads\/2023\/04\/340258340_235710628980268_430435320136824663_n-150x150.jpg\" alt=\"\" width=\"150\" height=\"150\" \/><\/a><\/div>\n","protected":false},"excerpt":{"rendered":"<p>Qendra Komb\u00ebtare e Librit dhe Leximit dhe Qendra Komb\u00ebtare e Kinematografis\u00eb n\u00ebnshkruan sot nj\u00eb marr\u00ebveshje bashk\u00ebpunimi, e cila synon t\u00eb rikthej\u00eb v\u00ebmendjen te vlerat m\u00eb t\u00eb mira t\u00eb let\u00ebrsis\u00eb shqipe, si l\u00ebnda e par\u00eb n\u00eb shkrimin e nj\u00eb skenari. Marr\u00ebveshja u n\u00ebnshkrua nga z. Eduart Makri, Kryetar i QKK-s\u00eb dhe znj. Alda Bardhyli, drejtore e &hellip;<\/p>\n","protected":false},"author":1,"featured_media":10134,"comment_status":"closed","ping_status":"closed","sticky":false,"template":"","format":"standard","meta":{"footnotes":""},"categories":[31,39],"tags":[],"class_list":["post-10130","post","type-post","status-publish","format-standard","has-post-thumbnail","hentry","category-aktivitete","category-te-rejat"],"_links":{"self":[{"href":"https:\/\/qkll.gov.al\/index.php?rest_route=\/wp\/v2\/posts\/10130","targetHints":{"allow":["GET"]}}],"collection":[{"href":"https:\/\/qkll.gov.al\/index.php?rest_route=\/wp\/v2\/posts"}],"about":[{"href":"https:\/\/qkll.gov.al\/index.php?rest_route=\/wp\/v2\/types\/post"}],"author":[{"embeddable":true,"href":"https:\/\/qkll.gov.al\/index.php?rest_route=\/wp\/v2\/users\/1"}],"replies":[{"embeddable":true,"href":"https:\/\/qkll.gov.al\/index.php?rest_route=%2Fwp%2Fv2%2Fcomments&post=10130"}],"version-history":[{"count":1,"href":"https:\/\/qkll.gov.al\/index.php?rest_route=\/wp\/v2\/posts\/10130\/revisions"}],"predecessor-version":[{"id":10135,"href":"https:\/\/qkll.gov.al\/index.php?rest_route=\/wp\/v2\/posts\/10130\/revisions\/10135"}],"wp:featuredmedia":[{"embeddable":true,"href":"https:\/\/qkll.gov.al\/index.php?rest_route=\/wp\/v2\/media\/10134"}],"wp:attachment":[{"href":"https:\/\/qkll.gov.al\/index.php?rest_route=%2Fwp%2Fv2%2Fmedia&parent=10130"}],"wp:term":[{"taxonomy":"category","embeddable":true,"href":"https:\/\/qkll.gov.al\/index.php?rest_route=%2Fwp%2Fv2%2Fcategories&post=10130"},{"taxonomy":"post_tag","embeddable":true,"href":"https:\/\/qkll.gov.al\/index.php?rest_route=%2Fwp%2Fv2%2Ftags&post=10130"}],"curies":[{"name":"wp","href":"https:\/\/api.w.org\/{rel}","templated":true}]}}