{"id":10085,"date":"2023-04-02T10:54:01","date_gmt":"2023-04-02T08:54:01","guid":{"rendered":"https:\/\/qkll.gov.al\/?p=10085"},"modified":"2023-04-19T10:50:59","modified_gmt":"2023-04-19T08:50:59","slug":"dita-nderkombetare-e-librit-per-femije-ne-kopshtin-nene-tereza-ne-tirane","status":"publish","type":"post","link":"https:\/\/qkll.gov.al\/?p=10085","title":{"rendered":"Dita Nd\u00ebrkomb\u00ebtare e Librit p\u00ebr F\u00ebmij\u00eb n\u00eb kopshtin &#8220;N\u00ebn\u00eb Tereza&#8221; n\u00eb Tiran\u00eb"},"content":{"rendered":"<div class=\"x11i5rnm xat24cr x1mh8g0r x1vvkbs xdj266r x126k92a\">\n<div dir=\"auto\">2 Prilli \u00ebsht\u00eb Dita Nd\u00ebrkomb\u00ebtare e Librit p\u00ebr F\u00ebmij\u00eb, nj\u00eb fest\u00eb e cila ka p\u00ebr q\u00ebllim zhvillimin e aktiviteteve q\u00eb kan\u00eb lidhje me lexuesit e moshave t\u00eb vogla.<\/div>\n<div dir=\"auto\"><\/div>\n<div dir=\"auto\">P\u00ebr her\u00eb t\u00eb par\u00eb u zhvillua n\u00eb vitin 1967.<\/div>\n<div dir=\"auto\">Festohet n\u00eb k\u00ebt\u00eb dat\u00eb, pasi 2 prilli \u00ebsht\u00eb dit\u00eblindja e shkrimtarit t\u00eb shquar danez p\u00ebr f\u00ebmij\u00eb, Hans Kristian Andersen.<\/div>\n<\/div>\n<div class=\"x11i5rnm xat24cr x1mh8g0r x1vvkbs xtlvy1s x126k92a\">\n<div dir=\"auto\"><\/div>\n<div dir=\"auto\">Vizituam dy dit\u00eb m\u00eb par\u00eb, kopshtin &#8220;N\u00ebn\u00eb Tereza&#8221; n\u00eb Tiran\u00eb dhe i dhuruam bibliotek\u00ebs s\u00eb k\u00ebtij kopshti botimet p\u00ebr f\u00ebmij\u00eb t\u00eb mb\u00ebshtetura nga Qendra Komb\u00ebtare e Librit dhe Leximit.<\/div>\n<\/div>\n<div class=\"x11i5rnm xat24cr x1mh8g0r x1vvkbs xtlvy1s x126k92a\">\n<div dir=\"auto\">Lidhja me librin q\u00eb n\u00eb moshat e vogla \u00ebsht\u00eb themelore p\u00ebr edukimin dhe formimin n\u00eb jet\u00eb.<\/div>\n<div dir=\"auto\">Krahas lodrave, librat duhet t\u00eb jen\u00eb nj\u00eb mjet i r\u00ebnd\u00ebsish\u00ebm n\u00eb programet m\u00ebsimore n\u00eb kopshte.<\/div>\n<\/div>\n<div class=\"x11i5rnm xat24cr x1mh8g0r x1vvkbs xtlvy1s x126k92a\">\n<div dir=\"auto\"><\/div>\n<div dir=\"auto\">Bashk\u00eb me Drejtoresh\u00ebn e kopshtit, Loreta Dervishi, u lexuam f\u00ebmij\u00ebve vjersha dhe p\u00ebrralla nga autor\u00ebt shqiptar\u00eb.<\/div>\n<div dir=\"auto\">\u00c7do vit, QKLL mb\u00ebshtet botimin e tri veprave t\u00eb let\u00ebrsis\u00eb shqipe p\u00ebr f\u00ebmij\u00eb.<\/div>\n<div dir=\"auto\"><a href=\"https:\/\/qkll.gov.al\/wp-content\/uploads\/2023\/04\/338694815_734133128395616_7806483465980894152_n.jpg\"><img decoding=\"async\" class=\"alignleft size-thumbnail wp-image-10086\" src=\"https:\/\/qkll.gov.al\/wp-content\/uploads\/2023\/04\/338694815_734133128395616_7806483465980894152_n-150x150.jpg\" alt=\"\" width=\"150\" height=\"150\" \/><\/a> <a href=\"https:\/\/qkll.gov.al\/wp-content\/uploads\/2023\/04\/338947076_197013016397898_1703431134052558898_n.jpg\"><img decoding=\"async\" class=\"alignleft size-thumbnail wp-image-10087\" src=\"https:\/\/qkll.gov.al\/wp-content\/uploads\/2023\/04\/338947076_197013016397898_1703431134052558898_n-150x150.jpg\" alt=\"\" width=\"150\" height=\"150\" \/><\/a> <a href=\"https:\/\/qkll.gov.al\/wp-content\/uploads\/2023\/04\/339089739_540437938274044_2019412667856997763_n.jpg\"><img decoding=\"async\" class=\"alignleft size-thumbnail wp-image-10088\" src=\"https:\/\/qkll.gov.al\/wp-content\/uploads\/2023\/04\/339089739_540437938274044_2019412667856997763_n-150x150.jpg\" alt=\"\" width=\"150\" height=\"150\" \/><\/a> <a href=\"https:\/\/qkll.gov.al\/wp-content\/uploads\/2023\/04\/339125910_241912064921506_2191344713835670095_n.jpg\"><img loading=\"lazy\" decoding=\"async\" class=\"alignleft size-thumbnail wp-image-10089\" src=\"https:\/\/qkll.gov.al\/wp-content\/uploads\/2023\/04\/339125910_241912064921506_2191344713835670095_n-150x150.jpg\" alt=\"\" width=\"150\" height=\"150\" \/><\/a> <a href=\"https:\/\/qkll.gov.al\/wp-content\/uploads\/2023\/04\/339255010_175088395369497_3444712314089285358_n.jpg\"><img loading=\"lazy\" decoding=\"async\" class=\"alignleft size-thumbnail wp-image-10090\" src=\"https:\/\/qkll.gov.al\/wp-content\/uploads\/2023\/04\/339255010_175088395369497_3444712314089285358_n-150x150.jpg\" alt=\"\" width=\"150\" height=\"150\" \/><\/a> <a href=\"https:\/\/qkll.gov.al\/wp-content\/uploads\/2023\/04\/339435860_3047318552229712_2386306028161233761_n.jpg\"><img loading=\"lazy\" decoding=\"async\" class=\"alignleft size-thumbnail wp-image-10091\" src=\"https:\/\/qkll.gov.al\/wp-content\/uploads\/2023\/04\/339435860_3047318552229712_2386306028161233761_n-150x150.jpg\" alt=\"\" width=\"150\" height=\"150\" \/><\/a> <a href=\"https:\/\/qkll.gov.al\/wp-content\/uploads\/2023\/04\/339486296_759941465803845_6723547288979762541_n.jpg\"><img loading=\"lazy\" decoding=\"async\" class=\"alignleft size-thumbnail wp-image-10092\" src=\"https:\/\/qkll.gov.al\/wp-content\/uploads\/2023\/04\/339486296_759941465803845_6723547288979762541_n-150x150.jpg\" alt=\"\" width=\"150\" height=\"150\" \/><\/a> <a href=\"https:\/\/qkll.gov.al\/wp-content\/uploads\/2023\/04\/339494200_766286211747983_703706621327642958_n.jpg\"><img loading=\"lazy\" decoding=\"async\" class=\"alignleft size-thumbnail wp-image-10093\" src=\"https:\/\/qkll.gov.al\/wp-content\/uploads\/2023\/04\/339494200_766286211747983_703706621327642958_n-150x150.jpg\" alt=\"\" width=\"150\" height=\"150\" \/><\/a> <a href=\"https:\/\/qkll.gov.al\/wp-content\/uploads\/2023\/04\/339565215_471050385155764_3028546782293257479_n.jpg\"><img loading=\"lazy\" decoding=\"async\" class=\"alignleft size-thumbnail wp-image-10094\" src=\"https:\/\/qkll.gov.al\/wp-content\/uploads\/2023\/04\/339565215_471050385155764_3028546782293257479_n-150x150.jpg\" alt=\"\" width=\"150\" height=\"150\" \/><\/a><\/div>\n<\/div>\n","protected":false},"excerpt":{"rendered":"<p>2 Prilli \u00ebsht\u00eb Dita Nd\u00ebrkomb\u00ebtare e Librit p\u00ebr F\u00ebmij\u00eb, nj\u00eb fest\u00eb e cila ka p\u00ebr q\u00ebllim zhvillimin e aktiviteteve q\u00eb kan\u00eb lidhje me lexuesit e moshave t\u00eb vogla. P\u00ebr her\u00eb t\u00eb par\u00eb u zhvillua n\u00eb vitin 1967. Festohet n\u00eb k\u00ebt\u00eb dat\u00eb, pasi 2 prilli \u00ebsht\u00eb dit\u00eblindja e shkrimtarit t\u00eb shquar danez p\u00ebr f\u00ebmij\u00eb, Hans Kristian &hellip;<\/p>\n","protected":false},"author":1,"featured_media":10089,"comment_status":"closed","ping_status":"closed","sticky":false,"template":"","format":"standard","meta":{"footnotes":""},"categories":[31,39],"tags":[],"class_list":["post-10085","post","type-post","status-publish","format-standard","has-post-thumbnail","hentry","category-aktivitete","category-te-rejat"],"_links":{"self":[{"href":"https:\/\/qkll.gov.al\/index.php?rest_route=\/wp\/v2\/posts\/10085","targetHints":{"allow":["GET"]}}],"collection":[{"href":"https:\/\/qkll.gov.al\/index.php?rest_route=\/wp\/v2\/posts"}],"about":[{"href":"https:\/\/qkll.gov.al\/index.php?rest_route=\/wp\/v2\/types\/post"}],"author":[{"embeddable":true,"href":"https:\/\/qkll.gov.al\/index.php?rest_route=\/wp\/v2\/users\/1"}],"replies":[{"embeddable":true,"href":"https:\/\/qkll.gov.al\/index.php?rest_route=%2Fwp%2Fv2%2Fcomments&post=10085"}],"version-history":[{"count":1,"href":"https:\/\/qkll.gov.al\/index.php?rest_route=\/wp\/v2\/posts\/10085\/revisions"}],"predecessor-version":[{"id":10095,"href":"https:\/\/qkll.gov.al\/index.php?rest_route=\/wp\/v2\/posts\/10085\/revisions\/10095"}],"wp:featuredmedia":[{"embeddable":true,"href":"https:\/\/qkll.gov.al\/index.php?rest_route=\/wp\/v2\/media\/10089"}],"wp:attachment":[{"href":"https:\/\/qkll.gov.al\/index.php?rest_route=%2Fwp%2Fv2%2Fmedia&parent=10085"}],"wp:term":[{"taxonomy":"category","embeddable":true,"href":"https:\/\/qkll.gov.al\/index.php?rest_route=%2Fwp%2Fv2%2Fcategories&post=10085"},{"taxonomy":"post_tag","embeddable":true,"href":"https:\/\/qkll.gov.al\/index.php?rest_route=%2Fwp%2Fv2%2Ftags&post=10085"}],"curies":[{"name":"wp","href":"https:\/\/api.w.org\/{rel}","templated":true}]}}